{"id":12989,"date":"2017-02-02T11:07:33","date_gmt":"2017-02-02T10:07:33","guid":{"rendered":"http:\/\/www.sec.mk\/?p=12989&#038;lang=sq"},"modified":"2017-12-31T11:44:20","modified_gmt":"2017-12-31T10:44:20","slug":"shenimi-i-dites-globale-te-zgjedhjeve","status":"publish","type":"post","link":"https:\/\/www.sec.mk\/sq\/shenimi-i-dites-globale-te-zgjedhjeve\/","title":{"rendered":"Sh\u00ebnimi i Dit\u00ebs globale t\u00eb zgjedhjeve"},"content":{"rendered":"<p style=\"text-align: justify;\">Komisioni shtet\u00ebror i zgjedhjeve, me rastin e Dit\u00ebs globle t\u00eb zgjedhjeve q\u00eb mbahet \u00e7do vit n\u00eb dit\u00ebn e ejtes s\u00eb par\u00eb t\u00eb muajit shkurt, realizoi takim pune me p\u00ebrfaq\u00ebsuesit e Asociacionit qytetar MOST.<\/p>\n<p style=\"text-align: justify;\">Takimi ishte n\u00eb kahje p\u00ebr zgj\u00ebrimin e e bashk\u00ebpunimit n\u00eb mes KSHZ-s\u00eb dhe Asociacionit qytetar MOST. Asociacioni qytetar MOST, KSHZ-s\u00eb i dha n\u00eb shfryt\u00ebzim dat\u00ebbaz\u00ebn e vendimeve dhe aktgjykimeve sipas kund\u00ebrshtimeve dhe padive p\u00ebr zgjedhjet, t\u00eb p\u00ebrgaditur nga ana e tyre.<\/p>\n<p>Dat\u00ebbaza \u00ebsht\u00eb e p\u00ebrpunuar n\u00eb form\u00eb veb-faqeje (http:\/\/izborna pravda.mk) e cila i p\u00ebrmban vendimet dhe aktgjykimet n\u00eb form\u00eb t\u00eb dokumenteve n\u00eb pdf format, si dhe t\u00eb dh\u00ebnat themelore p\u00ebr t\u00eb nj\u00ebjtat si psh. N\u00eb cik\u00ebl zgjedhor, lloji i kund\u00ebrshtimit, vendvotimi, vendime sipas kund\u00ebrshtimeve etj. Sipas k\u00eb[tyre kritereve edhe mund t\u00eb k\u00ebrkohet dat\u00ebbaz\u00eb.<\/p>\n<p>Dat\u00ebbaza u p\u00ebrgadit si pjes\u00eb e projektitt ,, Udh\u00ebr\u00ebfyes n\u00eb zgjedhje t\u00eb lira dhe korrekte\u201d t\u00eb cil\u00ebin e zbatoi Asociacioni qytetar MOST e finansuar nga ana e Ambasad\u00ebs s\u00eb Mbret\u00ebris\u00ebs\u00eb Holandeze n\u00eb Republik\u00ebn e Maqedonis\u00eb , Ambasad\u00ebs s\u00eb Britanis\u00eb s\u00eb Madhe n\u00eb Shkup, Instiitutit Nacional Demokratik (NDI) dhe Fondit Nacional p\u00ebr Demokraci (NED).<\/p>\n\n\t\t<style type=\"text\/css\">\n\t\t\t#gallery-1 {\n\t\t\t\tmargin: auto;\n\t\t\t}\n\t\t\t#gallery-1 .gallery-item {\n\t\t\t\tfloat: left;\n\t\t\t\tmargin-top: 10px;\n\t\t\t\ttext-align: center;\n\t\t\t\twidth: 25%;\n\t\t\t}\n\t\t\t#gallery-1 img {\n\t\t\t\tborder: 2px solid #cfcfcf;\n\t\t\t}\n\t\t\t#gallery-1 .gallery-caption {\n\t\t\t\tmargin-left: 0;\n\t\t\t}\n\t\t\t\/* see gallery_shortcode() in wp-includes\/media.php *\/\n\t\t<\/style>\n\t\t<div id='gallery-1' class='gallery galleryid-12989 gallery-columns-4 gallery-size-thumbnail'><dl class='gallery-item'>\n\t\t\t<dt class='gallery-icon landscape'>\n\t\t\t\t<a href='https:\/\/www.sec.mk\/wp-content\/uploads\/2017\/02\/IMG_0388.jpg'><img decoding=\"async\" width=\"80\" height=\"60\" src=\"https:\/\/www.sec.mk\/wp-content\/uploads\/2017\/02\/IMG_0388.jpg\" class=\"attachment-thumbnail size-thumbnail\" alt=\"\" \/><\/a>\n\t\t\t<\/dt><\/dl><dl class='gallery-item'>\n\t\t\t<dt class='gallery-icon landscape'>\n\t\t\t\t<a href='https:\/\/www.sec.mk\/wp-content\/uploads\/2017\/02\/IMG_0376.jpg'><img decoding=\"async\" width=\"80\" height=\"60\" src=\"https:\/\/www.sec.mk\/wp-content\/uploads\/2017\/02\/IMG_0376.jpg\" class=\"attachment-thumbnail size-thumbnail\" alt=\"\" \/><\/a>\n\t\t\t<\/dt><\/dl><dl class='gallery-item'>\n\t\t\t<dt class='gallery-icon landscape'>\n\t\t\t\t<a href='https:\/\/www.sec.mk\/wp-content\/uploads\/2017\/02\/IMG_0423.jpg'><img decoding=\"async\" width=\"80\" height=\"60\" src=\"https:\/\/www.sec.mk\/wp-content\/uploads\/2017\/02\/IMG_0423.jpg\" class=\"attachment-thumbnail size-thumbnail\" alt=\"\" \/><\/a>\n\t\t\t<\/dt><\/dl><dl class='gallery-item'>\n\t\t\t<dt class='gallery-icon landscape'>\n\t\t\t\t<a href='https:\/\/www.sec.mk\/wp-content\/uploads\/2017\/02\/IMG_0392.jpg'><img decoding=\"async\" width=\"80\" height=\"60\" src=\"https:\/\/www.sec.mk\/wp-content\/uploads\/2017\/02\/IMG_0392.jpg\" class=\"attachment-thumbnail size-thumbnail\" alt=\"\" \/><\/a>\n\t\t\t<\/dt><\/dl><br style=\"clear: both\" \/><dl class='gallery-item'>\n\t\t\t<dt class='gallery-icon landscape'>\n\t\t\t\t<a href='https:\/\/www.sec.mk\/wp-content\/uploads\/2017\/02\/IMG_0396.jpg'><img decoding=\"async\" width=\"80\" height=\"60\" src=\"https:\/\/www.sec.mk\/wp-content\/uploads\/2017\/02\/IMG_0396.jpg\" class=\"attachment-thumbnail size-thumbnail\" alt=\"\" \/><\/a>\n\t\t\t<\/dt><\/dl><dl class='gallery-item'>\n\t\t\t<dt class='gallery-icon landscape'>\n\t\t\t\t<a href='https:\/\/www.sec.mk\/wp-content\/uploads\/2017\/02\/IMG_0397.jpg'><img decoding=\"async\" width=\"80\" height=\"60\" src=\"https:\/\/www.sec.mk\/wp-content\/uploads\/2017\/02\/IMG_0397.jpg\" class=\"attachment-thumbnail size-thumbnail\" alt=\"\" \/><\/a>\n\t\t\t<\/dt><\/dl><dl class='gallery-item'>\n\t\t\t<dt class='gallery-icon landscape'>\n\t\t\t\t<a href='https:\/\/www.sec.mk\/wp-content\/uploads\/2017\/02\/IMG_0400.jpg'><img decoding=\"async\" width=\"80\" height=\"60\" src=\"https:\/\/www.sec.mk\/wp-content\/uploads\/2017\/02\/IMG_0400.jpg\" class=\"attachment-thumbnail size-thumbnail\" alt=\"\" \/><\/a>\n\t\t\t<\/dt><\/dl><dl class='gallery-item'>\n\t\t\t<dt class='gallery-icon landscape'>\n\t\t\t\t<a href='https:\/\/www.sec.mk\/wp-content\/uploads\/2017\/02\/IMG_0429.jpg'><img decoding=\"async\" width=\"80\" height=\"60\" src=\"https:\/\/www.sec.mk\/wp-content\/uploads\/2017\/02\/IMG_0429.jpg\" class=\"attachment-thumbnail size-thumbnail\" alt=\"\" \/><\/a>\n\t\t\t<\/dt><\/dl><br style=\"clear: both\" \/>\n\t\t<\/div>\n\n","protected":false},"excerpt":{"rendered":"<p>Komisioni shtet\u00ebror i zgjedhjeve, me rastin e Dit\u00ebs globle t\u00eb zgjedhjeve q\u00eb mbahet \u00e7do vit n\u00eb dit\u00ebn e ejtes s\u00eb par\u00eb t\u00eb muajit shkurt, realizoi takim pune me p\u00ebrfaq\u00ebsuesit e [&hellip;]<\/p>\n","protected":false},"author":3,"featured_media":6947,"comment_status":"closed","ping_status":"closed","sticky":false,"template":"","format":"standard","meta":{"footnotes":""},"categories":[23,34,21],"tags":[],"class_list":["post-12989","post","type-post","status-publish","format-standard","has-post-thumbnail","hentry","category-njoftime","category-posledni-objavi-sq","category-risi"],"yoast_head":"<!-- This site is optimized with the Yoast SEO plugin v26.2 - https:\/\/yoast.com\/wordpress\/plugins\/seo\/ -->\n<title>Sh\u00ebnimi i Dit\u00ebs globale t\u00eb zgjedhjeve - Komisioni Shtet\u00ebror i Zgjedhjeve<\/title>\n<meta name=\"description\" content=\"Komisioni shtet\u00ebror i zgjedhjeve, me rastin e Dit\u00ebs globle t\u00eb zgjedhjeve q\u00eb mbahet \u00e7do vit n\u00eb dit\u00ebn e ejtes s\u00eb par\u00eb t\u00eb muajit shkurt, realizoi takim pune\" \/>\n<meta name=\"robots\" content=\"index, follow, max-snippet:-1, max-image-preview:large, max-video-preview:-1\" \/>\n<link rel=\"canonical\" href=\"https:\/\/www.sec.mk\/sq\/shenimi-i-dites-globale-te-zgjedhjeve\/\" \/>\n<meta property=\"og:locale\" content=\"sq_AL\" \/>\n<meta property=\"og:type\" content=\"article\" \/>\n<meta property=\"og:title\" content=\"Sh\u00ebnimi i Dit\u00ebs globale t\u00eb zgjedhjeve - Komisioni Shtet\u00ebror i Zgjedhjeve\" \/>\n<meta property=\"og:description\" content=\"Komisioni shtet\u00ebror i zgjedhjeve, me rastin e Dit\u00ebs globle t\u00eb zgjedhjeve q\u00eb mbahet \u00e7do vit n\u00eb dit\u00ebn e ejtes s\u00eb par\u00eb t\u00eb muajit shkurt, realizoi takim pune\" \/>\n<meta property=\"og:url\" content=\"https:\/\/www.sec.mk\/sq\/shenimi-i-dites-globale-te-zgjedhjeve\/\" \/>\n<meta property=\"og:site_name\" content=\"Komisioni Shtet\u00ebror i Zgjedhjeve\" \/>\n<meta property=\"article:published_time\" content=\"2017-02-02T10:07:33+00:00\" \/>\n<meta property=\"article:modified_time\" content=\"2017-12-31T10:44:20+00:00\" \/>\n<meta property=\"og:image\" content=\"https:\/\/www.sec.mk\/wp-content\/uploads\/2016\/05\/\u0411\u0435\u043b\u0430-\u0441\u043b\u0438\u043a\u0430-1.png\" \/>\n\t<meta property=\"og:image:width\" content=\"327\" \/>\n\t<meta property=\"og:image:height\" content=\"1\" \/>\n\t<meta property=\"og:image:type\" content=\"image\/png\" \/>\n<meta name=\"author\" content=\"katerina\" \/>\n<meta name=\"twitter:card\" content=\"summary_large_image\" \/>\n<meta name=\"twitter:label1\" content=\"Written by\" \/>\n\t<meta name=\"twitter:data1\" content=\"katerina\" \/>\n\t<meta name=\"twitter:label2\" content=\"Est. reading time\" \/>\n\t<meta name=\"twitter:data2\" content=\"1 minut\u00eb\" \/>\n<script type=\"application\/ld+json\" class=\"yoast-schema-graph\">{\"@context\":\"https:\/\/schema.org\",\"@graph\":[{\"@type\":\"WebPage\",\"@id\":\"https:\/\/www.sec.mk\/sq\/shenimi-i-dites-globale-te-zgjedhjeve\/\",\"url\":\"https:\/\/www.sec.mk\/sq\/shenimi-i-dites-globale-te-zgjedhjeve\/\",\"name\":\"Sh\u00ebnimi i Dit\u00ebs globale t\u00eb zgjedhjeve - Komisioni Shtet\u00ebror i Zgjedhjeve\",\"isPartOf\":{\"@id\":\"https:\/\/www.sec.mk\/#website\"},\"primaryImageOfPage\":{\"@id\":\"https:\/\/www.sec.mk\/sq\/shenimi-i-dites-globale-te-zgjedhjeve\/#primaryimage\"},\"image\":{\"@id\":\"https:\/\/www.sec.mk\/sq\/shenimi-i-dites-globale-te-zgjedhjeve\/#primaryimage\"},\"thumbnailUrl\":\"https:\/\/www.sec.mk\/wp-content\/uploads\/2016\/05\/\u0411\u0435\u043b\u0430-\u0441\u043b\u0438\u043a\u0430-1.png\",\"datePublished\":\"2017-02-02T10:07:33+00:00\",\"dateModified\":\"2017-12-31T10:44:20+00:00\",\"author\":{\"@id\":\"https:\/\/www.sec.mk\/#\/schema\/person\/180b99a95caa0823f543ccc771cbb595\"},\"description\":\"Komisioni shtet\u00ebror i zgjedhjeve, me rastin e Dit\u00ebs globle t\u00eb zgjedhjeve q\u00eb mbahet \u00e7do vit n\u00eb dit\u00ebn e ejtes s\u00eb par\u00eb t\u00eb muajit shkurt, realizoi takim pune\",\"breadcrumb\":{\"@id\":\"https:\/\/www.sec.mk\/sq\/shenimi-i-dites-globale-te-zgjedhjeve\/#breadcrumb\"},\"inLanguage\":\"sq\",\"potentialAction\":[{\"@type\":\"ReadAction\",\"target\":[\"https:\/\/www.sec.mk\/sq\/shenimi-i-dites-globale-te-zgjedhjeve\/\"]}]},{\"@type\":\"ImageObject\",\"inLanguage\":\"sq\",\"@id\":\"https:\/\/www.sec.mk\/sq\/shenimi-i-dites-globale-te-zgjedhjeve\/#primaryimage\",\"url\":\"https:\/\/www.sec.mk\/wp-content\/uploads\/2016\/05\/\u0411\u0435\u043b\u0430-\u0441\u043b\u0438\u043a\u0430-1.png\",\"contentUrl\":\"https:\/\/www.sec.mk\/wp-content\/uploads\/2016\/05\/\u0411\u0435\u043b\u0430-\u0441\u043b\u0438\u043a\u0430-1.png\",\"width\":327,\"height\":1},{\"@type\":\"BreadcrumbList\",\"@id\":\"https:\/\/www.sec.mk\/sq\/shenimi-i-dites-globale-te-zgjedhjeve\/#breadcrumb\",\"itemListElement\":[{\"@type\":\"ListItem\",\"position\":1,\"name\":\"Home\",\"item\":\"https:\/\/www.sec.mk\/sq\/home-alb\/\"},{\"@type\":\"ListItem\",\"position\":2,\"name\":\"Sh\u00ebnimi i Dit\u00ebs globale t\u00eb zgjedhjeve\"}]},{\"@type\":\"WebSite\",\"@id\":\"https:\/\/www.sec.mk\/#website\",\"url\":\"https:\/\/www.sec.mk\/\",\"name\":\"Komisioni Shtet\u00ebror i Zgjedhjeve\",\"description\":\"\",\"potentialAction\":[{\"@type\":\"SearchAction\",\"target\":{\"@type\":\"EntryPoint\",\"urlTemplate\":\"https:\/\/www.sec.mk\/?s={search_term_string}\"},\"query-input\":{\"@type\":\"PropertyValueSpecification\",\"valueRequired\":true,\"valueName\":\"search_term_string\"}}],\"inLanguage\":\"sq\"},{\"@type\":\"Person\",\"@id\":\"https:\/\/www.sec.mk\/#\/schema\/person\/180b99a95caa0823f543ccc771cbb595\",\"name\":\"katerina\",\"image\":{\"@type\":\"ImageObject\",\"inLanguage\":\"sq\",\"@id\":\"https:\/\/www.sec.mk\/#\/schema\/person\/image\/\",\"url\":\"https:\/\/secure.gravatar.com\/avatar\/5cfc365f3132e14b477e0c3cf8010efa73d2d91b0ee4adf8fa2429ddecf4a541?s=96&d=mm&r=g\",\"contentUrl\":\"https:\/\/secure.gravatar.com\/avatar\/5cfc365f3132e14b477e0c3cf8010efa73d2d91b0ee4adf8fa2429ddecf4a541?s=96&d=mm&r=g\",\"caption\":\"katerina\"}}]}<\/script>\n<!-- \/ Yoast SEO plugin. -->","yoast_head_json":{"title":"Sh\u00ebnimi i Dit\u00ebs globale t\u00eb zgjedhjeve - Komisioni Shtet\u00ebror i Zgjedhjeve","description":"Komisioni shtet\u00ebror i zgjedhjeve, me rastin e Dit\u00ebs globle t\u00eb zgjedhjeve q\u00eb mbahet \u00e7do vit n\u00eb dit\u00ebn e ejtes s\u00eb par\u00eb t\u00eb muajit shkurt, realizoi takim pune","robots":{"index":"index","follow":"follow","max-snippet":"max-snippet:-1","max-image-preview":"max-image-preview:large","max-video-preview":"max-video-preview:-1"},"canonical":"https:\/\/www.sec.mk\/sq\/shenimi-i-dites-globale-te-zgjedhjeve\/","og_locale":"sq_AL","og_type":"article","og_title":"Sh\u00ebnimi i Dit\u00ebs globale t\u00eb zgjedhjeve - Komisioni Shtet\u00ebror i Zgjedhjeve","og_description":"Komisioni shtet\u00ebror i zgjedhjeve, me rastin e Dit\u00ebs globle t\u00eb zgjedhjeve q\u00eb mbahet \u00e7do vit n\u00eb dit\u00ebn e ejtes s\u00eb par\u00eb t\u00eb muajit shkurt, realizoi takim pune","og_url":"https:\/\/www.sec.mk\/sq\/shenimi-i-dites-globale-te-zgjedhjeve\/","og_site_name":"Komisioni Shtet\u00ebror i Zgjedhjeve","article_published_time":"2017-02-02T10:07:33+00:00","article_modified_time":"2017-12-31T10:44:20+00:00","og_image":[{"width":327,"height":1,"url":"https:\/\/www.sec.mk\/wp-content\/uploads\/2016\/05\/\u0411\u0435\u043b\u0430-\u0441\u043b\u0438\u043a\u0430-1.png","type":"image\/png"}],"author":"katerina","twitter_card":"summary_large_image","twitter_misc":{"Written by":"katerina","Est. reading time":"1 minut\u00eb"},"schema":{"@context":"https:\/\/schema.org","@graph":[{"@type":"WebPage","@id":"https:\/\/www.sec.mk\/sq\/shenimi-i-dites-globale-te-zgjedhjeve\/","url":"https:\/\/www.sec.mk\/sq\/shenimi-i-dites-globale-te-zgjedhjeve\/","name":"Sh\u00ebnimi i Dit\u00ebs globale t\u00eb zgjedhjeve - Komisioni Shtet\u00ebror i Zgjedhjeve","isPartOf":{"@id":"https:\/\/www.sec.mk\/#website"},"primaryImageOfPage":{"@id":"https:\/\/www.sec.mk\/sq\/shenimi-i-dites-globale-te-zgjedhjeve\/#primaryimage"},"image":{"@id":"https:\/\/www.sec.mk\/sq\/shenimi-i-dites-globale-te-zgjedhjeve\/#primaryimage"},"thumbnailUrl":"https:\/\/www.sec.mk\/wp-content\/uploads\/2016\/05\/\u0411\u0435\u043b\u0430-\u0441\u043b\u0438\u043a\u0430-1.png","datePublished":"2017-02-02T10:07:33+00:00","dateModified":"2017-12-31T10:44:20+00:00","author":{"@id":"https:\/\/www.sec.mk\/#\/schema\/person\/180b99a95caa0823f543ccc771cbb595"},"description":"Komisioni shtet\u00ebror i zgjedhjeve, me rastin e Dit\u00ebs globle t\u00eb zgjedhjeve q\u00eb mbahet \u00e7do vit n\u00eb dit\u00ebn e ejtes s\u00eb par\u00eb t\u00eb muajit shkurt, realizoi takim pune","breadcrumb":{"@id":"https:\/\/www.sec.mk\/sq\/shenimi-i-dites-globale-te-zgjedhjeve\/#breadcrumb"},"inLanguage":"sq","potentialAction":[{"@type":"ReadAction","target":["https:\/\/www.sec.mk\/sq\/shenimi-i-dites-globale-te-zgjedhjeve\/"]}]},{"@type":"ImageObject","inLanguage":"sq","@id":"https:\/\/www.sec.mk\/sq\/shenimi-i-dites-globale-te-zgjedhjeve\/#primaryimage","url":"https:\/\/www.sec.mk\/wp-content\/uploads\/2016\/05\/\u0411\u0435\u043b\u0430-\u0441\u043b\u0438\u043a\u0430-1.png","contentUrl":"https:\/\/www.sec.mk\/wp-content\/uploads\/2016\/05\/\u0411\u0435\u043b\u0430-\u0441\u043b\u0438\u043a\u0430-1.png","width":327,"height":1},{"@type":"BreadcrumbList","@id":"https:\/\/www.sec.mk\/sq\/shenimi-i-dites-globale-te-zgjedhjeve\/#breadcrumb","itemListElement":[{"@type":"ListItem","position":1,"name":"Home","item":"https:\/\/www.sec.mk\/sq\/home-alb\/"},{"@type":"ListItem","position":2,"name":"Sh\u00ebnimi i Dit\u00ebs globale t\u00eb zgjedhjeve"}]},{"@type":"WebSite","@id":"https:\/\/www.sec.mk\/#website","url":"https:\/\/www.sec.mk\/","name":"Komisioni Shtet\u00ebror i Zgjedhjeve","description":"","potentialAction":[{"@type":"SearchAction","target":{"@type":"EntryPoint","urlTemplate":"https:\/\/www.sec.mk\/?s={search_term_string}"},"query-input":{"@type":"PropertyValueSpecification","valueRequired":true,"valueName":"search_term_string"}}],"inLanguage":"sq"},{"@type":"Person","@id":"https:\/\/www.sec.mk\/#\/schema\/person\/180b99a95caa0823f543ccc771cbb595","name":"katerina","image":{"@type":"ImageObject","inLanguage":"sq","@id":"https:\/\/www.sec.mk\/#\/schema\/person\/image\/","url":"https:\/\/secure.gravatar.com\/avatar\/5cfc365f3132e14b477e0c3cf8010efa73d2d91b0ee4adf8fa2429ddecf4a541?s=96&d=mm&r=g","contentUrl":"https:\/\/secure.gravatar.com\/avatar\/5cfc365f3132e14b477e0c3cf8010efa73d2d91b0ee4adf8fa2429ddecf4a541?s=96&d=mm&r=g","caption":"katerina"}}]}},"_links":{"self":[{"href":"https:\/\/www.sec.mk\/sq\/wp-json\/wp\/v2\/posts\/12989","targetHints":{"allow":["GET"]}}],"collection":[{"href":"https:\/\/www.sec.mk\/sq\/wp-json\/wp\/v2\/posts"}],"about":[{"href":"https:\/\/www.sec.mk\/sq\/wp-json\/wp\/v2\/types\/post"}],"author":[{"embeddable":true,"href":"https:\/\/www.sec.mk\/sq\/wp-json\/wp\/v2\/users\/3"}],"replies":[{"embeddable":true,"href":"https:\/\/www.sec.mk\/sq\/wp-json\/wp\/v2\/comments?post=12989"}],"version-history":[{"count":0,"href":"https:\/\/www.sec.mk\/sq\/wp-json\/wp\/v2\/posts\/12989\/revisions"}],"wp:featuredmedia":[{"embeddable":true,"href":"https:\/\/www.sec.mk\/sq\/wp-json\/wp\/v2\/media\/6947"}],"wp:attachment":[{"href":"https:\/\/www.sec.mk\/sq\/wp-json\/wp\/v2\/media?parent=12989"}],"wp:term":[{"taxonomy":"category","embeddable":true,"href":"https:\/\/www.sec.mk\/sq\/wp-json\/wp\/v2\/categories?post=12989"},{"taxonomy":"post_tag","embeddable":true,"href":"https:\/\/www.sec.mk\/sq\/wp-json\/wp\/v2\/tags?post=12989"}],"curies":[{"name":"wp","href":"https:\/\/api.w.org\/{rel}","templated":true}]}}