{"id":14812,"date":"2017-10-03T10:42:01","date_gmt":"2017-10-03T09:42:01","guid":{"rendered":"http:\/\/www.sec.mk\/?p=14812&#038;lang=sq"},"modified":"2017-12-31T11:43:46","modified_gmt":"2017-12-31T10:43:46","slug":"vendim-per-hapjen-e-zyrave-te-komisionit-shteteror-te-zgjedhjeve-15-10-2017","status":"publish","type":"post","link":"https:\/\/www.sec.mk\/sq\/vendim-per-hapjen-e-zyrave-te-komisionit-shteteror-te-zgjedhjeve-15-10-2017\/","title":{"rendered":"Vendim p\u00ebr hapjen e zyrave t\u00eb Komisionit Shtet\u00ebror t\u00eb Zgjedhjeve 15.10.2017"},"content":{"rendered":"<p style=\"text-align: justify;\">N\u00eb pajtim me nenin 66 t\u00eb Rregullores s\u00eb Komisionit Shtet\u00ebror t\u00eb Zgjedhjeve nr. 01-1322 \/ 1 t\u00eb dat\u00ebs 06.07.2017 dhe nenit 49 paragrafi 1 t\u00eb Kodit zgjedhor (\u201cGazeta Zyrtare e Republik\u00ebs s\u00eb Maqedonis\u00eb\u201d, nr. 40\/06, 136\/08, 148\/08, 155\/08, 163\/08, 44\/11, 51\/11, 54\/11, 142\/12, 31\/13, 34\/13, 14\/14, 30\/14, 196\/15, 35\/16, 97\/16, 99\/16, 136\/16, 142\/16 dhe 67\/17), Komisioni Shtet\u00ebror i Zgjedhjeve, n\u00eb seanc\u00ebn nr. 128 e mbajtur m\u00eb 19.08.2017, solli<\/p>\n<p style=\"text-align: center;\"><strong>VENDIM<br \/>\n<\/strong><strong>p\u00ebr hapjen e zyrave t\u00eb Komisionit Shtet\u00ebror t\u00eb Zgjedhjeve n\u00eb selin\u00eb e nj\u00ebsive t\u00eb<br \/>\nvet\u00ebqeverisjes lokale ku do t\u00eb kryhet inspektimi publik n\u00eb List<\/strong><strong>\u00ebn e zgjedh\u00ebsve<\/strong><strong> dhe do t\u00eb<br \/>\ngrumbullohen n\u00ebnshkrimet p\u00ebr listat e kandidat\u00ebve t\u00eb propozuar nga nj\u00eb grup<br \/>\nzgjedh<\/strong><strong>\u00ebsish<\/strong><strong> n\u00eb Zgjedhjet lokale q\u00eb do t\u00eb mbahen m\u00eb 15.10.2017<\/strong><\/p>\n<p style=\"text-align: center;\"><strong>Neni 1<\/strong><\/p>\n<p style=\"text-align: justify;\">P\u00ebr shkak t\u00eb kryerjes s\u00eb inspektimit publik n\u00eb List\u00ebn e zgjedh\u00ebsve dhe p\u00ebr grumbullimin e n\u00ebnshkrimeve p\u00ebr listat e kandidat\u00ebve t\u00eb propozuar nga nj\u00eb grup zgjedh\u00ebsish, p\u00ebr Zgjedhjet lokale q\u00eb do t\u00eb mbahen m\u00eb 15.10.2017, Komisioni Shtet\u00ebror i Zgjedhjeve do t\u00eb hap\u00eb zyra shtes\u00eb n\u00eb nj\u00ebsit\u00eb e vet\u00ebqeverisjes lokale, ku nuk ka zyra apo seksione t\u00eb saj rajonale&#8230;<strong><a href=\"https:\/\/drive.google.com\/open?id=0B8ZpCwro9h-zckZXNmkyTno2ekk\" target=\"_blank\">(m\u00eb shum\u00eb)<\/a><\/strong><\/p>\n","protected":false},"excerpt":{"rendered":"<p>N\u00eb pajtim me nenin 66 t\u00eb Rregullores s\u00eb Komisionit Shtet\u00ebror t\u00eb Zgjedhjeve nr. 01-1322 \/ 1 t\u00eb dat\u00ebs 06.07.2017 dhe nenit 49 paragrafi 1 t\u00eb Kodit zgjedhor (\u201cGazeta Zyrtare e [&hellip;]<\/p>\n","protected":false},"author":3,"featured_media":6947,"comment_status":"closed","ping_status":"closed","sticky":false,"template":"","format":"standard","meta":{"footnotes":""},"categories":[34,21],"tags":[],"class_list":["post-14812","post","type-post","status-publish","format-standard","has-post-thumbnail","hentry","category-posledni-objavi-sq","category-risi"],"yoast_head":"<!-- This site is optimized with the Yoast SEO plugin v26.2 - https:\/\/yoast.com\/wordpress\/plugins\/seo\/ -->\n<title>Vendim p\u00ebr hapjen e zyrave t\u00eb Komisionit Shtet\u00ebror t\u00eb Zgjedhjeve 15.10.2017 - Komisioni Shtet\u00ebror i Zgjedhjeve<\/title>\n<meta name=\"description\" content=\"N\u00eb pajtim me nenin 66 t\u00eb Rregullores s\u00eb Komisionit Shtet\u00ebror t\u00eb Zgjedhjeve nr. 01-1322 \/ 1 t\u00eb dat\u00ebs 06.07.2017 dhe nenit 49 paragrafi 1 t\u00eb Kodit zgjedhor\" \/>\n<meta name=\"robots\" content=\"index, follow, max-snippet:-1, max-image-preview:large, max-video-preview:-1\" \/>\n<link rel=\"canonical\" href=\"https:\/\/www.sec.mk\/sq\/vendim-per-hapjen-e-zyrave-te-komisionit-shteteror-te-zgjedhjeve-15-10-2017\/\" \/>\n<meta property=\"og:locale\" content=\"sq_AL\" \/>\n<meta property=\"og:type\" content=\"article\" \/>\n<meta property=\"og:title\" content=\"Vendim p\u00ebr hapjen e zyrave t\u00eb Komisionit Shtet\u00ebror t\u00eb Zgjedhjeve 15.10.2017 - Komisioni Shtet\u00ebror i Zgjedhjeve\" \/>\n<meta property=\"og:description\" content=\"N\u00eb pajtim me nenin 66 t\u00eb Rregullores s\u00eb Komisionit Shtet\u00ebror t\u00eb Zgjedhjeve nr. 01-1322 \/ 1 t\u00eb dat\u00ebs 06.07.2017 dhe nenit 49 paragrafi 1 t\u00eb Kodit zgjedhor\" \/>\n<meta property=\"og:url\" content=\"https:\/\/www.sec.mk\/sq\/vendim-per-hapjen-e-zyrave-te-komisionit-shteteror-te-zgjedhjeve-15-10-2017\/\" \/>\n<meta property=\"og:site_name\" content=\"Komisioni Shtet\u00ebror i Zgjedhjeve\" \/>\n<meta property=\"article:published_time\" content=\"2017-10-03T09:42:01+00:00\" \/>\n<meta property=\"article:modified_time\" content=\"2017-12-31T10:43:46+00:00\" \/>\n<meta property=\"og:image\" content=\"https:\/\/www.sec.mk\/wp-content\/uploads\/2016\/05\/\u0411\u0435\u043b\u0430-\u0441\u043b\u0438\u043a\u0430-1.png\" \/>\n\t<meta property=\"og:image:width\" content=\"327\" \/>\n\t<meta property=\"og:image:height\" content=\"1\" \/>\n\t<meta property=\"og:image:type\" content=\"image\/png\" \/>\n<meta name=\"author\" content=\"katerina\" \/>\n<meta name=\"twitter:card\" content=\"summary_large_image\" \/>\n<meta name=\"twitter:label1\" content=\"Written by\" \/>\n\t<meta name=\"twitter:data1\" content=\"katerina\" \/>\n\t<meta name=\"twitter:label2\" content=\"Est. reading time\" \/>\n\t<meta name=\"twitter:data2\" content=\"1 minut\u00eb\" \/>\n<script type=\"application\/ld+json\" class=\"yoast-schema-graph\">{\"@context\":\"https:\/\/schema.org\",\"@graph\":[{\"@type\":\"WebPage\",\"@id\":\"https:\/\/www.sec.mk\/sq\/vendim-per-hapjen-e-zyrave-te-komisionit-shteteror-te-zgjedhjeve-15-10-2017\/\",\"url\":\"https:\/\/www.sec.mk\/sq\/vendim-per-hapjen-e-zyrave-te-komisionit-shteteror-te-zgjedhjeve-15-10-2017\/\",\"name\":\"Vendim p\u00ebr hapjen e zyrave t\u00eb Komisionit Shtet\u00ebror t\u00eb Zgjedhjeve 15.10.2017 - Komisioni Shtet\u00ebror i Zgjedhjeve\",\"isPartOf\":{\"@id\":\"https:\/\/www.sec.mk\/#website\"},\"primaryImageOfPage\":{\"@id\":\"https:\/\/www.sec.mk\/sq\/vendim-per-hapjen-e-zyrave-te-komisionit-shteteror-te-zgjedhjeve-15-10-2017\/#primaryimage\"},\"image\":{\"@id\":\"https:\/\/www.sec.mk\/sq\/vendim-per-hapjen-e-zyrave-te-komisionit-shteteror-te-zgjedhjeve-15-10-2017\/#primaryimage\"},\"thumbnailUrl\":\"https:\/\/www.sec.mk\/wp-content\/uploads\/2016\/05\/\u0411\u0435\u043b\u0430-\u0441\u043b\u0438\u043a\u0430-1.png\",\"datePublished\":\"2017-10-03T09:42:01+00:00\",\"dateModified\":\"2017-12-31T10:43:46+00:00\",\"author\":{\"@id\":\"https:\/\/www.sec.mk\/#\/schema\/person\/180b99a95caa0823f543ccc771cbb595\"},\"description\":\"N\u00eb pajtim me nenin 66 t\u00eb Rregullores s\u00eb Komisionit Shtet\u00ebror t\u00eb Zgjedhjeve nr. 01-1322 \/ 1 t\u00eb dat\u00ebs 06.07.2017 dhe nenit 49 paragrafi 1 t\u00eb Kodit zgjedhor\",\"breadcrumb\":{\"@id\":\"https:\/\/www.sec.mk\/sq\/vendim-per-hapjen-e-zyrave-te-komisionit-shteteror-te-zgjedhjeve-15-10-2017\/#breadcrumb\"},\"inLanguage\":\"sq\",\"potentialAction\":[{\"@type\":\"ReadAction\",\"target\":[\"https:\/\/www.sec.mk\/sq\/vendim-per-hapjen-e-zyrave-te-komisionit-shteteror-te-zgjedhjeve-15-10-2017\/\"]}]},{\"@type\":\"ImageObject\",\"inLanguage\":\"sq\",\"@id\":\"https:\/\/www.sec.mk\/sq\/vendim-per-hapjen-e-zyrave-te-komisionit-shteteror-te-zgjedhjeve-15-10-2017\/#primaryimage\",\"url\":\"https:\/\/www.sec.mk\/wp-content\/uploads\/2016\/05\/\u0411\u0435\u043b\u0430-\u0441\u043b\u0438\u043a\u0430-1.png\",\"contentUrl\":\"https:\/\/www.sec.mk\/wp-content\/uploads\/2016\/05\/\u0411\u0435\u043b\u0430-\u0441\u043b\u0438\u043a\u0430-1.png\",\"width\":327,\"height\":1},{\"@type\":\"BreadcrumbList\",\"@id\":\"https:\/\/www.sec.mk\/sq\/vendim-per-hapjen-e-zyrave-te-komisionit-shteteror-te-zgjedhjeve-15-10-2017\/#breadcrumb\",\"itemListElement\":[{\"@type\":\"ListItem\",\"position\":1,\"name\":\"Home\",\"item\":\"https:\/\/www.sec.mk\/sq\/home-alb\/\"},{\"@type\":\"ListItem\",\"position\":2,\"name\":\"Vendim p\u00ebr hapjen e zyrave t\u00eb Komisionit Shtet\u00ebror t\u00eb Zgjedhjeve 15.10.2017\"}]},{\"@type\":\"WebSite\",\"@id\":\"https:\/\/www.sec.mk\/#website\",\"url\":\"https:\/\/www.sec.mk\/\",\"name\":\"Komisioni Shtet\u00ebror i Zgjedhjeve\",\"description\":\"\",\"potentialAction\":[{\"@type\":\"SearchAction\",\"target\":{\"@type\":\"EntryPoint\",\"urlTemplate\":\"https:\/\/www.sec.mk\/?s={search_term_string}\"},\"query-input\":{\"@type\":\"PropertyValueSpecification\",\"valueRequired\":true,\"valueName\":\"search_term_string\"}}],\"inLanguage\":\"sq\"},{\"@type\":\"Person\",\"@id\":\"https:\/\/www.sec.mk\/#\/schema\/person\/180b99a95caa0823f543ccc771cbb595\",\"name\":\"katerina\",\"image\":{\"@type\":\"ImageObject\",\"inLanguage\":\"sq\",\"@id\":\"https:\/\/www.sec.mk\/#\/schema\/person\/image\/\",\"url\":\"https:\/\/secure.gravatar.com\/avatar\/5cfc365f3132e14b477e0c3cf8010efa73d2d91b0ee4adf8fa2429ddecf4a541?s=96&d=mm&r=g\",\"contentUrl\":\"https:\/\/secure.gravatar.com\/avatar\/5cfc365f3132e14b477e0c3cf8010efa73d2d91b0ee4adf8fa2429ddecf4a541?s=96&d=mm&r=g\",\"caption\":\"katerina\"}}]}<\/script>\n<!-- \/ Yoast SEO plugin. -->","yoast_head_json":{"title":"Vendim p\u00ebr hapjen e zyrave t\u00eb Komisionit Shtet\u00ebror t\u00eb Zgjedhjeve 15.10.2017 - Komisioni Shtet\u00ebror i Zgjedhjeve","description":"N\u00eb pajtim me nenin 66 t\u00eb Rregullores s\u00eb Komisionit Shtet\u00ebror t\u00eb Zgjedhjeve nr. 01-1322 \/ 1 t\u00eb dat\u00ebs 06.07.2017 dhe nenit 49 paragrafi 1 t\u00eb Kodit zgjedhor","robots":{"index":"index","follow":"follow","max-snippet":"max-snippet:-1","max-image-preview":"max-image-preview:large","max-video-preview":"max-video-preview:-1"},"canonical":"https:\/\/www.sec.mk\/sq\/vendim-per-hapjen-e-zyrave-te-komisionit-shteteror-te-zgjedhjeve-15-10-2017\/","og_locale":"sq_AL","og_type":"article","og_title":"Vendim p\u00ebr hapjen e zyrave t\u00eb Komisionit Shtet\u00ebror t\u00eb Zgjedhjeve 15.10.2017 - Komisioni Shtet\u00ebror i Zgjedhjeve","og_description":"N\u00eb pajtim me nenin 66 t\u00eb Rregullores s\u00eb Komisionit Shtet\u00ebror t\u00eb Zgjedhjeve nr. 01-1322 \/ 1 t\u00eb dat\u00ebs 06.07.2017 dhe nenit 49 paragrafi 1 t\u00eb Kodit zgjedhor","og_url":"https:\/\/www.sec.mk\/sq\/vendim-per-hapjen-e-zyrave-te-komisionit-shteteror-te-zgjedhjeve-15-10-2017\/","og_site_name":"Komisioni Shtet\u00ebror i Zgjedhjeve","article_published_time":"2017-10-03T09:42:01+00:00","article_modified_time":"2017-12-31T10:43:46+00:00","og_image":[{"width":327,"height":1,"url":"https:\/\/www.sec.mk\/wp-content\/uploads\/2016\/05\/\u0411\u0435\u043b\u0430-\u0441\u043b\u0438\u043a\u0430-1.png","type":"image\/png"}],"author":"katerina","twitter_card":"summary_large_image","twitter_misc":{"Written by":"katerina","Est. reading time":"1 minut\u00eb"},"schema":{"@context":"https:\/\/schema.org","@graph":[{"@type":"WebPage","@id":"https:\/\/www.sec.mk\/sq\/vendim-per-hapjen-e-zyrave-te-komisionit-shteteror-te-zgjedhjeve-15-10-2017\/","url":"https:\/\/www.sec.mk\/sq\/vendim-per-hapjen-e-zyrave-te-komisionit-shteteror-te-zgjedhjeve-15-10-2017\/","name":"Vendim p\u00ebr hapjen e zyrave t\u00eb Komisionit Shtet\u00ebror t\u00eb Zgjedhjeve 15.10.2017 - Komisioni Shtet\u00ebror i Zgjedhjeve","isPartOf":{"@id":"https:\/\/www.sec.mk\/#website"},"primaryImageOfPage":{"@id":"https:\/\/www.sec.mk\/sq\/vendim-per-hapjen-e-zyrave-te-komisionit-shteteror-te-zgjedhjeve-15-10-2017\/#primaryimage"},"image":{"@id":"https:\/\/www.sec.mk\/sq\/vendim-per-hapjen-e-zyrave-te-komisionit-shteteror-te-zgjedhjeve-15-10-2017\/#primaryimage"},"thumbnailUrl":"https:\/\/www.sec.mk\/wp-content\/uploads\/2016\/05\/\u0411\u0435\u043b\u0430-\u0441\u043b\u0438\u043a\u0430-1.png","datePublished":"2017-10-03T09:42:01+00:00","dateModified":"2017-12-31T10:43:46+00:00","author":{"@id":"https:\/\/www.sec.mk\/#\/schema\/person\/180b99a95caa0823f543ccc771cbb595"},"description":"N\u00eb pajtim me nenin 66 t\u00eb Rregullores s\u00eb Komisionit Shtet\u00ebror t\u00eb Zgjedhjeve nr. 01-1322 \/ 1 t\u00eb dat\u00ebs 06.07.2017 dhe nenit 49 paragrafi 1 t\u00eb Kodit zgjedhor","breadcrumb":{"@id":"https:\/\/www.sec.mk\/sq\/vendim-per-hapjen-e-zyrave-te-komisionit-shteteror-te-zgjedhjeve-15-10-2017\/#breadcrumb"},"inLanguage":"sq","potentialAction":[{"@type":"ReadAction","target":["https:\/\/www.sec.mk\/sq\/vendim-per-hapjen-e-zyrave-te-komisionit-shteteror-te-zgjedhjeve-15-10-2017\/"]}]},{"@type":"ImageObject","inLanguage":"sq","@id":"https:\/\/www.sec.mk\/sq\/vendim-per-hapjen-e-zyrave-te-komisionit-shteteror-te-zgjedhjeve-15-10-2017\/#primaryimage","url":"https:\/\/www.sec.mk\/wp-content\/uploads\/2016\/05\/\u0411\u0435\u043b\u0430-\u0441\u043b\u0438\u043a\u0430-1.png","contentUrl":"https:\/\/www.sec.mk\/wp-content\/uploads\/2016\/05\/\u0411\u0435\u043b\u0430-\u0441\u043b\u0438\u043a\u0430-1.png","width":327,"height":1},{"@type":"BreadcrumbList","@id":"https:\/\/www.sec.mk\/sq\/vendim-per-hapjen-e-zyrave-te-komisionit-shteteror-te-zgjedhjeve-15-10-2017\/#breadcrumb","itemListElement":[{"@type":"ListItem","position":1,"name":"Home","item":"https:\/\/www.sec.mk\/sq\/home-alb\/"},{"@type":"ListItem","position":2,"name":"Vendim p\u00ebr hapjen e zyrave t\u00eb Komisionit Shtet\u00ebror t\u00eb Zgjedhjeve 15.10.2017"}]},{"@type":"WebSite","@id":"https:\/\/www.sec.mk\/#website","url":"https:\/\/www.sec.mk\/","name":"Komisioni Shtet\u00ebror i Zgjedhjeve","description":"","potentialAction":[{"@type":"SearchAction","target":{"@type":"EntryPoint","urlTemplate":"https:\/\/www.sec.mk\/?s={search_term_string}"},"query-input":{"@type":"PropertyValueSpecification","valueRequired":true,"valueName":"search_term_string"}}],"inLanguage":"sq"},{"@type":"Person","@id":"https:\/\/www.sec.mk\/#\/schema\/person\/180b99a95caa0823f543ccc771cbb595","name":"katerina","image":{"@type":"ImageObject","inLanguage":"sq","@id":"https:\/\/www.sec.mk\/#\/schema\/person\/image\/","url":"https:\/\/secure.gravatar.com\/avatar\/5cfc365f3132e14b477e0c3cf8010efa73d2d91b0ee4adf8fa2429ddecf4a541?s=96&d=mm&r=g","contentUrl":"https:\/\/secure.gravatar.com\/avatar\/5cfc365f3132e14b477e0c3cf8010efa73d2d91b0ee4adf8fa2429ddecf4a541?s=96&d=mm&r=g","caption":"katerina"}}]}},"_links":{"self":[{"href":"https:\/\/www.sec.mk\/sq\/wp-json\/wp\/v2\/posts\/14812","targetHints":{"allow":["GET"]}}],"collection":[{"href":"https:\/\/www.sec.mk\/sq\/wp-json\/wp\/v2\/posts"}],"about":[{"href":"https:\/\/www.sec.mk\/sq\/wp-json\/wp\/v2\/types\/post"}],"author":[{"embeddable":true,"href":"https:\/\/www.sec.mk\/sq\/wp-json\/wp\/v2\/users\/3"}],"replies":[{"embeddable":true,"href":"https:\/\/www.sec.mk\/sq\/wp-json\/wp\/v2\/comments?post=14812"}],"version-history":[{"count":0,"href":"https:\/\/www.sec.mk\/sq\/wp-json\/wp\/v2\/posts\/14812\/revisions"}],"wp:featuredmedia":[{"embeddable":true,"href":"https:\/\/www.sec.mk\/sq\/wp-json\/wp\/v2\/media\/6947"}],"wp:attachment":[{"href":"https:\/\/www.sec.mk\/sq\/wp-json\/wp\/v2\/media?parent=14812"}],"wp:term":[{"taxonomy":"category","embeddable":true,"href":"https:\/\/www.sec.mk\/sq\/wp-json\/wp\/v2\/categories?post=14812"},{"taxonomy":"post_tag","embeddable":true,"href":"https:\/\/www.sec.mk\/sq\/wp-json\/wp\/v2\/tags?post=14812"}],"curies":[{"name":"wp","href":"https:\/\/api.w.org\/{rel}","templated":true}]}}