{"id":14851,"date":"2017-10-03T12:17:59","date_gmt":"2017-10-03T11:17:59","guid":{"rendered":"http:\/\/www.sec.mk\/?p=14851&#038;lang=sq"},"modified":"2017-12-31T11:43:46","modified_gmt":"2017-12-31T10:43:46","slug":"njoftim-per-udhezimet-per-veprim-te-kkz-se-05-09-2017","status":"publish","type":"post","link":"https:\/\/www.sec.mk\/sq\/njoftim-per-udhezimet-per-veprim-te-kkz-se-05-09-2017\/","title":{"rendered":"Njoftim p\u00ebr udh\u00ebzimet p\u00ebr veprim t\u00eb KKZ-s\u00eb 05.09.2017"},"content":{"rendered":"<p style=\"text-align: justify;\"><strong>L\u00ebnda: Njoftim p\u00ebr udh\u00ebzimet p\u00ebr veprim<\/strong><\/p>\n<p style=\"text-align: justify;\">Komisioni Shtet\u00ebror i Zgjedhjeve m\u00eb 4 shtator 2017, duke vendosur pas akteve t\u00eb marra nga komisionet komunale t\u00eb zgjedhjeve, ka miratuar udh\u00ebzimet e m\u00ebposhtme p\u00ebr veprim:<\/p>\n<p style=\"text-align: justify;\">1. Komisionet komunale t\u00eb zgjedhjeve t\u2019i pranojn\u00eb k\u00ebrkesat e parashtruara personale p\u00ebr shkarkim nga kryerja e funksionit n\u00eb k\u00ebshillat zgjedhore, p\u00ebr personat q\u00eb jan\u00eb t\u00eb pun\u00ebsuar n\u00eb:<\/p>\n<p>&#8211; Ministria e financave \u2013 Drejtoria e t\u00eb ardhurave publike,<\/p>\n<p>&#8211; Ministria e financave \u2013 Drejtoria e dogan\u00ebs, vet\u00ebm doganier\u00eb si persona n\u00eb uniform\u00eb;<\/p>\n<p>&#8211; Ministria e drejt\u00ebsis\u00eb \u2013 Drejtoria p\u00ebr evidentimin e librave t\u00eb amz\u00ebs;<\/p>\n<p>&#8211; Ministria e bujq\u00ebsis\u00eb, pylltaris\u00eb dhe ekonomis\u00eb s\u00eb uj\u00ebrave \u2013 policia pyjore si persona n\u00eb uniform\u00eb, dhe<\/p>\n<p>&#8211; T\u00eb pun\u00ebsuarit n\u00eb nj\u00ebsin\u00eb territoriale zjarrfik\u00ebse \u2013 zjarrfik\u00ebsit si persona n\u00eb uniform\u00eb.<\/p>\n<p>Pasi do t\u00eb dor\u00ebzojn\u00eb vendimin p\u00ebr shkarkim, komisioni komunal i zgjedhjeve dor\u00ebzon nj\u00eb raportim deri te Komisioni shtet\u00ebror i zgjedhjeve p\u00ebr nevoj\u00ebn nga zgjidhja shtes\u00eb e rastit.<\/p>\n<p style=\"text-align: justify;\">2. Kur dy parti politike n\u00eb opozit\u00eb, d.m.th., kur dy partit\u00eb politike n\u00eb pushtet, kan\u00eb dor\u00ebzuar lista t\u00eb posa\u00e7me me propozime p\u00ebr an\u00ebtar dhe z\u00ebvend\u00ebs t\u00eb tyre n\u00eb k\u00ebshillat zgjedhor, komisioni komunal i zgjedhjeve formon k\u00ebshillat zgjedhor n\u00eb p\u00ebrputhje me Udh\u00ebzimin nr. 08-1679\/1 m\u00eb 22.08.2017, p\u00ebr m\u00ebnyr\u00ebn e em\u00ebrimit t\u00eb an\u00ebtar\u00ebve t\u00eb k\u00ebshillave zgjedhor n\u00eb propozim t\u00eb partive politike.<\/p>\n<p style=\"text-align: justify;\">3. Kur deri te komisioni komunal i zgjedhjeve, propozime p\u00ebr an\u00ebtar dhe z\u00ebvend\u00ebsit e tyre n\u00eb k\u00ebshillat zgjedhor ka dor\u00ebzuar vet\u00ebm nj\u00eb parti politike nga opozita, d.m.th., vet\u00ebm nj\u00eb parti politike n\u00eb pushtet, komisioni komunal i zgjedhjeve formon k\u00ebshillat zgjedhor n\u00eb m\u00ebnyr\u00eb q\u00eb em\u00ebron p\u00ebr an\u00ebtar dhe z\u00ebvend\u00ebs an\u00ebtar\u00eb, dy persona q\u00eb jan\u00eb t\u00eb paraqitur n\u00eb list\u00ebn e partis\u00eb politike, q\u00eb ka dor\u00ebzuar propozime.<\/p>\n<p style=\"text-align: justify;\"><a href=\"https:\/\/drive.google.com\/open?id=0B8ZpCwro9h-zUHZLWlViYThkeVE\" target=\"_blank\"><img decoding=\"async\" class=\"alignleft wp-image-13829\" src=\"http:\/\/www.sec.mk\/wp-content\/uploads\/2017\/08\/Pdf-3.jpg\" alt=\"Pdf 2\" width=\"27\" height=\"27\" \/><\/a><strong><a href=\"https:\/\/drive.google.com\/open?id=0B8ZpCwro9h-zUHZLWlViYThkeVE\" target=\"_blank\">Njoftim p\u00ebr udh\u00ebzimet p\u00ebr veprim t\u00eb KKZ-s\u00eb 05.09.2017.pdf<\/a><\/strong><\/p>\n","protected":false},"excerpt":{"rendered":"<p>L\u00ebnda: Njoftim p\u00ebr udh\u00ebzimet p\u00ebr veprim Komisioni Shtet\u00ebror i Zgjedhjeve m\u00eb 4 shtator 2017, duke vendosur pas akteve t\u00eb marra nga komisionet komunale t\u00eb zgjedhjeve, ka miratuar udh\u00ebzimet e m\u00ebposhtme [&hellip;]<\/p>\n","protected":false},"author":3,"featured_media":6947,"comment_status":"closed","ping_status":"closed","sticky":false,"template":"","format":"standard","meta":{"footnotes":""},"categories":[34,21],"tags":[],"class_list":["post-14851","post","type-post","status-publish","format-standard","has-post-thumbnail","hentry","category-posledni-objavi-sq","category-risi"],"yoast_head":"<!-- This site is optimized with the Yoast SEO plugin v26.2 - https:\/\/yoast.com\/wordpress\/plugins\/seo\/ -->\n<title>Njoftim p\u00ebr udh\u00ebzimet p\u00ebr veprim t\u00eb KKZ-s\u00eb 05.09.2017 - Komisioni Shtet\u00ebror i Zgjedhjeve<\/title>\n<meta name=\"description\" content=\"L\u00ebnda: Njoftim p\u00ebr udh\u00ebzimet p\u00ebr veprim Komisioni Shtet\u00ebror i Zgjedhjeve m\u00eb 4 shtator 2017, duke vendosur pas akteve t\u00eb marra nga komisionet komunale t\u00eb\" \/>\n<meta name=\"robots\" content=\"index, follow, max-snippet:-1, max-image-preview:large, max-video-preview:-1\" \/>\n<link rel=\"canonical\" href=\"https:\/\/www.sec.mk\/sq\/njoftim-per-udhezimet-per-veprim-te-kkz-se-05-09-2017\/\" \/>\n<meta property=\"og:locale\" content=\"sq_AL\" \/>\n<meta property=\"og:type\" content=\"article\" \/>\n<meta property=\"og:title\" content=\"Njoftim p\u00ebr udh\u00ebzimet p\u00ebr veprim t\u00eb KKZ-s\u00eb 05.09.2017 - Komisioni Shtet\u00ebror i Zgjedhjeve\" \/>\n<meta property=\"og:description\" content=\"L\u00ebnda: Njoftim p\u00ebr udh\u00ebzimet p\u00ebr veprim Komisioni Shtet\u00ebror i Zgjedhjeve m\u00eb 4 shtator 2017, duke vendosur pas akteve t\u00eb marra nga komisionet komunale t\u00eb\" \/>\n<meta property=\"og:url\" content=\"https:\/\/www.sec.mk\/sq\/njoftim-per-udhezimet-per-veprim-te-kkz-se-05-09-2017\/\" \/>\n<meta property=\"og:site_name\" content=\"Komisioni Shtet\u00ebror i Zgjedhjeve\" \/>\n<meta property=\"article:published_time\" content=\"2017-10-03T11:17:59+00:00\" \/>\n<meta property=\"article:modified_time\" content=\"2017-12-31T10:43:46+00:00\" \/>\n<meta property=\"og:image\" content=\"https:\/\/www.sec.mk\/wp-content\/uploads\/2016\/05\/\u0411\u0435\u043b\u0430-\u0441\u043b\u0438\u043a\u0430-1.png\" \/>\n\t<meta property=\"og:image:width\" content=\"327\" \/>\n\t<meta property=\"og:image:height\" content=\"1\" \/>\n\t<meta property=\"og:image:type\" content=\"image\/png\" \/>\n<meta name=\"author\" content=\"katerina\" \/>\n<meta name=\"twitter:card\" content=\"summary_large_image\" \/>\n<meta name=\"twitter:label1\" content=\"Written by\" \/>\n\t<meta name=\"twitter:data1\" content=\"katerina\" \/>\n\t<meta name=\"twitter:label2\" content=\"Est. reading time\" \/>\n\t<meta name=\"twitter:data2\" content=\"2 minuta\" \/>\n<script type=\"application\/ld+json\" class=\"yoast-schema-graph\">{\"@context\":\"https:\/\/schema.org\",\"@graph\":[{\"@type\":\"WebPage\",\"@id\":\"https:\/\/www.sec.mk\/sq\/njoftim-per-udhezimet-per-veprim-te-kkz-se-05-09-2017\/\",\"url\":\"https:\/\/www.sec.mk\/sq\/njoftim-per-udhezimet-per-veprim-te-kkz-se-05-09-2017\/\",\"name\":\"Njoftim p\u00ebr udh\u00ebzimet p\u00ebr veprim t\u00eb KKZ-s\u00eb 05.09.2017 - Komisioni Shtet\u00ebror i Zgjedhjeve\",\"isPartOf\":{\"@id\":\"https:\/\/www.sec.mk\/#website\"},\"primaryImageOfPage\":{\"@id\":\"https:\/\/www.sec.mk\/sq\/njoftim-per-udhezimet-per-veprim-te-kkz-se-05-09-2017\/#primaryimage\"},\"image\":{\"@id\":\"https:\/\/www.sec.mk\/sq\/njoftim-per-udhezimet-per-veprim-te-kkz-se-05-09-2017\/#primaryimage\"},\"thumbnailUrl\":\"https:\/\/www.sec.mk\/wp-content\/uploads\/2016\/05\/\u0411\u0435\u043b\u0430-\u0441\u043b\u0438\u043a\u0430-1.png\",\"datePublished\":\"2017-10-03T11:17:59+00:00\",\"dateModified\":\"2017-12-31T10:43:46+00:00\",\"author\":{\"@id\":\"https:\/\/www.sec.mk\/#\/schema\/person\/180b99a95caa0823f543ccc771cbb595\"},\"description\":\"L\u00ebnda: Njoftim p\u00ebr udh\u00ebzimet p\u00ebr veprim Komisioni Shtet\u00ebror i Zgjedhjeve m\u00eb 4 shtator 2017, duke vendosur pas akteve t\u00eb marra nga komisionet komunale t\u00eb\",\"breadcrumb\":{\"@id\":\"https:\/\/www.sec.mk\/sq\/njoftim-per-udhezimet-per-veprim-te-kkz-se-05-09-2017\/#breadcrumb\"},\"inLanguage\":\"sq\",\"potentialAction\":[{\"@type\":\"ReadAction\",\"target\":[\"https:\/\/www.sec.mk\/sq\/njoftim-per-udhezimet-per-veprim-te-kkz-se-05-09-2017\/\"]}]},{\"@type\":\"ImageObject\",\"inLanguage\":\"sq\",\"@id\":\"https:\/\/www.sec.mk\/sq\/njoftim-per-udhezimet-per-veprim-te-kkz-se-05-09-2017\/#primaryimage\",\"url\":\"https:\/\/www.sec.mk\/wp-content\/uploads\/2016\/05\/\u0411\u0435\u043b\u0430-\u0441\u043b\u0438\u043a\u0430-1.png\",\"contentUrl\":\"https:\/\/www.sec.mk\/wp-content\/uploads\/2016\/05\/\u0411\u0435\u043b\u0430-\u0441\u043b\u0438\u043a\u0430-1.png\",\"width\":327,\"height\":1},{\"@type\":\"BreadcrumbList\",\"@id\":\"https:\/\/www.sec.mk\/sq\/njoftim-per-udhezimet-per-veprim-te-kkz-se-05-09-2017\/#breadcrumb\",\"itemListElement\":[{\"@type\":\"ListItem\",\"position\":1,\"name\":\"Home\",\"item\":\"https:\/\/www.sec.mk\/sq\/home-alb\/\"},{\"@type\":\"ListItem\",\"position\":2,\"name\":\"Njoftim p\u00ebr udh\u00ebzimet p\u00ebr veprim t\u00eb KKZ-s\u00eb 05.09.2017\"}]},{\"@type\":\"WebSite\",\"@id\":\"https:\/\/www.sec.mk\/#website\",\"url\":\"https:\/\/www.sec.mk\/\",\"name\":\"Komisioni Shtet\u00ebror i Zgjedhjeve\",\"description\":\"\",\"potentialAction\":[{\"@type\":\"SearchAction\",\"target\":{\"@type\":\"EntryPoint\",\"urlTemplate\":\"https:\/\/www.sec.mk\/?s={search_term_string}\"},\"query-input\":{\"@type\":\"PropertyValueSpecification\",\"valueRequired\":true,\"valueName\":\"search_term_string\"}}],\"inLanguage\":\"sq\"},{\"@type\":\"Person\",\"@id\":\"https:\/\/www.sec.mk\/#\/schema\/person\/180b99a95caa0823f543ccc771cbb595\",\"name\":\"katerina\",\"image\":{\"@type\":\"ImageObject\",\"inLanguage\":\"sq\",\"@id\":\"https:\/\/www.sec.mk\/#\/schema\/person\/image\/\",\"url\":\"https:\/\/secure.gravatar.com\/avatar\/5cfc365f3132e14b477e0c3cf8010efa73d2d91b0ee4adf8fa2429ddecf4a541?s=96&d=mm&r=g\",\"contentUrl\":\"https:\/\/secure.gravatar.com\/avatar\/5cfc365f3132e14b477e0c3cf8010efa73d2d91b0ee4adf8fa2429ddecf4a541?s=96&d=mm&r=g\",\"caption\":\"katerina\"}}]}<\/script>\n<!-- \/ Yoast SEO plugin. -->","yoast_head_json":{"title":"Njoftim p\u00ebr udh\u00ebzimet p\u00ebr veprim t\u00eb KKZ-s\u00eb 05.09.2017 - Komisioni Shtet\u00ebror i Zgjedhjeve","description":"L\u00ebnda: Njoftim p\u00ebr udh\u00ebzimet p\u00ebr veprim Komisioni Shtet\u00ebror i Zgjedhjeve m\u00eb 4 shtator 2017, duke vendosur pas akteve t\u00eb marra nga komisionet komunale t\u00eb","robots":{"index":"index","follow":"follow","max-snippet":"max-snippet:-1","max-image-preview":"max-image-preview:large","max-video-preview":"max-video-preview:-1"},"canonical":"https:\/\/www.sec.mk\/sq\/njoftim-per-udhezimet-per-veprim-te-kkz-se-05-09-2017\/","og_locale":"sq_AL","og_type":"article","og_title":"Njoftim p\u00ebr udh\u00ebzimet p\u00ebr veprim t\u00eb KKZ-s\u00eb 05.09.2017 - Komisioni Shtet\u00ebror i Zgjedhjeve","og_description":"L\u00ebnda: Njoftim p\u00ebr udh\u00ebzimet p\u00ebr veprim Komisioni Shtet\u00ebror i Zgjedhjeve m\u00eb 4 shtator 2017, duke vendosur pas akteve t\u00eb marra nga komisionet komunale t\u00eb","og_url":"https:\/\/www.sec.mk\/sq\/njoftim-per-udhezimet-per-veprim-te-kkz-se-05-09-2017\/","og_site_name":"Komisioni Shtet\u00ebror i Zgjedhjeve","article_published_time":"2017-10-03T11:17:59+00:00","article_modified_time":"2017-12-31T10:43:46+00:00","og_image":[{"width":327,"height":1,"url":"https:\/\/www.sec.mk\/wp-content\/uploads\/2016\/05\/\u0411\u0435\u043b\u0430-\u0441\u043b\u0438\u043a\u0430-1.png","type":"image\/png"}],"author":"katerina","twitter_card":"summary_large_image","twitter_misc":{"Written by":"katerina","Est. reading time":"2 minuta"},"schema":{"@context":"https:\/\/schema.org","@graph":[{"@type":"WebPage","@id":"https:\/\/www.sec.mk\/sq\/njoftim-per-udhezimet-per-veprim-te-kkz-se-05-09-2017\/","url":"https:\/\/www.sec.mk\/sq\/njoftim-per-udhezimet-per-veprim-te-kkz-se-05-09-2017\/","name":"Njoftim p\u00ebr udh\u00ebzimet p\u00ebr veprim t\u00eb KKZ-s\u00eb 05.09.2017 - Komisioni Shtet\u00ebror i Zgjedhjeve","isPartOf":{"@id":"https:\/\/www.sec.mk\/#website"},"primaryImageOfPage":{"@id":"https:\/\/www.sec.mk\/sq\/njoftim-per-udhezimet-per-veprim-te-kkz-se-05-09-2017\/#primaryimage"},"image":{"@id":"https:\/\/www.sec.mk\/sq\/njoftim-per-udhezimet-per-veprim-te-kkz-se-05-09-2017\/#primaryimage"},"thumbnailUrl":"https:\/\/www.sec.mk\/wp-content\/uploads\/2016\/05\/\u0411\u0435\u043b\u0430-\u0441\u043b\u0438\u043a\u0430-1.png","datePublished":"2017-10-03T11:17:59+00:00","dateModified":"2017-12-31T10:43:46+00:00","author":{"@id":"https:\/\/www.sec.mk\/#\/schema\/person\/180b99a95caa0823f543ccc771cbb595"},"description":"L\u00ebnda: Njoftim p\u00ebr udh\u00ebzimet p\u00ebr veprim Komisioni Shtet\u00ebror i Zgjedhjeve m\u00eb 4 shtator 2017, duke vendosur pas akteve t\u00eb marra nga komisionet komunale t\u00eb","breadcrumb":{"@id":"https:\/\/www.sec.mk\/sq\/njoftim-per-udhezimet-per-veprim-te-kkz-se-05-09-2017\/#breadcrumb"},"inLanguage":"sq","potentialAction":[{"@type":"ReadAction","target":["https:\/\/www.sec.mk\/sq\/njoftim-per-udhezimet-per-veprim-te-kkz-se-05-09-2017\/"]}]},{"@type":"ImageObject","inLanguage":"sq","@id":"https:\/\/www.sec.mk\/sq\/njoftim-per-udhezimet-per-veprim-te-kkz-se-05-09-2017\/#primaryimage","url":"https:\/\/www.sec.mk\/wp-content\/uploads\/2016\/05\/\u0411\u0435\u043b\u0430-\u0441\u043b\u0438\u043a\u0430-1.png","contentUrl":"https:\/\/www.sec.mk\/wp-content\/uploads\/2016\/05\/\u0411\u0435\u043b\u0430-\u0441\u043b\u0438\u043a\u0430-1.png","width":327,"height":1},{"@type":"BreadcrumbList","@id":"https:\/\/www.sec.mk\/sq\/njoftim-per-udhezimet-per-veprim-te-kkz-se-05-09-2017\/#breadcrumb","itemListElement":[{"@type":"ListItem","position":1,"name":"Home","item":"https:\/\/www.sec.mk\/sq\/home-alb\/"},{"@type":"ListItem","position":2,"name":"Njoftim p\u00ebr udh\u00ebzimet p\u00ebr veprim t\u00eb KKZ-s\u00eb 05.09.2017"}]},{"@type":"WebSite","@id":"https:\/\/www.sec.mk\/#website","url":"https:\/\/www.sec.mk\/","name":"Komisioni Shtet\u00ebror i Zgjedhjeve","description":"","potentialAction":[{"@type":"SearchAction","target":{"@type":"EntryPoint","urlTemplate":"https:\/\/www.sec.mk\/?s={search_term_string}"},"query-input":{"@type":"PropertyValueSpecification","valueRequired":true,"valueName":"search_term_string"}}],"inLanguage":"sq"},{"@type":"Person","@id":"https:\/\/www.sec.mk\/#\/schema\/person\/180b99a95caa0823f543ccc771cbb595","name":"katerina","image":{"@type":"ImageObject","inLanguage":"sq","@id":"https:\/\/www.sec.mk\/#\/schema\/person\/image\/","url":"https:\/\/secure.gravatar.com\/avatar\/5cfc365f3132e14b477e0c3cf8010efa73d2d91b0ee4adf8fa2429ddecf4a541?s=96&d=mm&r=g","contentUrl":"https:\/\/secure.gravatar.com\/avatar\/5cfc365f3132e14b477e0c3cf8010efa73d2d91b0ee4adf8fa2429ddecf4a541?s=96&d=mm&r=g","caption":"katerina"}}]}},"_links":{"self":[{"href":"https:\/\/www.sec.mk\/sq\/wp-json\/wp\/v2\/posts\/14851","targetHints":{"allow":["GET"]}}],"collection":[{"href":"https:\/\/www.sec.mk\/sq\/wp-json\/wp\/v2\/posts"}],"about":[{"href":"https:\/\/www.sec.mk\/sq\/wp-json\/wp\/v2\/types\/post"}],"author":[{"embeddable":true,"href":"https:\/\/www.sec.mk\/sq\/wp-json\/wp\/v2\/users\/3"}],"replies":[{"embeddable":true,"href":"https:\/\/www.sec.mk\/sq\/wp-json\/wp\/v2\/comments?post=14851"}],"version-history":[{"count":0,"href":"https:\/\/www.sec.mk\/sq\/wp-json\/wp\/v2\/posts\/14851\/revisions"}],"wp:featuredmedia":[{"embeddable":true,"href":"https:\/\/www.sec.mk\/sq\/wp-json\/wp\/v2\/media\/6947"}],"wp:attachment":[{"href":"https:\/\/www.sec.mk\/sq\/wp-json\/wp\/v2\/media?parent=14851"}],"wp:term":[{"taxonomy":"category","embeddable":true,"href":"https:\/\/www.sec.mk\/sq\/wp-json\/wp\/v2\/categories?post=14851"},{"taxonomy":"post_tag","embeddable":true,"href":"https:\/\/www.sec.mk\/sq\/wp-json\/wp\/v2\/tags?post=14851"}],"curies":[{"name":"wp","href":"https:\/\/api.w.org\/{rel}","templated":true}]}}