{"id":15086,"date":"2017-10-09T17:56:42","date_gmt":"2017-10-09T16:56:42","guid":{"rendered":"http:\/\/www.sec.mk\/?p=15086&#038;lang=sq"},"modified":"2017-12-31T11:42:54","modified_gmt":"2017-12-31T10:42:54","slug":"plan-per-edukimin-e-kryetareve-te-kz-se-me-mbeshtetjen-e-kshz-se","status":"publish","type":"post","link":"https:\/\/www.sec.mk\/sq\/plan-per-edukimin-e-kryetareve-te-kz-se-me-mbeshtetjen-e-kshz-se\/","title":{"rendered":"Plan p\u00ebr edukimin e kryetar\u00ebve t\u00eb KZ-s\u00eb me mb\u00ebshtetjen e KSHZ-s\u00eb"},"content":{"rendered":"<p><a href=\"https:\/\/drive.google.com\/open?id=0B8ZpCwro9h-zT1Nkb1lYWDF3YWs\" target=\"_blank\"><img decoding=\"async\" class=\"alignleft size-full wp-image-13829\" src=\"http:\/\/www.sec.mk\/wp-content\/uploads\/2017\/08\/Pdf-2.jpg\" alt=\"Pdf 2\" width=\"27\" height=\"27\" \/><\/a><strong><a href=\"https:\/\/drive.google.com\/open?id=0B8ZpCwro9h-zT1Nkb1lYWDF3YWs\" target=\"_blank\">Plan p\u00ebr edukimin e kryetar\u00ebve t\u00eb KZ-s\u00eb me mb\u00ebshtetjen e KSHZ-s\u00eb \u2013 Zgjedhjet lokale 15.10.2017<\/a><\/strong><\/p>\n<p>&nbsp;<\/p>\n","protected":false},"excerpt":{"rendered":"<p>Plan p\u00ebr edukimin e kryetar\u00ebve t\u00eb KZ-s\u00eb me mb\u00ebshtetjen e KSHZ-s\u00eb \u2013 Zgjedhjet lokale 15.10.2017 &nbsp;<\/p>\n","protected":false},"author":3,"featured_media":0,"comment_status":"closed","ping_status":"closed","sticky":false,"template":"","format":"standard","meta":{"footnotes":""},"categories":[34,21],"tags":[],"class_list":["post-15086","post","type-post","status-publish","format-standard","hentry","category-posledni-objavi-sq","category-risi"],"yoast_head":"<!-- This site is optimized with the Yoast SEO plugin v26.2 - https:\/\/yoast.com\/wordpress\/plugins\/seo\/ -->\n<title>Plan p\u00ebr edukimin e kryetar\u00ebve t\u00eb KZ-s\u00eb me mb\u00ebshtetjen e KSHZ-s\u00eb - Komisioni Shtet\u00ebror i Zgjedhjeve<\/title>\n<meta name=\"description\" content=\"Plan p\u00ebr edukimin e kryetar\u00ebve t\u00eb KZ-s\u00eb me mb\u00ebshtetjen e KSHZ-s\u00eb \u2013 Zgjedhjet lokale 15.10.2017  &nbsp;\" \/>\n<meta name=\"robots\" content=\"index, follow, max-snippet:-1, max-image-preview:large, max-video-preview:-1\" \/>\n<link rel=\"canonical\" href=\"https:\/\/www.sec.mk\/sq\/plan-per-edukimin-e-kryetareve-te-kz-se-me-mbeshtetjen-e-kshz-se\/\" \/>\n<meta property=\"og:locale\" content=\"sq_AL\" \/>\n<meta property=\"og:type\" content=\"article\" \/>\n<meta property=\"og:title\" content=\"Plan p\u00ebr edukimin e kryetar\u00ebve t\u00eb KZ-s\u00eb me mb\u00ebshtetjen e KSHZ-s\u00eb - Komisioni Shtet\u00ebror i Zgjedhjeve\" \/>\n<meta property=\"og:description\" content=\"Plan p\u00ebr edukimin e kryetar\u00ebve t\u00eb KZ-s\u00eb me mb\u00ebshtetjen e KSHZ-s\u00eb \u2013 Zgjedhjet lokale 15.10.2017  &nbsp;\" \/>\n<meta property=\"og:url\" content=\"https:\/\/www.sec.mk\/sq\/plan-per-edukimin-e-kryetareve-te-kz-se-me-mbeshtetjen-e-kshz-se\/\" \/>\n<meta property=\"og:site_name\" content=\"Komisioni Shtet\u00ebror i Zgjedhjeve\" \/>\n<meta property=\"article:published_time\" content=\"2017-10-09T16:56:42+00:00\" \/>\n<meta property=\"article:modified_time\" content=\"2017-12-31T10:42:54+00:00\" \/>\n<meta property=\"og:image\" content=\"http:\/\/www.sec.mk\/wp-content\/uploads\/2017\/08\/Pdf-2.jpg\" \/>\n<meta name=\"author\" content=\"katerina\" \/>\n<meta name=\"twitter:card\" content=\"summary_large_image\" \/>\n<meta name=\"twitter:label1\" content=\"Written by\" \/>\n\t<meta name=\"twitter:data1\" content=\"katerina\" \/>\n<script type=\"application\/ld+json\" class=\"yoast-schema-graph\">{\"@context\":\"https:\/\/schema.org\",\"@graph\":[{\"@type\":\"WebPage\",\"@id\":\"https:\/\/www.sec.mk\/sq\/plan-per-edukimin-e-kryetareve-te-kz-se-me-mbeshtetjen-e-kshz-se\/\",\"url\":\"https:\/\/www.sec.mk\/sq\/plan-per-edukimin-e-kryetareve-te-kz-se-me-mbeshtetjen-e-kshz-se\/\",\"name\":\"Plan p\u00ebr edukimin e kryetar\u00ebve t\u00eb KZ-s\u00eb me mb\u00ebshtetjen e KSHZ-s\u00eb - Komisioni Shtet\u00ebror i Zgjedhjeve\",\"isPartOf\":{\"@id\":\"https:\/\/www.sec.mk\/#website\"},\"primaryImageOfPage\":{\"@id\":\"https:\/\/www.sec.mk\/sq\/plan-per-edukimin-e-kryetareve-te-kz-se-me-mbeshtetjen-e-kshz-se\/#primaryimage\"},\"image\":{\"@id\":\"https:\/\/www.sec.mk\/sq\/plan-per-edukimin-e-kryetareve-te-kz-se-me-mbeshtetjen-e-kshz-se\/#primaryimage\"},\"thumbnailUrl\":\"http:\/\/www.sec.mk\/wp-content\/uploads\/2017\/08\/Pdf-2.jpg\",\"datePublished\":\"2017-10-09T16:56:42+00:00\",\"dateModified\":\"2017-12-31T10:42:54+00:00\",\"author\":{\"@id\":\"https:\/\/www.sec.mk\/#\/schema\/person\/180b99a95caa0823f543ccc771cbb595\"},\"description\":\"Plan p\u00ebr edukimin e kryetar\u00ebve t\u00eb KZ-s\u00eb me mb\u00ebshtetjen e KSHZ-s\u00eb \u2013 Zgjedhjet lokale 15.10.2017 &nbsp;\",\"breadcrumb\":{\"@id\":\"https:\/\/www.sec.mk\/sq\/plan-per-edukimin-e-kryetareve-te-kz-se-me-mbeshtetjen-e-kshz-se\/#breadcrumb\"},\"inLanguage\":\"sq\",\"potentialAction\":[{\"@type\":\"ReadAction\",\"target\":[\"https:\/\/www.sec.mk\/sq\/plan-per-edukimin-e-kryetareve-te-kz-se-me-mbeshtetjen-e-kshz-se\/\"]}]},{\"@type\":\"ImageObject\",\"inLanguage\":\"sq\",\"@id\":\"https:\/\/www.sec.mk\/sq\/plan-per-edukimin-e-kryetareve-te-kz-se-me-mbeshtetjen-e-kshz-se\/#primaryimage\",\"url\":\"http:\/\/www.sec.mk\/wp-content\/uploads\/2017\/08\/Pdf-2.jpg\",\"contentUrl\":\"http:\/\/www.sec.mk\/wp-content\/uploads\/2017\/08\/Pdf-2.jpg\"},{\"@type\":\"BreadcrumbList\",\"@id\":\"https:\/\/www.sec.mk\/sq\/plan-per-edukimin-e-kryetareve-te-kz-se-me-mbeshtetjen-e-kshz-se\/#breadcrumb\",\"itemListElement\":[{\"@type\":\"ListItem\",\"position\":1,\"name\":\"Home\",\"item\":\"https:\/\/www.sec.mk\/sq\/home-alb\/\"},{\"@type\":\"ListItem\",\"position\":2,\"name\":\"Plan p\u00ebr edukimin e kryetar\u00ebve t\u00eb KZ-s\u00eb me mb\u00ebshtetjen e KSHZ-s\u00eb\"}]},{\"@type\":\"WebSite\",\"@id\":\"https:\/\/www.sec.mk\/#website\",\"url\":\"https:\/\/www.sec.mk\/\",\"name\":\"Komisioni Shtet\u00ebror i Zgjedhjeve\",\"description\":\"\",\"potentialAction\":[{\"@type\":\"SearchAction\",\"target\":{\"@type\":\"EntryPoint\",\"urlTemplate\":\"https:\/\/www.sec.mk\/?s={search_term_string}\"},\"query-input\":{\"@type\":\"PropertyValueSpecification\",\"valueRequired\":true,\"valueName\":\"search_term_string\"}}],\"inLanguage\":\"sq\"},{\"@type\":\"Person\",\"@id\":\"https:\/\/www.sec.mk\/#\/schema\/person\/180b99a95caa0823f543ccc771cbb595\",\"name\":\"katerina\",\"image\":{\"@type\":\"ImageObject\",\"inLanguage\":\"sq\",\"@id\":\"https:\/\/www.sec.mk\/#\/schema\/person\/image\/\",\"url\":\"https:\/\/secure.gravatar.com\/avatar\/5cfc365f3132e14b477e0c3cf8010efa73d2d91b0ee4adf8fa2429ddecf4a541?s=96&d=mm&r=g\",\"contentUrl\":\"https:\/\/secure.gravatar.com\/avatar\/5cfc365f3132e14b477e0c3cf8010efa73d2d91b0ee4adf8fa2429ddecf4a541?s=96&d=mm&r=g\",\"caption\":\"katerina\"}}]}<\/script>\n<!-- \/ Yoast SEO plugin. -->","yoast_head_json":{"title":"Plan p\u00ebr edukimin e kryetar\u00ebve t\u00eb KZ-s\u00eb me mb\u00ebshtetjen e KSHZ-s\u00eb - Komisioni Shtet\u00ebror i Zgjedhjeve","description":"Plan p\u00ebr edukimin e kryetar\u00ebve t\u00eb KZ-s\u00eb me mb\u00ebshtetjen e KSHZ-s\u00eb \u2013 Zgjedhjet lokale 15.10.2017  &nbsp;","robots":{"index":"index","follow":"follow","max-snippet":"max-snippet:-1","max-image-preview":"max-image-preview:large","max-video-preview":"max-video-preview:-1"},"canonical":"https:\/\/www.sec.mk\/sq\/plan-per-edukimin-e-kryetareve-te-kz-se-me-mbeshtetjen-e-kshz-se\/","og_locale":"sq_AL","og_type":"article","og_title":"Plan p\u00ebr edukimin e kryetar\u00ebve t\u00eb KZ-s\u00eb me mb\u00ebshtetjen e KSHZ-s\u00eb - Komisioni Shtet\u00ebror i Zgjedhjeve","og_description":"Plan p\u00ebr edukimin e kryetar\u00ebve t\u00eb KZ-s\u00eb me mb\u00ebshtetjen e KSHZ-s\u00eb \u2013 Zgjedhjet lokale 15.10.2017  &nbsp;","og_url":"https:\/\/www.sec.mk\/sq\/plan-per-edukimin-e-kryetareve-te-kz-se-me-mbeshtetjen-e-kshz-se\/","og_site_name":"Komisioni Shtet\u00ebror i Zgjedhjeve","article_published_time":"2017-10-09T16:56:42+00:00","article_modified_time":"2017-12-31T10:42:54+00:00","og_image":[{"url":"http:\/\/www.sec.mk\/wp-content\/uploads\/2017\/08\/Pdf-2.jpg","type":"","width":"","height":""}],"author":"katerina","twitter_card":"summary_large_image","twitter_misc":{"Written by":"katerina"},"schema":{"@context":"https:\/\/schema.org","@graph":[{"@type":"WebPage","@id":"https:\/\/www.sec.mk\/sq\/plan-per-edukimin-e-kryetareve-te-kz-se-me-mbeshtetjen-e-kshz-se\/","url":"https:\/\/www.sec.mk\/sq\/plan-per-edukimin-e-kryetareve-te-kz-se-me-mbeshtetjen-e-kshz-se\/","name":"Plan p\u00ebr edukimin e kryetar\u00ebve t\u00eb KZ-s\u00eb me mb\u00ebshtetjen e KSHZ-s\u00eb - Komisioni Shtet\u00ebror i Zgjedhjeve","isPartOf":{"@id":"https:\/\/www.sec.mk\/#website"},"primaryImageOfPage":{"@id":"https:\/\/www.sec.mk\/sq\/plan-per-edukimin-e-kryetareve-te-kz-se-me-mbeshtetjen-e-kshz-se\/#primaryimage"},"image":{"@id":"https:\/\/www.sec.mk\/sq\/plan-per-edukimin-e-kryetareve-te-kz-se-me-mbeshtetjen-e-kshz-se\/#primaryimage"},"thumbnailUrl":"http:\/\/www.sec.mk\/wp-content\/uploads\/2017\/08\/Pdf-2.jpg","datePublished":"2017-10-09T16:56:42+00:00","dateModified":"2017-12-31T10:42:54+00:00","author":{"@id":"https:\/\/www.sec.mk\/#\/schema\/person\/180b99a95caa0823f543ccc771cbb595"},"description":"Plan p\u00ebr edukimin e kryetar\u00ebve t\u00eb KZ-s\u00eb me mb\u00ebshtetjen e KSHZ-s\u00eb \u2013 Zgjedhjet lokale 15.10.2017 &nbsp;","breadcrumb":{"@id":"https:\/\/www.sec.mk\/sq\/plan-per-edukimin-e-kryetareve-te-kz-se-me-mbeshtetjen-e-kshz-se\/#breadcrumb"},"inLanguage":"sq","potentialAction":[{"@type":"ReadAction","target":["https:\/\/www.sec.mk\/sq\/plan-per-edukimin-e-kryetareve-te-kz-se-me-mbeshtetjen-e-kshz-se\/"]}]},{"@type":"ImageObject","inLanguage":"sq","@id":"https:\/\/www.sec.mk\/sq\/plan-per-edukimin-e-kryetareve-te-kz-se-me-mbeshtetjen-e-kshz-se\/#primaryimage","url":"http:\/\/www.sec.mk\/wp-content\/uploads\/2017\/08\/Pdf-2.jpg","contentUrl":"http:\/\/www.sec.mk\/wp-content\/uploads\/2017\/08\/Pdf-2.jpg"},{"@type":"BreadcrumbList","@id":"https:\/\/www.sec.mk\/sq\/plan-per-edukimin-e-kryetareve-te-kz-se-me-mbeshtetjen-e-kshz-se\/#breadcrumb","itemListElement":[{"@type":"ListItem","position":1,"name":"Home","item":"https:\/\/www.sec.mk\/sq\/home-alb\/"},{"@type":"ListItem","position":2,"name":"Plan p\u00ebr edukimin e kryetar\u00ebve t\u00eb KZ-s\u00eb me mb\u00ebshtetjen e KSHZ-s\u00eb"}]},{"@type":"WebSite","@id":"https:\/\/www.sec.mk\/#website","url":"https:\/\/www.sec.mk\/","name":"Komisioni Shtet\u00ebror i Zgjedhjeve","description":"","potentialAction":[{"@type":"SearchAction","target":{"@type":"EntryPoint","urlTemplate":"https:\/\/www.sec.mk\/?s={search_term_string}"},"query-input":{"@type":"PropertyValueSpecification","valueRequired":true,"valueName":"search_term_string"}}],"inLanguage":"sq"},{"@type":"Person","@id":"https:\/\/www.sec.mk\/#\/schema\/person\/180b99a95caa0823f543ccc771cbb595","name":"katerina","image":{"@type":"ImageObject","inLanguage":"sq","@id":"https:\/\/www.sec.mk\/#\/schema\/person\/image\/","url":"https:\/\/secure.gravatar.com\/avatar\/5cfc365f3132e14b477e0c3cf8010efa73d2d91b0ee4adf8fa2429ddecf4a541?s=96&d=mm&r=g","contentUrl":"https:\/\/secure.gravatar.com\/avatar\/5cfc365f3132e14b477e0c3cf8010efa73d2d91b0ee4adf8fa2429ddecf4a541?s=96&d=mm&r=g","caption":"katerina"}}]}},"_links":{"self":[{"href":"https:\/\/www.sec.mk\/sq\/wp-json\/wp\/v2\/posts\/15086","targetHints":{"allow":["GET"]}}],"collection":[{"href":"https:\/\/www.sec.mk\/sq\/wp-json\/wp\/v2\/posts"}],"about":[{"href":"https:\/\/www.sec.mk\/sq\/wp-json\/wp\/v2\/types\/post"}],"author":[{"embeddable":true,"href":"https:\/\/www.sec.mk\/sq\/wp-json\/wp\/v2\/users\/3"}],"replies":[{"embeddable":true,"href":"https:\/\/www.sec.mk\/sq\/wp-json\/wp\/v2\/comments?post=15086"}],"version-history":[{"count":0,"href":"https:\/\/www.sec.mk\/sq\/wp-json\/wp\/v2\/posts\/15086\/revisions"}],"wp:attachment":[{"href":"https:\/\/www.sec.mk\/sq\/wp-json\/wp\/v2\/media?parent=15086"}],"wp:term":[{"taxonomy":"category","embeddable":true,"href":"https:\/\/www.sec.mk\/sq\/wp-json\/wp\/v2\/categories?post=15086"},{"taxonomy":"post_tag","embeddable":true,"href":"https:\/\/www.sec.mk\/sq\/wp-json\/wp\/v2\/tags?post=15086"}],"curies":[{"name":"wp","href":"https:\/\/api.w.org\/{rel}","templated":true}]}}