{"id":16831,"date":"2019-03-24T10:24:22","date_gmt":"2019-03-24T09:24:22","guid":{"rendered":"http:\/\/www.sec.mk\/?p=16831"},"modified":"2019-04-13T10:28:39","modified_gmt":"2019-04-13T09:28:39","slug":"lajmerim","status":"publish","type":"post","link":"https:\/\/www.sec.mk\/sq\/lajmerim\/","title":{"rendered":"LAJM\u00cbRIM"},"content":{"rendered":"\n<p>\n\nKomisioni shtet\u00ebror zgjedhor, Ju njofton se m\u00eb dat\u00eb 25.03.2019 (e h\u00ebn\u00eb), n\u00eb ora 12:00, n\u00eb selin\u00eb e Komisionit shtet\u00ebror zgjedhor do t\u00eb mbahet seanc\u00eb e hapur, gjat\u00eb s\u00eb cil\u00ebs me t\u00ebrheqjen e shortit do t\u00eb p\u00ebrcaktohet rradhitja e list\u00ebs unike e kandidat\u00ebve p\u00ebr kryetar\u00eb t\u00eb komunave Oh\u00ebr, Novo Sell\u00eb dhe Dib\u00ebr.\n\n<\/p>\n","protected":false},"excerpt":{"rendered":"<p>Komisioni shtet\u00ebror zgjedhor, Ju njofton se m\u00eb dat\u00eb 25.03.2019 (e h\u00ebn\u00eb), n\u00eb ora 12:00, n\u00eb selin\u00eb e Komisionit shtet\u00ebror zgjedhor do t\u00eb mbahet seanc\u00eb e hapur, gjat\u00eb s\u00eb cil\u00ebs me [&hellip;]<\/p>\n","protected":false},"author":8,"featured_media":0,"comment_status":"closed","ping_status":"closed","sticky":true,"template":"","format":"standard","meta":{"footnotes":""},"categories":[23,34,21,35],"tags":[],"class_list":["post-16831","post","type-post","status-publish","format-standard","hentry","category-njoftime","category-posledni-objavi-sq","category-risi","category-shpallje"],"yoast_head":"<!-- This site is optimized with the Yoast SEO plugin v26.2 - https:\/\/yoast.com\/wordpress\/plugins\/seo\/ -->\n<title>LAJM\u00cbRIM - Komisioni Shtet\u00ebror i Zgjedhjeve<\/title>\n<meta name=\"description\" content=\"Komisioni shtet\u00ebror zgjedhor, Ju njofton se m\u00eb dat\u00eb 25.03.2019 (e h\u00ebn\u00eb), n\u00eb ora 12:00, n\u00eb selin\u00eb e Komisionit shtet\u00ebror zgjedhor do t\u00eb mbahet seanc\u00eb e\" \/>\n<meta name=\"robots\" content=\"index, follow, max-snippet:-1, max-image-preview:large, max-video-preview:-1\" \/>\n<link rel=\"canonical\" href=\"https:\/\/www.sec.mk\/sq\/lajmerim\/\" \/>\n<meta property=\"og:locale\" content=\"sq_AL\" \/>\n<meta property=\"og:type\" content=\"article\" \/>\n<meta property=\"og:title\" content=\"LAJM\u00cbRIM - Komisioni Shtet\u00ebror i Zgjedhjeve\" \/>\n<meta property=\"og:description\" content=\"Komisioni shtet\u00ebror zgjedhor, Ju njofton se m\u00eb dat\u00eb 25.03.2019 (e h\u00ebn\u00eb), n\u00eb ora 12:00, n\u00eb selin\u00eb e Komisionit shtet\u00ebror zgjedhor do t\u00eb mbahet seanc\u00eb e\" \/>\n<meta property=\"og:url\" content=\"https:\/\/www.sec.mk\/sq\/lajmerim\/\" \/>\n<meta property=\"og:site_name\" content=\"Komisioni Shtet\u00ebror i Zgjedhjeve\" \/>\n<meta property=\"article:published_time\" content=\"2019-03-24T09:24:22+00:00\" \/>\n<meta property=\"article:modified_time\" content=\"2019-04-13T09:28:39+00:00\" \/>\n<meta name=\"author\" content=\"Alban Sinani\" \/>\n<meta name=\"twitter:card\" content=\"summary_large_image\" \/>\n<meta name=\"twitter:label1\" content=\"Written by\" \/>\n\t<meta name=\"twitter:data1\" content=\"Alban Sinani\" \/>\n<script type=\"application\/ld+json\" class=\"yoast-schema-graph\">{\"@context\":\"https:\/\/schema.org\",\"@graph\":[{\"@type\":\"WebPage\",\"@id\":\"https:\/\/www.sec.mk\/sq\/lajmerim\/\",\"url\":\"https:\/\/www.sec.mk\/sq\/lajmerim\/\",\"name\":\"LAJM\u00cbRIM - Komisioni Shtet\u00ebror i Zgjedhjeve\",\"isPartOf\":{\"@id\":\"https:\/\/www.sec.mk\/#website\"},\"datePublished\":\"2019-03-24T09:24:22+00:00\",\"dateModified\":\"2019-04-13T09:28:39+00:00\",\"author\":{\"@id\":\"https:\/\/www.sec.mk\/#\/schema\/person\/29abc72a80e3cc06ff8c26a73ab71717\"},\"description\":\"Komisioni shtet\u00ebror zgjedhor, Ju njofton se m\u00eb dat\u00eb 25.03.2019 (e h\u00ebn\u00eb), n\u00eb ora 12:00, n\u00eb selin\u00eb e Komisionit shtet\u00ebror zgjedhor do t\u00eb mbahet seanc\u00eb e\",\"breadcrumb\":{\"@id\":\"https:\/\/www.sec.mk\/sq\/lajmerim\/#breadcrumb\"},\"inLanguage\":\"sq\",\"potentialAction\":[{\"@type\":\"ReadAction\",\"target\":[\"https:\/\/www.sec.mk\/sq\/lajmerim\/\"]}]},{\"@type\":\"BreadcrumbList\",\"@id\":\"https:\/\/www.sec.mk\/sq\/lajmerim\/#breadcrumb\",\"itemListElement\":[{\"@type\":\"ListItem\",\"position\":1,\"name\":\"Home\",\"item\":\"https:\/\/www.sec.mk\/sq\/home-alb\/\"},{\"@type\":\"ListItem\",\"position\":2,\"name\":\"LAJM\u00cbRIM\"}]},{\"@type\":\"WebSite\",\"@id\":\"https:\/\/www.sec.mk\/#website\",\"url\":\"https:\/\/www.sec.mk\/\",\"name\":\"Komisioni Shtet\u00ebror i Zgjedhjeve\",\"description\":\"\",\"potentialAction\":[{\"@type\":\"SearchAction\",\"target\":{\"@type\":\"EntryPoint\",\"urlTemplate\":\"https:\/\/www.sec.mk\/?s={search_term_string}\"},\"query-input\":{\"@type\":\"PropertyValueSpecification\",\"valueRequired\":true,\"valueName\":\"search_term_string\"}}],\"inLanguage\":\"sq\"},{\"@type\":\"Person\",\"@id\":\"https:\/\/www.sec.mk\/#\/schema\/person\/29abc72a80e3cc06ff8c26a73ab71717\",\"name\":\"Alban Sinani\",\"image\":{\"@type\":\"ImageObject\",\"inLanguage\":\"sq\",\"@id\":\"https:\/\/www.sec.mk\/#\/schema\/person\/image\/\",\"url\":\"https:\/\/secure.gravatar.com\/avatar\/deced18e567e65a38c1eacab0980a67fd60d2ced45651f0666961e7d71b5b9b5?s=96&d=mm&r=g\",\"contentUrl\":\"https:\/\/secure.gravatar.com\/avatar\/deced18e567e65a38c1eacab0980a67fd60d2ced45651f0666961e7d71b5b9b5?s=96&d=mm&r=g\",\"caption\":\"Alban Sinani\"},\"sameAs\":[\"https:\/\/sec.mk\"]}]}<\/script>\n<!-- \/ Yoast SEO plugin. -->","yoast_head_json":{"title":"LAJM\u00cbRIM - Komisioni Shtet\u00ebror i Zgjedhjeve","description":"Komisioni shtet\u00ebror zgjedhor, Ju njofton se m\u00eb dat\u00eb 25.03.2019 (e h\u00ebn\u00eb), n\u00eb ora 12:00, n\u00eb selin\u00eb e Komisionit shtet\u00ebror zgjedhor do t\u00eb mbahet seanc\u00eb e","robots":{"index":"index","follow":"follow","max-snippet":"max-snippet:-1","max-image-preview":"max-image-preview:large","max-video-preview":"max-video-preview:-1"},"canonical":"https:\/\/www.sec.mk\/sq\/lajmerim\/","og_locale":"sq_AL","og_type":"article","og_title":"LAJM\u00cbRIM - Komisioni Shtet\u00ebror i Zgjedhjeve","og_description":"Komisioni shtet\u00ebror zgjedhor, Ju njofton se m\u00eb dat\u00eb 25.03.2019 (e h\u00ebn\u00eb), n\u00eb ora 12:00, n\u00eb selin\u00eb e Komisionit shtet\u00ebror zgjedhor do t\u00eb mbahet seanc\u00eb e","og_url":"https:\/\/www.sec.mk\/sq\/lajmerim\/","og_site_name":"Komisioni Shtet\u00ebror i Zgjedhjeve","article_published_time":"2019-03-24T09:24:22+00:00","article_modified_time":"2019-04-13T09:28:39+00:00","author":"Alban Sinani","twitter_card":"summary_large_image","twitter_misc":{"Written by":"Alban Sinani"},"schema":{"@context":"https:\/\/schema.org","@graph":[{"@type":"WebPage","@id":"https:\/\/www.sec.mk\/sq\/lajmerim\/","url":"https:\/\/www.sec.mk\/sq\/lajmerim\/","name":"LAJM\u00cbRIM - Komisioni Shtet\u00ebror i Zgjedhjeve","isPartOf":{"@id":"https:\/\/www.sec.mk\/#website"},"datePublished":"2019-03-24T09:24:22+00:00","dateModified":"2019-04-13T09:28:39+00:00","author":{"@id":"https:\/\/www.sec.mk\/#\/schema\/person\/29abc72a80e3cc06ff8c26a73ab71717"},"description":"Komisioni shtet\u00ebror zgjedhor, Ju njofton se m\u00eb dat\u00eb 25.03.2019 (e h\u00ebn\u00eb), n\u00eb ora 12:00, n\u00eb selin\u00eb e Komisionit shtet\u00ebror zgjedhor do t\u00eb mbahet seanc\u00eb e","breadcrumb":{"@id":"https:\/\/www.sec.mk\/sq\/lajmerim\/#breadcrumb"},"inLanguage":"sq","potentialAction":[{"@type":"ReadAction","target":["https:\/\/www.sec.mk\/sq\/lajmerim\/"]}]},{"@type":"BreadcrumbList","@id":"https:\/\/www.sec.mk\/sq\/lajmerim\/#breadcrumb","itemListElement":[{"@type":"ListItem","position":1,"name":"Home","item":"https:\/\/www.sec.mk\/sq\/home-alb\/"},{"@type":"ListItem","position":2,"name":"LAJM\u00cbRIM"}]},{"@type":"WebSite","@id":"https:\/\/www.sec.mk\/#website","url":"https:\/\/www.sec.mk\/","name":"Komisioni Shtet\u00ebror i Zgjedhjeve","description":"","potentialAction":[{"@type":"SearchAction","target":{"@type":"EntryPoint","urlTemplate":"https:\/\/www.sec.mk\/?s={search_term_string}"},"query-input":{"@type":"PropertyValueSpecification","valueRequired":true,"valueName":"search_term_string"}}],"inLanguage":"sq"},{"@type":"Person","@id":"https:\/\/www.sec.mk\/#\/schema\/person\/29abc72a80e3cc06ff8c26a73ab71717","name":"Alban Sinani","image":{"@type":"ImageObject","inLanguage":"sq","@id":"https:\/\/www.sec.mk\/#\/schema\/person\/image\/","url":"https:\/\/secure.gravatar.com\/avatar\/deced18e567e65a38c1eacab0980a67fd60d2ced45651f0666961e7d71b5b9b5?s=96&d=mm&r=g","contentUrl":"https:\/\/secure.gravatar.com\/avatar\/deced18e567e65a38c1eacab0980a67fd60d2ced45651f0666961e7d71b5b9b5?s=96&d=mm&r=g","caption":"Alban Sinani"},"sameAs":["https:\/\/sec.mk"]}]}},"_links":{"self":[{"href":"https:\/\/www.sec.mk\/sq\/wp-json\/wp\/v2\/posts\/16831","targetHints":{"allow":["GET"]}}],"collection":[{"href":"https:\/\/www.sec.mk\/sq\/wp-json\/wp\/v2\/posts"}],"about":[{"href":"https:\/\/www.sec.mk\/sq\/wp-json\/wp\/v2\/types\/post"}],"author":[{"embeddable":true,"href":"https:\/\/www.sec.mk\/sq\/wp-json\/wp\/v2\/users\/8"}],"replies":[{"embeddable":true,"href":"https:\/\/www.sec.mk\/sq\/wp-json\/wp\/v2\/comments?post=16831"}],"version-history":[{"count":0,"href":"https:\/\/www.sec.mk\/sq\/wp-json\/wp\/v2\/posts\/16831\/revisions"}],"wp:attachment":[{"href":"https:\/\/www.sec.mk\/sq\/wp-json\/wp\/v2\/media?parent=16831"}],"wp:term":[{"taxonomy":"category","embeddable":true,"href":"https:\/\/www.sec.mk\/sq\/wp-json\/wp\/v2\/categories?post=16831"},{"taxonomy":"post_tag","embeddable":true,"href":"https:\/\/www.sec.mk\/sq\/wp-json\/wp\/v2\/tags?post=16831"}],"curies":[{"name":"wp","href":"https:\/\/api.w.org\/{rel}","templated":true}]}}