{"id":16834,"date":"2019-03-21T10:28:59","date_gmt":"2019-03-21T09:28:59","guid":{"rendered":"http:\/\/www.sec.mk\/?p=16834"},"modified":"2019-04-13T10:29:37","modified_gmt":"2019-04-13T09:29:37","slug":"lajmerim-2","status":"publish","type":"post","link":"https:\/\/www.sec.mk\/sq\/lajmerim-2\/","title":{"rendered":"LAJM\u00cbRIM"},"content":{"rendered":"\n<p>\n\nKomisioni Shtet\u00ebror Zgjedhor ju njofton se m\u00eb dat\u00eb 22.03.2019 (e premte) n\u00eb ora 11:00, n\u00eb selin\u00eb e Komisionit Shtet\u00ebror Zgjedhor do t\u00eb mbaj\u00eb seanc\u00eb publike n\u00eb t\u00eb cil\u00ebn me short do t\u00eb caktohet radhitja e list\u00ebs s\u00eb vetme e kandidatit p\u00ebr zgjedhjen e Kryetarit t\u00eb Republik\u00ebs s\u00eb Maqedonis\u00eb s\u00eb Veriut.\n\n<\/p>\n","protected":false},"excerpt":{"rendered":"<p>Komisioni Shtet\u00ebror Zgjedhor ju njofton se m\u00eb dat\u00eb 22.03.2019 (e premte) n\u00eb ora 11:00, n\u00eb selin\u00eb e Komisionit Shtet\u00ebror Zgjedhor do t\u00eb mbaj\u00eb seanc\u00eb publike n\u00eb t\u00eb cil\u00ebn me short [&hellip;]<\/p>\n","protected":false},"author":8,"featured_media":0,"comment_status":"closed","ping_status":"closed","sticky":true,"template":"","format":"standard","meta":{"footnotes":""},"categories":[23,34,35],"tags":[],"class_list":["post-16834","post","type-post","status-publish","format-standard","hentry","category-njoftime","category-posledni-objavi-sq","category-shpallje"],"yoast_head":"<!-- This site is optimized with the Yoast SEO plugin v26.2 - https:\/\/yoast.com\/wordpress\/plugins\/seo\/ -->\n<title>LAJM\u00cbRIM - Komisioni Shtet\u00ebror i Zgjedhjeve<\/title>\n<meta name=\"description\" content=\"Komisioni Shtet\u00ebror Zgjedhor ju njofton se m\u00eb dat\u00eb 22.03.2019 (e premte) n\u00eb ora 11:00, n\u00eb selin\u00eb e Komisionit Shtet\u00ebror Zgjedhor do t\u00eb mbaj\u00eb seanc\u00eb\" \/>\n<meta name=\"robots\" content=\"index, follow, max-snippet:-1, max-image-preview:large, max-video-preview:-1\" \/>\n<link rel=\"canonical\" href=\"https:\/\/www.sec.mk\/sq\/lajmerim-2\/\" \/>\n<meta property=\"og:locale\" content=\"sq_AL\" \/>\n<meta property=\"og:type\" content=\"article\" \/>\n<meta property=\"og:title\" content=\"LAJM\u00cbRIM - Komisioni Shtet\u00ebror i Zgjedhjeve\" \/>\n<meta property=\"og:description\" content=\"Komisioni Shtet\u00ebror Zgjedhor ju njofton se m\u00eb dat\u00eb 22.03.2019 (e premte) n\u00eb ora 11:00, n\u00eb selin\u00eb e Komisionit Shtet\u00ebror Zgjedhor do t\u00eb mbaj\u00eb seanc\u00eb\" \/>\n<meta property=\"og:url\" content=\"https:\/\/www.sec.mk\/sq\/lajmerim-2\/\" \/>\n<meta property=\"og:site_name\" content=\"Komisioni Shtet\u00ebror i Zgjedhjeve\" \/>\n<meta property=\"article:published_time\" content=\"2019-03-21T09:28:59+00:00\" \/>\n<meta property=\"article:modified_time\" content=\"2019-04-13T09:29:37+00:00\" \/>\n<meta name=\"author\" content=\"Alban Sinani\" \/>\n<meta name=\"twitter:card\" content=\"summary_large_image\" \/>\n<meta name=\"twitter:label1\" content=\"Written by\" \/>\n\t<meta name=\"twitter:data1\" content=\"Alban Sinani\" \/>\n<script type=\"application\/ld+json\" class=\"yoast-schema-graph\">{\"@context\":\"https:\/\/schema.org\",\"@graph\":[{\"@type\":\"WebPage\",\"@id\":\"https:\/\/www.sec.mk\/sq\/lajmerim-2\/\",\"url\":\"https:\/\/www.sec.mk\/sq\/lajmerim-2\/\",\"name\":\"LAJM\u00cbRIM - Komisioni Shtet\u00ebror i Zgjedhjeve\",\"isPartOf\":{\"@id\":\"https:\/\/www.sec.mk\/#website\"},\"datePublished\":\"2019-03-21T09:28:59+00:00\",\"dateModified\":\"2019-04-13T09:29:37+00:00\",\"author\":{\"@id\":\"https:\/\/www.sec.mk\/#\/schema\/person\/29abc72a80e3cc06ff8c26a73ab71717\"},\"description\":\"Komisioni Shtet\u00ebror Zgjedhor ju njofton se m\u00eb dat\u00eb 22.03.2019 (e premte) n\u00eb ora 11:00, n\u00eb selin\u00eb e Komisionit Shtet\u00ebror Zgjedhor do t\u00eb mbaj\u00eb seanc\u00eb\",\"breadcrumb\":{\"@id\":\"https:\/\/www.sec.mk\/sq\/lajmerim-2\/#breadcrumb\"},\"inLanguage\":\"sq\",\"potentialAction\":[{\"@type\":\"ReadAction\",\"target\":[\"https:\/\/www.sec.mk\/sq\/lajmerim-2\/\"]}]},{\"@type\":\"BreadcrumbList\",\"@id\":\"https:\/\/www.sec.mk\/sq\/lajmerim-2\/#breadcrumb\",\"itemListElement\":[{\"@type\":\"ListItem\",\"position\":1,\"name\":\"Home\",\"item\":\"https:\/\/www.sec.mk\/sq\/home-alb\/\"},{\"@type\":\"ListItem\",\"position\":2,\"name\":\"LAJM\u00cbRIM\"}]},{\"@type\":\"WebSite\",\"@id\":\"https:\/\/www.sec.mk\/#website\",\"url\":\"https:\/\/www.sec.mk\/\",\"name\":\"Komisioni Shtet\u00ebror i Zgjedhjeve\",\"description\":\"\",\"potentialAction\":[{\"@type\":\"SearchAction\",\"target\":{\"@type\":\"EntryPoint\",\"urlTemplate\":\"https:\/\/www.sec.mk\/?s={search_term_string}\"},\"query-input\":{\"@type\":\"PropertyValueSpecification\",\"valueRequired\":true,\"valueName\":\"search_term_string\"}}],\"inLanguage\":\"sq\"},{\"@type\":\"Person\",\"@id\":\"https:\/\/www.sec.mk\/#\/schema\/person\/29abc72a80e3cc06ff8c26a73ab71717\",\"name\":\"Alban Sinani\",\"image\":{\"@type\":\"ImageObject\",\"inLanguage\":\"sq\",\"@id\":\"https:\/\/www.sec.mk\/#\/schema\/person\/image\/\",\"url\":\"https:\/\/secure.gravatar.com\/avatar\/deced18e567e65a38c1eacab0980a67fd60d2ced45651f0666961e7d71b5b9b5?s=96&d=mm&r=g\",\"contentUrl\":\"https:\/\/secure.gravatar.com\/avatar\/deced18e567e65a38c1eacab0980a67fd60d2ced45651f0666961e7d71b5b9b5?s=96&d=mm&r=g\",\"caption\":\"Alban Sinani\"},\"sameAs\":[\"https:\/\/sec.mk\"]}]}<\/script>\n<!-- \/ Yoast SEO plugin. -->","yoast_head_json":{"title":"LAJM\u00cbRIM - Komisioni Shtet\u00ebror i Zgjedhjeve","description":"Komisioni Shtet\u00ebror Zgjedhor ju njofton se m\u00eb dat\u00eb 22.03.2019 (e premte) n\u00eb ora 11:00, n\u00eb selin\u00eb e Komisionit Shtet\u00ebror Zgjedhor do t\u00eb mbaj\u00eb seanc\u00eb","robots":{"index":"index","follow":"follow","max-snippet":"max-snippet:-1","max-image-preview":"max-image-preview:large","max-video-preview":"max-video-preview:-1"},"canonical":"https:\/\/www.sec.mk\/sq\/lajmerim-2\/","og_locale":"sq_AL","og_type":"article","og_title":"LAJM\u00cbRIM - Komisioni Shtet\u00ebror i Zgjedhjeve","og_description":"Komisioni Shtet\u00ebror Zgjedhor ju njofton se m\u00eb dat\u00eb 22.03.2019 (e premte) n\u00eb ora 11:00, n\u00eb selin\u00eb e Komisionit Shtet\u00ebror Zgjedhor do t\u00eb mbaj\u00eb seanc\u00eb","og_url":"https:\/\/www.sec.mk\/sq\/lajmerim-2\/","og_site_name":"Komisioni Shtet\u00ebror i Zgjedhjeve","article_published_time":"2019-03-21T09:28:59+00:00","article_modified_time":"2019-04-13T09:29:37+00:00","author":"Alban Sinani","twitter_card":"summary_large_image","twitter_misc":{"Written by":"Alban Sinani"},"schema":{"@context":"https:\/\/schema.org","@graph":[{"@type":"WebPage","@id":"https:\/\/www.sec.mk\/sq\/lajmerim-2\/","url":"https:\/\/www.sec.mk\/sq\/lajmerim-2\/","name":"LAJM\u00cbRIM - Komisioni Shtet\u00ebror i Zgjedhjeve","isPartOf":{"@id":"https:\/\/www.sec.mk\/#website"},"datePublished":"2019-03-21T09:28:59+00:00","dateModified":"2019-04-13T09:29:37+00:00","author":{"@id":"https:\/\/www.sec.mk\/#\/schema\/person\/29abc72a80e3cc06ff8c26a73ab71717"},"description":"Komisioni Shtet\u00ebror Zgjedhor ju njofton se m\u00eb dat\u00eb 22.03.2019 (e premte) n\u00eb ora 11:00, n\u00eb selin\u00eb e Komisionit Shtet\u00ebror Zgjedhor do t\u00eb mbaj\u00eb seanc\u00eb","breadcrumb":{"@id":"https:\/\/www.sec.mk\/sq\/lajmerim-2\/#breadcrumb"},"inLanguage":"sq","potentialAction":[{"@type":"ReadAction","target":["https:\/\/www.sec.mk\/sq\/lajmerim-2\/"]}]},{"@type":"BreadcrumbList","@id":"https:\/\/www.sec.mk\/sq\/lajmerim-2\/#breadcrumb","itemListElement":[{"@type":"ListItem","position":1,"name":"Home","item":"https:\/\/www.sec.mk\/sq\/home-alb\/"},{"@type":"ListItem","position":2,"name":"LAJM\u00cbRIM"}]},{"@type":"WebSite","@id":"https:\/\/www.sec.mk\/#website","url":"https:\/\/www.sec.mk\/","name":"Komisioni Shtet\u00ebror i Zgjedhjeve","description":"","potentialAction":[{"@type":"SearchAction","target":{"@type":"EntryPoint","urlTemplate":"https:\/\/www.sec.mk\/?s={search_term_string}"},"query-input":{"@type":"PropertyValueSpecification","valueRequired":true,"valueName":"search_term_string"}}],"inLanguage":"sq"},{"@type":"Person","@id":"https:\/\/www.sec.mk\/#\/schema\/person\/29abc72a80e3cc06ff8c26a73ab71717","name":"Alban Sinani","image":{"@type":"ImageObject","inLanguage":"sq","@id":"https:\/\/www.sec.mk\/#\/schema\/person\/image\/","url":"https:\/\/secure.gravatar.com\/avatar\/deced18e567e65a38c1eacab0980a67fd60d2ced45651f0666961e7d71b5b9b5?s=96&d=mm&r=g","contentUrl":"https:\/\/secure.gravatar.com\/avatar\/deced18e567e65a38c1eacab0980a67fd60d2ced45651f0666961e7d71b5b9b5?s=96&d=mm&r=g","caption":"Alban Sinani"},"sameAs":["https:\/\/sec.mk"]}]}},"_links":{"self":[{"href":"https:\/\/www.sec.mk\/sq\/wp-json\/wp\/v2\/posts\/16834","targetHints":{"allow":["GET"]}}],"collection":[{"href":"https:\/\/www.sec.mk\/sq\/wp-json\/wp\/v2\/posts"}],"about":[{"href":"https:\/\/www.sec.mk\/sq\/wp-json\/wp\/v2\/types\/post"}],"author":[{"embeddable":true,"href":"https:\/\/www.sec.mk\/sq\/wp-json\/wp\/v2\/users\/8"}],"replies":[{"embeddable":true,"href":"https:\/\/www.sec.mk\/sq\/wp-json\/wp\/v2\/comments?post=16834"}],"version-history":[{"count":0,"href":"https:\/\/www.sec.mk\/sq\/wp-json\/wp\/v2\/posts\/16834\/revisions"}],"wp:attachment":[{"href":"https:\/\/www.sec.mk\/sq\/wp-json\/wp\/v2\/media?parent=16834"}],"wp:term":[{"taxonomy":"category","embeddable":true,"href":"https:\/\/www.sec.mk\/sq\/wp-json\/wp\/v2\/categories?post=16834"},{"taxonomy":"post_tag","embeddable":true,"href":"https:\/\/www.sec.mk\/sq\/wp-json\/wp\/v2\/tags?post=16834"}],"curies":[{"name":"wp","href":"https:\/\/api.w.org\/{rel}","templated":true}]}}