{"id":16838,"date":"2019-03-21T10:33:21","date_gmt":"2019-03-21T09:33:21","guid":{"rendered":"http:\/\/www.sec.mk\/?p=16838"},"modified":"2019-04-13T10:34:33","modified_gmt":"2019-04-13T09:34:33","slug":"pershkrimi-i-vendvotimeve-zgjedhjet-presidenciale-2019","status":"publish","type":"post","link":"https:\/\/www.sec.mk\/sq\/pershkrimi-i-vendvotimeve-zgjedhjet-presidenciale-2019\/","title":{"rendered":"P\u00ebrshkrimi i vendvotimeve \u2013 Zgjedhjet presidenciale 2019"},"content":{"rendered":"\n<p><a href=\"https:\/\/drive.google.com\/open?id=1HDvPtLec5Co6tPvom0lec6BL5J1GJ9HD\">P\u00ebrshkrimi i vendvotimeve n\u00eb Republik\u00ebn e Maqedonis\u00eb s\u00eb Veriut \u2013 Zgjedhjet Presidenciale 2019<\/a><\/p>\n","protected":false},"excerpt":{"rendered":"<p>P\u00ebrshkrimi i vendvotimeve n\u00eb Republik\u00ebn e Maqedonis\u00eb s\u00eb Veriut \u2013 Zgjedhjet Presidenciale 2019<\/p>\n","protected":false},"author":8,"featured_media":0,"comment_status":"closed","ping_status":"closed","sticky":true,"template":"","format":"standard","meta":{"footnotes":""},"categories":[23,34,35],"tags":[],"class_list":["post-16838","post","type-post","status-publish","format-standard","hentry","category-njoftime","category-posledni-objavi-sq","category-shpallje"],"yoast_head":"<!-- This site is optimized with the Yoast SEO plugin v26.2 - https:\/\/yoast.com\/wordpress\/plugins\/seo\/ -->\n<title>P\u00ebrshkrimi i vendvotimeve \u2013 Zgjedhjet presidenciale 2019 - Komisioni Shtet\u00ebror i Zgjedhjeve<\/title>\n<meta name=\"description\" content=\"P\u00ebrshkrimi i vendvotimeve n\u00eb Republik\u00ebn e Maqedonis\u00eb s\u00eb Veriut \u2013 Zgjedhjet Presidenciale 2019\" \/>\n<meta name=\"robots\" content=\"index, follow, max-snippet:-1, max-image-preview:large, max-video-preview:-1\" \/>\n<link rel=\"canonical\" href=\"https:\/\/www.sec.mk\/sq\/pershkrimi-i-vendvotimeve-zgjedhjet-presidenciale-2019\/\" \/>\n<meta property=\"og:locale\" content=\"sq_AL\" \/>\n<meta property=\"og:type\" content=\"article\" \/>\n<meta property=\"og:title\" content=\"P\u00ebrshkrimi i vendvotimeve \u2013 Zgjedhjet presidenciale 2019 - Komisioni Shtet\u00ebror i Zgjedhjeve\" \/>\n<meta property=\"og:description\" content=\"P\u00ebrshkrimi i vendvotimeve n\u00eb Republik\u00ebn e Maqedonis\u00eb s\u00eb Veriut \u2013 Zgjedhjet Presidenciale 2019\" \/>\n<meta property=\"og:url\" content=\"https:\/\/www.sec.mk\/sq\/pershkrimi-i-vendvotimeve-zgjedhjet-presidenciale-2019\/\" \/>\n<meta property=\"og:site_name\" content=\"Komisioni Shtet\u00ebror i Zgjedhjeve\" \/>\n<meta property=\"article:published_time\" content=\"2019-03-21T09:33:21+00:00\" \/>\n<meta property=\"article:modified_time\" content=\"2019-04-13T09:34:33+00:00\" \/>\n<meta name=\"author\" content=\"Alban Sinani\" \/>\n<meta name=\"twitter:card\" content=\"summary_large_image\" \/>\n<meta name=\"twitter:label1\" content=\"Written by\" \/>\n\t<meta name=\"twitter:data1\" content=\"Alban Sinani\" \/>\n<script type=\"application\/ld+json\" class=\"yoast-schema-graph\">{\"@context\":\"https:\/\/schema.org\",\"@graph\":[{\"@type\":\"WebPage\",\"@id\":\"https:\/\/www.sec.mk\/sq\/pershkrimi-i-vendvotimeve-zgjedhjet-presidenciale-2019\/\",\"url\":\"https:\/\/www.sec.mk\/sq\/pershkrimi-i-vendvotimeve-zgjedhjet-presidenciale-2019\/\",\"name\":\"P\u00ebrshkrimi i vendvotimeve \u2013 Zgjedhjet presidenciale 2019 - Komisioni Shtet\u00ebror i Zgjedhjeve\",\"isPartOf\":{\"@id\":\"https:\/\/www.sec.mk\/#website\"},\"datePublished\":\"2019-03-21T09:33:21+00:00\",\"dateModified\":\"2019-04-13T09:34:33+00:00\",\"author\":{\"@id\":\"https:\/\/www.sec.mk\/#\/schema\/person\/29abc72a80e3cc06ff8c26a73ab71717\"},\"description\":\"P\u00ebrshkrimi i vendvotimeve n\u00eb Republik\u00ebn e Maqedonis\u00eb s\u00eb Veriut \u2013 Zgjedhjet Presidenciale 2019\",\"breadcrumb\":{\"@id\":\"https:\/\/www.sec.mk\/sq\/pershkrimi-i-vendvotimeve-zgjedhjet-presidenciale-2019\/#breadcrumb\"},\"inLanguage\":\"sq\",\"potentialAction\":[{\"@type\":\"ReadAction\",\"target\":[\"https:\/\/www.sec.mk\/sq\/pershkrimi-i-vendvotimeve-zgjedhjet-presidenciale-2019\/\"]}]},{\"@type\":\"BreadcrumbList\",\"@id\":\"https:\/\/www.sec.mk\/sq\/pershkrimi-i-vendvotimeve-zgjedhjet-presidenciale-2019\/#breadcrumb\",\"itemListElement\":[{\"@type\":\"ListItem\",\"position\":1,\"name\":\"Home\",\"item\":\"https:\/\/www.sec.mk\/sq\/home-alb\/\"},{\"@type\":\"ListItem\",\"position\":2,\"name\":\"P\u00ebrshkrimi i vendvotimeve \u2013 Zgjedhjet presidenciale 2019\"}]},{\"@type\":\"WebSite\",\"@id\":\"https:\/\/www.sec.mk\/#website\",\"url\":\"https:\/\/www.sec.mk\/\",\"name\":\"Komisioni Shtet\u00ebror i Zgjedhjeve\",\"description\":\"\",\"potentialAction\":[{\"@type\":\"SearchAction\",\"target\":{\"@type\":\"EntryPoint\",\"urlTemplate\":\"https:\/\/www.sec.mk\/?s={search_term_string}\"},\"query-input\":{\"@type\":\"PropertyValueSpecification\",\"valueRequired\":true,\"valueName\":\"search_term_string\"}}],\"inLanguage\":\"sq\"},{\"@type\":\"Person\",\"@id\":\"https:\/\/www.sec.mk\/#\/schema\/person\/29abc72a80e3cc06ff8c26a73ab71717\",\"name\":\"Alban Sinani\",\"image\":{\"@type\":\"ImageObject\",\"inLanguage\":\"sq\",\"@id\":\"https:\/\/www.sec.mk\/#\/schema\/person\/image\/\",\"url\":\"https:\/\/secure.gravatar.com\/avatar\/deced18e567e65a38c1eacab0980a67fd60d2ced45651f0666961e7d71b5b9b5?s=96&d=mm&r=g\",\"contentUrl\":\"https:\/\/secure.gravatar.com\/avatar\/deced18e567e65a38c1eacab0980a67fd60d2ced45651f0666961e7d71b5b9b5?s=96&d=mm&r=g\",\"caption\":\"Alban Sinani\"},\"sameAs\":[\"https:\/\/sec.mk\"]}]}<\/script>\n<!-- \/ Yoast SEO plugin. -->","yoast_head_json":{"title":"P\u00ebrshkrimi i vendvotimeve \u2013 Zgjedhjet presidenciale 2019 - Komisioni Shtet\u00ebror i Zgjedhjeve","description":"P\u00ebrshkrimi i vendvotimeve n\u00eb Republik\u00ebn e Maqedonis\u00eb s\u00eb Veriut \u2013 Zgjedhjet Presidenciale 2019","robots":{"index":"index","follow":"follow","max-snippet":"max-snippet:-1","max-image-preview":"max-image-preview:large","max-video-preview":"max-video-preview:-1"},"canonical":"https:\/\/www.sec.mk\/sq\/pershkrimi-i-vendvotimeve-zgjedhjet-presidenciale-2019\/","og_locale":"sq_AL","og_type":"article","og_title":"P\u00ebrshkrimi i vendvotimeve \u2013 Zgjedhjet presidenciale 2019 - Komisioni Shtet\u00ebror i Zgjedhjeve","og_description":"P\u00ebrshkrimi i vendvotimeve n\u00eb Republik\u00ebn e Maqedonis\u00eb s\u00eb Veriut \u2013 Zgjedhjet Presidenciale 2019","og_url":"https:\/\/www.sec.mk\/sq\/pershkrimi-i-vendvotimeve-zgjedhjet-presidenciale-2019\/","og_site_name":"Komisioni Shtet\u00ebror i Zgjedhjeve","article_published_time":"2019-03-21T09:33:21+00:00","article_modified_time":"2019-04-13T09:34:33+00:00","author":"Alban Sinani","twitter_card":"summary_large_image","twitter_misc":{"Written by":"Alban Sinani"},"schema":{"@context":"https:\/\/schema.org","@graph":[{"@type":"WebPage","@id":"https:\/\/www.sec.mk\/sq\/pershkrimi-i-vendvotimeve-zgjedhjet-presidenciale-2019\/","url":"https:\/\/www.sec.mk\/sq\/pershkrimi-i-vendvotimeve-zgjedhjet-presidenciale-2019\/","name":"P\u00ebrshkrimi i vendvotimeve \u2013 Zgjedhjet presidenciale 2019 - Komisioni Shtet\u00ebror i Zgjedhjeve","isPartOf":{"@id":"https:\/\/www.sec.mk\/#website"},"datePublished":"2019-03-21T09:33:21+00:00","dateModified":"2019-04-13T09:34:33+00:00","author":{"@id":"https:\/\/www.sec.mk\/#\/schema\/person\/29abc72a80e3cc06ff8c26a73ab71717"},"description":"P\u00ebrshkrimi i vendvotimeve n\u00eb Republik\u00ebn e Maqedonis\u00eb s\u00eb Veriut \u2013 Zgjedhjet Presidenciale 2019","breadcrumb":{"@id":"https:\/\/www.sec.mk\/sq\/pershkrimi-i-vendvotimeve-zgjedhjet-presidenciale-2019\/#breadcrumb"},"inLanguage":"sq","potentialAction":[{"@type":"ReadAction","target":["https:\/\/www.sec.mk\/sq\/pershkrimi-i-vendvotimeve-zgjedhjet-presidenciale-2019\/"]}]},{"@type":"BreadcrumbList","@id":"https:\/\/www.sec.mk\/sq\/pershkrimi-i-vendvotimeve-zgjedhjet-presidenciale-2019\/#breadcrumb","itemListElement":[{"@type":"ListItem","position":1,"name":"Home","item":"https:\/\/www.sec.mk\/sq\/home-alb\/"},{"@type":"ListItem","position":2,"name":"P\u00ebrshkrimi i vendvotimeve \u2013 Zgjedhjet presidenciale 2019"}]},{"@type":"WebSite","@id":"https:\/\/www.sec.mk\/#website","url":"https:\/\/www.sec.mk\/","name":"Komisioni Shtet\u00ebror i Zgjedhjeve","description":"","potentialAction":[{"@type":"SearchAction","target":{"@type":"EntryPoint","urlTemplate":"https:\/\/www.sec.mk\/?s={search_term_string}"},"query-input":{"@type":"PropertyValueSpecification","valueRequired":true,"valueName":"search_term_string"}}],"inLanguage":"sq"},{"@type":"Person","@id":"https:\/\/www.sec.mk\/#\/schema\/person\/29abc72a80e3cc06ff8c26a73ab71717","name":"Alban Sinani","image":{"@type":"ImageObject","inLanguage":"sq","@id":"https:\/\/www.sec.mk\/#\/schema\/person\/image\/","url":"https:\/\/secure.gravatar.com\/avatar\/deced18e567e65a38c1eacab0980a67fd60d2ced45651f0666961e7d71b5b9b5?s=96&d=mm&r=g","contentUrl":"https:\/\/secure.gravatar.com\/avatar\/deced18e567e65a38c1eacab0980a67fd60d2ced45651f0666961e7d71b5b9b5?s=96&d=mm&r=g","caption":"Alban Sinani"},"sameAs":["https:\/\/sec.mk"]}]}},"_links":{"self":[{"href":"https:\/\/www.sec.mk\/sq\/wp-json\/wp\/v2\/posts\/16838","targetHints":{"allow":["GET"]}}],"collection":[{"href":"https:\/\/www.sec.mk\/sq\/wp-json\/wp\/v2\/posts"}],"about":[{"href":"https:\/\/www.sec.mk\/sq\/wp-json\/wp\/v2\/types\/post"}],"author":[{"embeddable":true,"href":"https:\/\/www.sec.mk\/sq\/wp-json\/wp\/v2\/users\/8"}],"replies":[{"embeddable":true,"href":"https:\/\/www.sec.mk\/sq\/wp-json\/wp\/v2\/comments?post=16838"}],"version-history":[{"count":0,"href":"https:\/\/www.sec.mk\/sq\/wp-json\/wp\/v2\/posts\/16838\/revisions"}],"wp:attachment":[{"href":"https:\/\/www.sec.mk\/sq\/wp-json\/wp\/v2\/media?parent=16838"}],"wp:term":[{"taxonomy":"category","embeddable":true,"href":"https:\/\/www.sec.mk\/sq\/wp-json\/wp\/v2\/categories?post=16838"},{"taxonomy":"post_tag","embeddable":true,"href":"https:\/\/www.sec.mk\/sq\/wp-json\/wp\/v2\/tags?post=16838"}],"curies":[{"name":"wp","href":"https:\/\/api.w.org\/{rel}","templated":true}]}}