{"id":17436,"date":"2019-04-19T13:48:31","date_gmt":"2019-04-19T12:48:31","guid":{"rendered":"http:\/\/www.sec.mk\/apel-per-zgjedhje-korrekte\/"},"modified":"2019-04-19T15:07:43","modified_gmt":"2019-04-19T14:07:43","slug":"apel-per-zgjedhje-korrekte","status":"publish","type":"post","link":"https:\/\/www.sec.mk\/sq\/apel-per-zgjedhje-korrekte\/","title":{"rendered":"Apel p\u00ebr zgjedhje korrekte"},"content":{"rendered":"\n<figure class=\"wp-block-image\"><img decoding=\"async\" src=\"http:\/\/www.sec.mk\/wp-content\/uploads\/2019\/04\/20190419_124915-1024x768.jpg\" alt=\"\" class=\"wp-image-17427\"\/><\/figure>\n\n\n\n<p>Sot, n\u00eb hap\u00ebsirat e Komisionit shtet\u00ebror t\u00eb zgjedhjeve, ishin t\u00eb pranish\u00ebm z.Igor Janushev, z.Aleksandar Kiracovski dhe z.Florin Hasani, shefat e shtabeve zgjedhore t\u00eb Zgjedhjeve presidenciale 2019, t\u00eb cil\u00ebt bashk\u00eb me an\u00ebtar\u00ebt e Komisionit shtet\u00ebror t\u00eb zgjedhjeve, apeluan deri te qytetar\u00ebt q\u00eb ta shfryt\u00ebzojn\u00eb t\u00eb drejt\u00ebn e tyre t\u00eb vot\u00ebs, dit\u00ebn e diel, m\u00eb 21.04.2019.<\/p>\n\n\n\n<p>T\u00eb pranishmit, theksuan se deri m\u00eb tani ky proces zgjedhor po zhvillohet n\u00eb atmosfer\u00eb t\u00eb qet\u00eb dhe demokratike dhe p\u00ebrve\u00e7 k\u00ebsaj sqaruan se me k\u00ebto zgjedhje kemi mund\u00ebsin\u00eb ta tregojm\u00eb pjekurin\u00eb dhe nd\u00ebrgjegjjen politike.<\/p>\n\n\n\n<p>T\u00eb gjith\u00eb bashk\u00ebrisht apelojm\u00eb deri te qytetar\u00ebt p\u00ebr zgjedhje korrekte dhe demokratike!<\/p>\n\n\n\n<p>Kryetari i Komisionit shtet\u00ebror t\u00eb zgjedhjeve, Oliver Derkoski, apeloi q\u00eb t\u00eb respektohet heshtja n\u00eb dit\u00ebn para mbajtjes s\u00eb zgjedhjeve, nd\u00ebrsa Komisioni shtet\u00ebror i zgjedhjeve ashtu si\u00e7 ka vepruar deri tani do t\u00eb vazhdoj\u00eb t\u00eb jet\u00eb i hapur p\u00ebr opinionin, me q\u00ebllim q\u00eb procesi zgjedhor t\u00eb jet\u00eb i suksessh\u00ebm. <\/p>\n","protected":false},"excerpt":{"rendered":"<p>Sot, n\u00eb hap\u00ebsirat e Komisionit shtet\u00ebror t\u00eb zgjedhjeve, ishin t\u00eb pranish\u00ebm z.Igor Janushev, z.Aleksandar Kiracovski dhe z.Florin Hasani, shefat e shtabeve zgjedhore t\u00eb Zgjedhjeve presidenciale 2019, t\u00eb cil\u00ebt bashk\u00eb me [&hellip;]<\/p>\n","protected":false},"author":8,"featured_media":17427,"comment_status":"closed","ping_status":"closed","sticky":true,"template":"","format":"standard","meta":{"footnotes":""},"categories":[21],"tags":[],"class_list":["post-17436","post","type-post","status-publish","format-standard","has-post-thumbnail","hentry","category-risi"],"yoast_head":"<!-- This site is optimized with the Yoast SEO plugin v26.2 - https:\/\/yoast.com\/wordpress\/plugins\/seo\/ -->\n<title>Apel p\u00ebr zgjedhje korrekte - Komisioni Shtet\u00ebror i Zgjedhjeve<\/title>\n<meta name=\"description\" content=\"Sot, n\u00eb hap\u00ebsirat e Komisionit shtet\u00ebror t\u00eb zgjedhjeve, ishin t\u00eb pranish\u00ebm z.Igor Janushev, z.Aleksandar Kiracovski dhe z.Florin Hasani, shefat e shtabeve\" \/>\n<meta name=\"robots\" content=\"index, follow, max-snippet:-1, max-image-preview:large, max-video-preview:-1\" \/>\n<link rel=\"canonical\" href=\"https:\/\/www.sec.mk\/sq\/apel-per-zgjedhje-korrekte\/\" \/>\n<meta property=\"og:locale\" content=\"sq_AL\" \/>\n<meta property=\"og:type\" content=\"article\" \/>\n<meta property=\"og:title\" content=\"Apel p\u00ebr zgjedhje korrekte - Komisioni Shtet\u00ebror i Zgjedhjeve\" \/>\n<meta property=\"og:description\" content=\"Sot, n\u00eb hap\u00ebsirat e Komisionit shtet\u00ebror t\u00eb zgjedhjeve, ishin t\u00eb pranish\u00ebm z.Igor Janushev, z.Aleksandar Kiracovski dhe z.Florin Hasani, shefat e shtabeve\" \/>\n<meta property=\"og:url\" content=\"https:\/\/www.sec.mk\/sq\/apel-per-zgjedhje-korrekte\/\" \/>\n<meta property=\"og:site_name\" content=\"Komisioni Shtet\u00ebror i Zgjedhjeve\" \/>\n<meta property=\"article:published_time\" content=\"2019-04-19T12:48:31+00:00\" \/>\n<meta property=\"article:modified_time\" content=\"2019-04-19T14:07:43+00:00\" \/>\n<meta property=\"og:image\" content=\"https:\/\/www.sec.mk\/wp-content\/uploads\/2019\/04\/20190419_124915.jpg\" \/>\n\t<meta property=\"og:image:width\" content=\"1600\" \/>\n\t<meta property=\"og:image:height\" content=\"1200\" \/>\n\t<meta property=\"og:image:type\" content=\"image\/jpeg\" \/>\n<meta name=\"author\" content=\"Alban Sinani\" \/>\n<meta name=\"twitter:card\" content=\"summary_large_image\" \/>\n<meta name=\"twitter:label1\" content=\"Written by\" \/>\n\t<meta name=\"twitter:data1\" content=\"Alban Sinani\" \/>\n\t<meta name=\"twitter:label2\" content=\"Est. reading time\" \/>\n\t<meta name=\"twitter:data2\" content=\"1 minut\u00eb\" \/>\n<script type=\"application\/ld+json\" class=\"yoast-schema-graph\">{\"@context\":\"https:\/\/schema.org\",\"@graph\":[{\"@type\":\"WebPage\",\"@id\":\"https:\/\/www.sec.mk\/sq\/apel-per-zgjedhje-korrekte\/\",\"url\":\"https:\/\/www.sec.mk\/sq\/apel-per-zgjedhje-korrekte\/\",\"name\":\"Apel p\u00ebr zgjedhje korrekte - Komisioni Shtet\u00ebror i Zgjedhjeve\",\"isPartOf\":{\"@id\":\"https:\/\/www.sec.mk\/#website\"},\"primaryImageOfPage\":{\"@id\":\"https:\/\/www.sec.mk\/sq\/apel-per-zgjedhje-korrekte\/#primaryimage\"},\"image\":{\"@id\":\"https:\/\/www.sec.mk\/sq\/apel-per-zgjedhje-korrekte\/#primaryimage\"},\"thumbnailUrl\":\"https:\/\/www.sec.mk\/wp-content\/uploads\/2019\/04\/20190419_124915.jpg\",\"datePublished\":\"2019-04-19T12:48:31+00:00\",\"dateModified\":\"2019-04-19T14:07:43+00:00\",\"author\":{\"@id\":\"https:\/\/www.sec.mk\/#\/schema\/person\/29abc72a80e3cc06ff8c26a73ab71717\"},\"description\":\"Sot, n\u00eb hap\u00ebsirat e Komisionit shtet\u00ebror t\u00eb zgjedhjeve, ishin t\u00eb pranish\u00ebm z.Igor Janushev, z.Aleksandar Kiracovski dhe z.Florin Hasani, shefat e shtabeve\",\"breadcrumb\":{\"@id\":\"https:\/\/www.sec.mk\/sq\/apel-per-zgjedhje-korrekte\/#breadcrumb\"},\"inLanguage\":\"sq\",\"potentialAction\":[{\"@type\":\"ReadAction\",\"target\":[\"https:\/\/www.sec.mk\/sq\/apel-per-zgjedhje-korrekte\/\"]}]},{\"@type\":\"ImageObject\",\"inLanguage\":\"sq\",\"@id\":\"https:\/\/www.sec.mk\/sq\/apel-per-zgjedhje-korrekte\/#primaryimage\",\"url\":\"https:\/\/www.sec.mk\/wp-content\/uploads\/2019\/04\/20190419_124915.jpg\",\"contentUrl\":\"https:\/\/www.sec.mk\/wp-content\/uploads\/2019\/04\/20190419_124915.jpg\",\"width\":1600,\"height\":1200},{\"@type\":\"BreadcrumbList\",\"@id\":\"https:\/\/www.sec.mk\/sq\/apel-per-zgjedhje-korrekte\/#breadcrumb\",\"itemListElement\":[{\"@type\":\"ListItem\",\"position\":1,\"name\":\"Home\",\"item\":\"https:\/\/www.sec.mk\/sq\/home-alb\/\"},{\"@type\":\"ListItem\",\"position\":2,\"name\":\"Apel p\u00ebr zgjedhje korrekte\"}]},{\"@type\":\"WebSite\",\"@id\":\"https:\/\/www.sec.mk\/#website\",\"url\":\"https:\/\/www.sec.mk\/\",\"name\":\"Komisioni Shtet\u00ebror i Zgjedhjeve\",\"description\":\"\",\"potentialAction\":[{\"@type\":\"SearchAction\",\"target\":{\"@type\":\"EntryPoint\",\"urlTemplate\":\"https:\/\/www.sec.mk\/?s={search_term_string}\"},\"query-input\":{\"@type\":\"PropertyValueSpecification\",\"valueRequired\":true,\"valueName\":\"search_term_string\"}}],\"inLanguage\":\"sq\"},{\"@type\":\"Person\",\"@id\":\"https:\/\/www.sec.mk\/#\/schema\/person\/29abc72a80e3cc06ff8c26a73ab71717\",\"name\":\"Alban Sinani\",\"image\":{\"@type\":\"ImageObject\",\"inLanguage\":\"sq\",\"@id\":\"https:\/\/www.sec.mk\/#\/schema\/person\/image\/\",\"url\":\"https:\/\/secure.gravatar.com\/avatar\/deced18e567e65a38c1eacab0980a67fd60d2ced45651f0666961e7d71b5b9b5?s=96&d=mm&r=g\",\"contentUrl\":\"https:\/\/secure.gravatar.com\/avatar\/deced18e567e65a38c1eacab0980a67fd60d2ced45651f0666961e7d71b5b9b5?s=96&d=mm&r=g\",\"caption\":\"Alban Sinani\"},\"sameAs\":[\"https:\/\/sec.mk\"]}]}<\/script>\n<!-- \/ Yoast SEO plugin. -->","yoast_head_json":{"title":"Apel p\u00ebr zgjedhje korrekte - Komisioni Shtet\u00ebror i Zgjedhjeve","description":"Sot, n\u00eb hap\u00ebsirat e Komisionit shtet\u00ebror t\u00eb zgjedhjeve, ishin t\u00eb pranish\u00ebm z.Igor Janushev, z.Aleksandar Kiracovski dhe z.Florin Hasani, shefat e shtabeve","robots":{"index":"index","follow":"follow","max-snippet":"max-snippet:-1","max-image-preview":"max-image-preview:large","max-video-preview":"max-video-preview:-1"},"canonical":"https:\/\/www.sec.mk\/sq\/apel-per-zgjedhje-korrekte\/","og_locale":"sq_AL","og_type":"article","og_title":"Apel p\u00ebr zgjedhje korrekte - Komisioni Shtet\u00ebror i Zgjedhjeve","og_description":"Sot, n\u00eb hap\u00ebsirat e Komisionit shtet\u00ebror t\u00eb zgjedhjeve, ishin t\u00eb pranish\u00ebm z.Igor Janushev, z.Aleksandar Kiracovski dhe z.Florin Hasani, shefat e shtabeve","og_url":"https:\/\/www.sec.mk\/sq\/apel-per-zgjedhje-korrekte\/","og_site_name":"Komisioni Shtet\u00ebror i Zgjedhjeve","article_published_time":"2019-04-19T12:48:31+00:00","article_modified_time":"2019-04-19T14:07:43+00:00","og_image":[{"width":1600,"height":1200,"url":"https:\/\/www.sec.mk\/wp-content\/uploads\/2019\/04\/20190419_124915.jpg","type":"image\/jpeg"}],"author":"Alban Sinani","twitter_card":"summary_large_image","twitter_misc":{"Written by":"Alban Sinani","Est. reading time":"1 minut\u00eb"},"schema":{"@context":"https:\/\/schema.org","@graph":[{"@type":"WebPage","@id":"https:\/\/www.sec.mk\/sq\/apel-per-zgjedhje-korrekte\/","url":"https:\/\/www.sec.mk\/sq\/apel-per-zgjedhje-korrekte\/","name":"Apel p\u00ebr zgjedhje korrekte - Komisioni Shtet\u00ebror i Zgjedhjeve","isPartOf":{"@id":"https:\/\/www.sec.mk\/#website"},"primaryImageOfPage":{"@id":"https:\/\/www.sec.mk\/sq\/apel-per-zgjedhje-korrekte\/#primaryimage"},"image":{"@id":"https:\/\/www.sec.mk\/sq\/apel-per-zgjedhje-korrekte\/#primaryimage"},"thumbnailUrl":"https:\/\/www.sec.mk\/wp-content\/uploads\/2019\/04\/20190419_124915.jpg","datePublished":"2019-04-19T12:48:31+00:00","dateModified":"2019-04-19T14:07:43+00:00","author":{"@id":"https:\/\/www.sec.mk\/#\/schema\/person\/29abc72a80e3cc06ff8c26a73ab71717"},"description":"Sot, n\u00eb hap\u00ebsirat e Komisionit shtet\u00ebror t\u00eb zgjedhjeve, ishin t\u00eb pranish\u00ebm z.Igor Janushev, z.Aleksandar Kiracovski dhe z.Florin Hasani, shefat e shtabeve","breadcrumb":{"@id":"https:\/\/www.sec.mk\/sq\/apel-per-zgjedhje-korrekte\/#breadcrumb"},"inLanguage":"sq","potentialAction":[{"@type":"ReadAction","target":["https:\/\/www.sec.mk\/sq\/apel-per-zgjedhje-korrekte\/"]}]},{"@type":"ImageObject","inLanguage":"sq","@id":"https:\/\/www.sec.mk\/sq\/apel-per-zgjedhje-korrekte\/#primaryimage","url":"https:\/\/www.sec.mk\/wp-content\/uploads\/2019\/04\/20190419_124915.jpg","contentUrl":"https:\/\/www.sec.mk\/wp-content\/uploads\/2019\/04\/20190419_124915.jpg","width":1600,"height":1200},{"@type":"BreadcrumbList","@id":"https:\/\/www.sec.mk\/sq\/apel-per-zgjedhje-korrekte\/#breadcrumb","itemListElement":[{"@type":"ListItem","position":1,"name":"Home","item":"https:\/\/www.sec.mk\/sq\/home-alb\/"},{"@type":"ListItem","position":2,"name":"Apel p\u00ebr zgjedhje korrekte"}]},{"@type":"WebSite","@id":"https:\/\/www.sec.mk\/#website","url":"https:\/\/www.sec.mk\/","name":"Komisioni Shtet\u00ebror i Zgjedhjeve","description":"","potentialAction":[{"@type":"SearchAction","target":{"@type":"EntryPoint","urlTemplate":"https:\/\/www.sec.mk\/?s={search_term_string}"},"query-input":{"@type":"PropertyValueSpecification","valueRequired":true,"valueName":"search_term_string"}}],"inLanguage":"sq"},{"@type":"Person","@id":"https:\/\/www.sec.mk\/#\/schema\/person\/29abc72a80e3cc06ff8c26a73ab71717","name":"Alban Sinani","image":{"@type":"ImageObject","inLanguage":"sq","@id":"https:\/\/www.sec.mk\/#\/schema\/person\/image\/","url":"https:\/\/secure.gravatar.com\/avatar\/deced18e567e65a38c1eacab0980a67fd60d2ced45651f0666961e7d71b5b9b5?s=96&d=mm&r=g","contentUrl":"https:\/\/secure.gravatar.com\/avatar\/deced18e567e65a38c1eacab0980a67fd60d2ced45651f0666961e7d71b5b9b5?s=96&d=mm&r=g","caption":"Alban Sinani"},"sameAs":["https:\/\/sec.mk"]}]}},"_links":{"self":[{"href":"https:\/\/www.sec.mk\/sq\/wp-json\/wp\/v2\/posts\/17436","targetHints":{"allow":["GET"]}}],"collection":[{"href":"https:\/\/www.sec.mk\/sq\/wp-json\/wp\/v2\/posts"}],"about":[{"href":"https:\/\/www.sec.mk\/sq\/wp-json\/wp\/v2\/types\/post"}],"author":[{"embeddable":true,"href":"https:\/\/www.sec.mk\/sq\/wp-json\/wp\/v2\/users\/8"}],"replies":[{"embeddable":true,"href":"https:\/\/www.sec.mk\/sq\/wp-json\/wp\/v2\/comments?post=17436"}],"version-history":[{"count":0,"href":"https:\/\/www.sec.mk\/sq\/wp-json\/wp\/v2\/posts\/17436\/revisions"}],"wp:featuredmedia":[{"embeddable":true,"href":"https:\/\/www.sec.mk\/sq\/wp-json\/wp\/v2\/media\/17427"}],"wp:attachment":[{"href":"https:\/\/www.sec.mk\/sq\/wp-json\/wp\/v2\/media?parent=17436"}],"wp:term":[{"taxonomy":"category","embeddable":true,"href":"https:\/\/www.sec.mk\/sq\/wp-json\/wp\/v2\/categories?post=17436"},{"taxonomy":"post_tag","embeddable":true,"href":"https:\/\/www.sec.mk\/sq\/wp-json\/wp\/v2\/tags?post=17436"}],"curies":[{"name":"wp","href":"https:\/\/api.w.org\/{rel}","templated":true}]}}