{"id":18204,"date":"2019-05-13T15:41:13","date_gmt":"2019-05-13T14:41:13","guid":{"rendered":"http:\/\/www.sec.mk\/seanca-e-41-te-e-komisionit-shteteror-te-zgjedhjeve\/"},"modified":"2019-05-13T15:41:13","modified_gmt":"2019-05-13T14:41:13","slug":"seanca-e-41-te-e-komisionit-shteteror-te-zgjedhjeve","status":"publish","type":"post","link":"https:\/\/www.sec.mk\/sq\/seanca-e-41-te-e-komisionit-shteteror-te-zgjedhjeve\/","title":{"rendered":"Seanca e 41-t\u00eb e Komisionit shtet\u00ebror t\u00eb zgjedhjeve"},"content":{"rendered":"\n<p>Komisioni shtet\u00ebror i zgjedhjeve, n\u00eb seanc\u00ebn e 41-t\u00eb, mbajtur m\u00eb 11.05.2019, duke pasur parasysh se n\u00eb suaza t\u00eb afatit ligjor n\u00eb Gjykat\u00ebn administrative t\u00eb Republik\u00ebs s\u00eb Maqedonis\u00eb s\u00eb Veriut dhe n\u00eb Komisionin shtet\u00ebror t\u00eb zgjedhjeve nuk ka padi t\u00eb parashtruara p\u00ebr mbrojtjen e s\u00eb drejt\u00ebs zgjedhore t\u00eb parashtruesve t\u00eb listave t\u00eb kandidatit, miratoi Konkluzionin e shpalljes s\u00eb rezultateve p\u00ebrfundimtare t\u00eb rrethit t\u00eb dyt\u00eb t\u00eb votimit t\u00eb Zgjedhjeve p\u00ebr zgjedhjen e Kryetarit t\u00eb Republik\u00ebs dhe me k\u00ebt\u00eb rezultatet e votimit jan\u00eb p\u00ebrfundimtare.<\/p>\n\n<p>Komisioni shtet\u00ebror i zgjedhjeve, duke u bazuar sipas t\u00eb dh\u00ebnave t\u00eb procesverbaleve t\u00eb dor\u00ebzuara t\u00eb k\u00ebshillave zgjedhor, komisioneve komunale zgjedhore, t\u00eb materialit t\u00eb t\u00ebr\u00ebsish\u00ebm zgjedhor si dhe sipas Aktvendimeve t\u00eb miratuara t\u00eb Komisionit shtet\u00ebror t\u00eb zgjedhjeve, konfirmoi se prej gjithsej 1.808.131 zgjedh\u00ebsve t\u00eb regjistruar n\u00eb Ekstraktin e p\u00ebrmbyllur t\u00eb list\u00ebs zgjedhore, kan\u00eb votuar 843.508 zgjedh\u00ebs, p\u00ebrllogaritur n\u00eb p\u00ebrqindje \u00ebsht\u00eb 46.65%. Sipas rezultateve t\u00eb p\u00ebrllogaritura dhe t\u00eb verifikuara t\u00eb votimit t\u00eb realizuar m\u00eb 05.05.2019 dhe miratimit t\u00eb Aktvendimeve t\u00eb Komisionit shtet\u00ebror t\u00eb zgjedhjeve, numri i p\u00ebrgjithsh\u00ebm i votave t\u00eb cilat i ka fituar secila List\u00eb e kandidatit p\u00ebr kryetar ve\u00e7 e ve\u00e7 \u00ebsht\u00eb:<\/p>\n\n<p>&#8211; kandidatja Gordana Siljanovska Davkova, ka fituar 377.446 vota, p\u00ebrllogaritur n\u00eb p\u00ebrqindje \u00ebsht\u00eb 44,75%<\/p>\n\n<p>&#8211; kandidati Stevo Pendarovski, ka fituar 435.656 vota, p\u00ebrllogaritur n\u00eb p\u00ebrqindje \u00ebsht\u00eb 51,65%.<\/p>\n\n<p>N\u00eb baz\u00eb t\u00eb nenit 121 paragrafi (3), Komisioni shtet\u00ebror i zgjedhjeve, sipas rezultateve t\u00eb p\u00ebrllogaritura dhe t\u00eb verifikuara t\u00eb votimit, konstatoi se Stevo Pendarovski \u00ebsht\u00eb zgjedhur kryetar i Republik\u00ebs, si kandidati i cili ka fituar shumic\u00ebn e votave t\u00eb zgjedh\u00ebsve t\u00eb cil\u00ebt kan\u00eb votuar.<\/p>\n\n<p>Nj\u00ebkoh\u00ebsisht, n\u00eb seanc\u00eb u miratua Konkluzion sipas s\u00eb cilit me shpalljen e rezultateve p\u00ebrfundimtare t\u00eb Zgjedhjeve p\u00ebr zgjedhjen e Kryetarit, p\u00ebrfundojn\u00eb Zgjedhjet presidenciale 2019.<\/p>\n\n<p style=\"text-align:center\"><p style=\"text-align: center;\"><strong>KOMISIONI SHTET\u00cbROR I ZGJEDHJEVE<\/strong><\/p><\/p>\n","protected":false},"excerpt":{"rendered":"<p>Komisioni shtet\u00ebror i zgjedhjeve, n\u00eb seanc\u00ebn e 41-t\u00eb, mbajtur m\u00eb 11.05.2019, duke pasur parasysh se n\u00eb suaza t\u00eb afatit ligjor n\u00eb Gjykat\u00ebn administrative t\u00eb Republik\u00ebs s\u00eb Maqedonis\u00eb s\u00eb Veriut dhe [&hellip;]<\/p>\n","protected":false},"author":8,"featured_media":0,"comment_status":"closed","ping_status":"closed","sticky":true,"template":"","format":"standard","meta":{"footnotes":""},"categories":[23,34,21],"tags":[],"class_list":["post-18204","post","type-post","status-publish","format-standard","hentry","category-njoftime","category-posledni-objavi-sq","category-risi"],"yoast_head":"<!-- This site is optimized with the Yoast SEO plugin v26.2 - https:\/\/yoast.com\/wordpress\/plugins\/seo\/ -->\n<title>Seanca e 41-t\u00eb e Komisionit shtet\u00ebror t\u00eb zgjedhjeve - Komisioni Shtet\u00ebror i Zgjedhjeve<\/title>\n<meta name=\"description\" content=\"Komisioni shtet\u00ebror i zgjedhjeve, n\u00eb seanc\u00ebn e 41-t\u00eb, mbajtur m\u00eb 11.05.2019, duke pasur parasysh se n\u00eb suaza t\u00eb afatit ligjor n\u00eb Gjykat\u00ebn administrative\" \/>\n<meta name=\"robots\" content=\"index, follow, max-snippet:-1, max-image-preview:large, max-video-preview:-1\" \/>\n<link rel=\"canonical\" href=\"https:\/\/www.sec.mk\/sq\/seanca-e-41-te-e-komisionit-shteteror-te-zgjedhjeve\/\" \/>\n<meta property=\"og:locale\" content=\"sq_AL\" \/>\n<meta property=\"og:type\" content=\"article\" \/>\n<meta property=\"og:title\" content=\"Seanca e 41-t\u00eb e Komisionit shtet\u00ebror t\u00eb zgjedhjeve - Komisioni Shtet\u00ebror i Zgjedhjeve\" \/>\n<meta property=\"og:description\" content=\"Komisioni shtet\u00ebror i zgjedhjeve, n\u00eb seanc\u00ebn e 41-t\u00eb, mbajtur m\u00eb 11.05.2019, duke pasur parasysh se n\u00eb suaza t\u00eb afatit ligjor n\u00eb Gjykat\u00ebn administrative\" \/>\n<meta property=\"og:url\" content=\"https:\/\/www.sec.mk\/sq\/seanca-e-41-te-e-komisionit-shteteror-te-zgjedhjeve\/\" \/>\n<meta property=\"og:site_name\" content=\"Komisioni Shtet\u00ebror i Zgjedhjeve\" \/>\n<meta property=\"article:published_time\" content=\"2019-05-13T14:41:13+00:00\" \/>\n<meta name=\"author\" content=\"Alban Sinani\" \/>\n<meta name=\"twitter:card\" content=\"summary_large_image\" \/>\n<meta name=\"twitter:label1\" content=\"Written by\" \/>\n\t<meta name=\"twitter:data1\" content=\"Alban Sinani\" \/>\n\t<meta name=\"twitter:label2\" content=\"Est. reading time\" \/>\n\t<meta name=\"twitter:data2\" content=\"2 minuta\" \/>\n<script type=\"application\/ld+json\" class=\"yoast-schema-graph\">{\"@context\":\"https:\/\/schema.org\",\"@graph\":[{\"@type\":\"WebPage\",\"@id\":\"https:\/\/www.sec.mk\/sq\/seanca-e-41-te-e-komisionit-shteteror-te-zgjedhjeve\/\",\"url\":\"https:\/\/www.sec.mk\/sq\/seanca-e-41-te-e-komisionit-shteteror-te-zgjedhjeve\/\",\"name\":\"Seanca e 41-t\u00eb e Komisionit shtet\u00ebror t\u00eb zgjedhjeve - Komisioni Shtet\u00ebror i Zgjedhjeve\",\"isPartOf\":{\"@id\":\"https:\/\/www.sec.mk\/#website\"},\"datePublished\":\"2019-05-13T14:41:13+00:00\",\"author\":{\"@id\":\"https:\/\/www.sec.mk\/#\/schema\/person\/29abc72a80e3cc06ff8c26a73ab71717\"},\"description\":\"Komisioni shtet\u00ebror i zgjedhjeve, n\u00eb seanc\u00ebn e 41-t\u00eb, mbajtur m\u00eb 11.05.2019, duke pasur parasysh se n\u00eb suaza t\u00eb afatit ligjor n\u00eb Gjykat\u00ebn administrative\",\"breadcrumb\":{\"@id\":\"https:\/\/www.sec.mk\/sq\/seanca-e-41-te-e-komisionit-shteteror-te-zgjedhjeve\/#breadcrumb\"},\"inLanguage\":\"sq\",\"potentialAction\":[{\"@type\":\"ReadAction\",\"target\":[\"https:\/\/www.sec.mk\/sq\/seanca-e-41-te-e-komisionit-shteteror-te-zgjedhjeve\/\"]}]},{\"@type\":\"BreadcrumbList\",\"@id\":\"https:\/\/www.sec.mk\/sq\/seanca-e-41-te-e-komisionit-shteteror-te-zgjedhjeve\/#breadcrumb\",\"itemListElement\":[{\"@type\":\"ListItem\",\"position\":1,\"name\":\"Home\",\"item\":\"https:\/\/www.sec.mk\/sq\/home-alb\/\"},{\"@type\":\"ListItem\",\"position\":2,\"name\":\"Seanca e 41-t\u00eb e Komisionit shtet\u00ebror t\u00eb zgjedhjeve\"}]},{\"@type\":\"WebSite\",\"@id\":\"https:\/\/www.sec.mk\/#website\",\"url\":\"https:\/\/www.sec.mk\/\",\"name\":\"Komisioni Shtet\u00ebror i Zgjedhjeve\",\"description\":\"\",\"potentialAction\":[{\"@type\":\"SearchAction\",\"target\":{\"@type\":\"EntryPoint\",\"urlTemplate\":\"https:\/\/www.sec.mk\/?s={search_term_string}\"},\"query-input\":{\"@type\":\"PropertyValueSpecification\",\"valueRequired\":true,\"valueName\":\"search_term_string\"}}],\"inLanguage\":\"sq\"},{\"@type\":\"Person\",\"@id\":\"https:\/\/www.sec.mk\/#\/schema\/person\/29abc72a80e3cc06ff8c26a73ab71717\",\"name\":\"Alban Sinani\",\"image\":{\"@type\":\"ImageObject\",\"inLanguage\":\"sq\",\"@id\":\"https:\/\/www.sec.mk\/#\/schema\/person\/image\/\",\"url\":\"https:\/\/secure.gravatar.com\/avatar\/deced18e567e65a38c1eacab0980a67fd60d2ced45651f0666961e7d71b5b9b5?s=96&d=mm&r=g\",\"contentUrl\":\"https:\/\/secure.gravatar.com\/avatar\/deced18e567e65a38c1eacab0980a67fd60d2ced45651f0666961e7d71b5b9b5?s=96&d=mm&r=g\",\"caption\":\"Alban Sinani\"},\"sameAs\":[\"https:\/\/sec.mk\"]}]}<\/script>\n<!-- \/ Yoast SEO plugin. -->","yoast_head_json":{"title":"Seanca e 41-t\u00eb e Komisionit shtet\u00ebror t\u00eb zgjedhjeve - Komisioni Shtet\u00ebror i Zgjedhjeve","description":"Komisioni shtet\u00ebror i zgjedhjeve, n\u00eb seanc\u00ebn e 41-t\u00eb, mbajtur m\u00eb 11.05.2019, duke pasur parasysh se n\u00eb suaza t\u00eb afatit ligjor n\u00eb Gjykat\u00ebn administrative","robots":{"index":"index","follow":"follow","max-snippet":"max-snippet:-1","max-image-preview":"max-image-preview:large","max-video-preview":"max-video-preview:-1"},"canonical":"https:\/\/www.sec.mk\/sq\/seanca-e-41-te-e-komisionit-shteteror-te-zgjedhjeve\/","og_locale":"sq_AL","og_type":"article","og_title":"Seanca e 41-t\u00eb e Komisionit shtet\u00ebror t\u00eb zgjedhjeve - Komisioni Shtet\u00ebror i Zgjedhjeve","og_description":"Komisioni shtet\u00ebror i zgjedhjeve, n\u00eb seanc\u00ebn e 41-t\u00eb, mbajtur m\u00eb 11.05.2019, duke pasur parasysh se n\u00eb suaza t\u00eb afatit ligjor n\u00eb Gjykat\u00ebn administrative","og_url":"https:\/\/www.sec.mk\/sq\/seanca-e-41-te-e-komisionit-shteteror-te-zgjedhjeve\/","og_site_name":"Komisioni Shtet\u00ebror i Zgjedhjeve","article_published_time":"2019-05-13T14:41:13+00:00","author":"Alban Sinani","twitter_card":"summary_large_image","twitter_misc":{"Written by":"Alban Sinani","Est. reading time":"2 minuta"},"schema":{"@context":"https:\/\/schema.org","@graph":[{"@type":"WebPage","@id":"https:\/\/www.sec.mk\/sq\/seanca-e-41-te-e-komisionit-shteteror-te-zgjedhjeve\/","url":"https:\/\/www.sec.mk\/sq\/seanca-e-41-te-e-komisionit-shteteror-te-zgjedhjeve\/","name":"Seanca e 41-t\u00eb e Komisionit shtet\u00ebror t\u00eb zgjedhjeve - Komisioni Shtet\u00ebror i Zgjedhjeve","isPartOf":{"@id":"https:\/\/www.sec.mk\/#website"},"datePublished":"2019-05-13T14:41:13+00:00","author":{"@id":"https:\/\/www.sec.mk\/#\/schema\/person\/29abc72a80e3cc06ff8c26a73ab71717"},"description":"Komisioni shtet\u00ebror i zgjedhjeve, n\u00eb seanc\u00ebn e 41-t\u00eb, mbajtur m\u00eb 11.05.2019, duke pasur parasysh se n\u00eb suaza t\u00eb afatit ligjor n\u00eb Gjykat\u00ebn administrative","breadcrumb":{"@id":"https:\/\/www.sec.mk\/sq\/seanca-e-41-te-e-komisionit-shteteror-te-zgjedhjeve\/#breadcrumb"},"inLanguage":"sq","potentialAction":[{"@type":"ReadAction","target":["https:\/\/www.sec.mk\/sq\/seanca-e-41-te-e-komisionit-shteteror-te-zgjedhjeve\/"]}]},{"@type":"BreadcrumbList","@id":"https:\/\/www.sec.mk\/sq\/seanca-e-41-te-e-komisionit-shteteror-te-zgjedhjeve\/#breadcrumb","itemListElement":[{"@type":"ListItem","position":1,"name":"Home","item":"https:\/\/www.sec.mk\/sq\/home-alb\/"},{"@type":"ListItem","position":2,"name":"Seanca e 41-t\u00eb e Komisionit shtet\u00ebror t\u00eb zgjedhjeve"}]},{"@type":"WebSite","@id":"https:\/\/www.sec.mk\/#website","url":"https:\/\/www.sec.mk\/","name":"Komisioni Shtet\u00ebror i Zgjedhjeve","description":"","potentialAction":[{"@type":"SearchAction","target":{"@type":"EntryPoint","urlTemplate":"https:\/\/www.sec.mk\/?s={search_term_string}"},"query-input":{"@type":"PropertyValueSpecification","valueRequired":true,"valueName":"search_term_string"}}],"inLanguage":"sq"},{"@type":"Person","@id":"https:\/\/www.sec.mk\/#\/schema\/person\/29abc72a80e3cc06ff8c26a73ab71717","name":"Alban Sinani","image":{"@type":"ImageObject","inLanguage":"sq","@id":"https:\/\/www.sec.mk\/#\/schema\/person\/image\/","url":"https:\/\/secure.gravatar.com\/avatar\/deced18e567e65a38c1eacab0980a67fd60d2ced45651f0666961e7d71b5b9b5?s=96&d=mm&r=g","contentUrl":"https:\/\/secure.gravatar.com\/avatar\/deced18e567e65a38c1eacab0980a67fd60d2ced45651f0666961e7d71b5b9b5?s=96&d=mm&r=g","caption":"Alban Sinani"},"sameAs":["https:\/\/sec.mk"]}]}},"_links":{"self":[{"href":"https:\/\/www.sec.mk\/sq\/wp-json\/wp\/v2\/posts\/18204","targetHints":{"allow":["GET"]}}],"collection":[{"href":"https:\/\/www.sec.mk\/sq\/wp-json\/wp\/v2\/posts"}],"about":[{"href":"https:\/\/www.sec.mk\/sq\/wp-json\/wp\/v2\/types\/post"}],"author":[{"embeddable":true,"href":"https:\/\/www.sec.mk\/sq\/wp-json\/wp\/v2\/users\/8"}],"replies":[{"embeddable":true,"href":"https:\/\/www.sec.mk\/sq\/wp-json\/wp\/v2\/comments?post=18204"}],"version-history":[{"count":1,"href":"https:\/\/www.sec.mk\/sq\/wp-json\/wp\/v2\/posts\/18204\/revisions"}],"predecessor-version":[{"id":18205,"href":"https:\/\/www.sec.mk\/sq\/wp-json\/wp\/v2\/posts\/18204\/revisions\/18205"}],"wp:attachment":[{"href":"https:\/\/www.sec.mk\/sq\/wp-json\/wp\/v2\/media?parent=18204"}],"wp:term":[{"taxonomy":"category","embeddable":true,"href":"https:\/\/www.sec.mk\/sq\/wp-json\/wp\/v2\/categories?post=18204"},{"taxonomy":"post_tag","embeddable":true,"href":"https:\/\/www.sec.mk\/sq\/wp-json\/wp\/v2\/tags?post=18204"}],"curies":[{"name":"wp","href":"https:\/\/api.w.org\/{rel}","templated":true}]}}