{"id":18500,"date":"2019-12-25T17:26:56","date_gmt":"2019-12-25T16:26:56","guid":{"rendered":"http:\/\/www.sec.mk\/thirrje-per-paraqitjen-e-kandidateve-te-interesuar-te-behen-bashkepuntore-t-e-stafit-per-edukim-ne-kshz\/"},"modified":"2019-12-25T22:05:25","modified_gmt":"2019-12-25T21:05:25","slug":"thirrje-per-paraqitjen-e-kandidateve-te-interesuar-te-behen-bashkepuntore-t-e-stafit-per-edukim-ne-kshz","status":"publish","type":"post","link":"https:\/\/www.sec.mk\/sq\/thirrje-per-paraqitjen-e-kandidateve-te-interesuar-te-behen-bashkepuntore-t-e-stafit-per-edukim-ne-kshz\/","title":{"rendered":"Thirrje p\u00ebr paraqitjen e kandidat\u00ebve  t\u00eb interesuar t\u00eb b\u00ebhen bashk\u00ebpuntor\u00eb t \u00eb  stafit p\u00ebr edukim n\u00eb KSHZ"},"content":{"rendered":"\n\n\n<p style=\"text-align: justify;\">Komisioni shtet\u00ebror i zgjedhjeve n\u00eb pajtim me kushtet e parashtruara n\u00eb \u201eProgramin e edukimit t\u00eb detyruesh\u00ebm t\u00eb Komisionit komunal t\u00eb zgjedhjeve, k\u00ebshillave zgjedhor\u00eb p\u00ebr votim n\u00eb Republik\u00ebn e Maqedonis\u00eb s\u00eb Veriut dhe K\u00ebshillave zgjedhor\u00eb p\u00ebr votim jasht\u00eb vendit\u201d, p\u00ebr zgjedhjet e parakohshme p\u00ebr deputet\u00eb n\u00eb Kuvendin e Maqedonis\u00eb s\u00eb Veriut 2020, Shpall<\/p>\n\n&nbsp;\n\n<p style=\"text-align: center;\"><strong>THIRRJE P\u00cbR PARAQITJEN E KANDIDAT\u00cbVE <\/strong><\/p>\n\n<p style=\"text-align: center;\"><strong>T\u00cb INTERESUAR T\u00cb B\u00cbHEN BASHK\u00cbPUNTOR\u00cb T<\/strong><\/p>\n\n<p style=\"text-align: center;\"><strong>\u00cb&nbsp; STAFIT P\u00cbR EDUKIM N\u00cb KSHZ&nbsp;&nbsp;&nbsp;&nbsp;&nbsp;&nbsp;&nbsp;&nbsp; <\/strong><\/p>\n\n<p style=\"text-align: justify;\"><strong>Nga kandidat\u00ebt e interesuar dot\u00eb selektohen m\u00eb s\u00eb shumti&nbsp; 25 kandidat\u00eb<\/strong><strong>.<\/strong><\/p>\n\n<p style=\"text-align: justify;\"><strong>Nga kandidat\u00ebt q\u00eb do ta kalojn\u00eb selektimin <\/strong><\/p>\n<ul>\n \t<li><p style=\"text-align: justify;\">Ta vizitojn\u00eb trajnimin ,, Trajnim p\u00ebr trajnuesit \u201c n\u00eb koh\u00ebzgjatje prej 5 dit\u00ebve, me q\u00ebllim ta p\u00ebrforcojn\u00eb dijen dhe aft\u00ebsit\u00eb e kandidat\u00ebve p\u00ebr zbatimin e trajnimit\/edukimit e moshave madhore p\u00ebr procesin zgjedhor si dhe p\u00ebrgjegj\u00ebsit\u00eb e organeve zgjedhore dhe gjitha pal\u00ebve t\u00eb ky\u00e7ura dhe<\/p><\/li>\n \t<li><p style=\"text-align: justify;\">Program rrjedh\u00ebs p\u00ebr mb\u00ebshtetje mentoreske nga ana e t\u00eb pun\u00ebsuarve n\u00eb Sektorin e e edukimit t\u00eb KSHZ-s\u00eb.<\/p><\/li>\n<\/ul>\n&nbsp;\n\n<p style=\"text-align: justify;\">KSHZ-ja p\u00ebr kandidat\u00ebt q\u00eb do ta kaklojn\u00eb me sukses&nbsp; trajnimin p\u00ebr trajnues dhe procesin e selektimit do t\u00eb ndaj\u00eb sertifikate. Kandidat\u00ebt e sertifikuar kan\u00eb p\u00ebr detyr\u00eb q\u00eb ta zbatojn\u00eb trajnimin komisioneve komunale t\u00eb zgjedhjeve dhe k\u00ebshillave zgjedhor\u00eb sipas nevojave t\u00eb p\u00ebrcaktuaradhe programit t\u00eb miratuar t\u00eb KSH-s\u00eb , n\u00eb pajtim me kalendarin e afateve p\u00ebr organizimin e Zgjedhjeve t\u00eb parakohshme p\u00ebr deputet\u00eb n\u00eb Kuvendin Maqedonis\u00eb s\u00eb Veriut 2020<\/p>\n<p>&nbsp;<\/p>\n<p style=\"text-align: justify;\"><strong>Kushtet t\u00eb cilat duhet ti p\u00ebrmbush\u00eb kandidati<\/strong><strong>:<\/strong><\/p>\n<ol>\n \t<li><p style=\"text-align: justify;\">T\u00eb jet\u00eb shtetas i Republik\u00ebs s\u00eb Maqedonis\u00eb s\u00eb Veriut (legjitimohet me kopje t\u00eb let\u00ebrnjoftimit \/ose pasaport\u00ebs);<\/p><\/li>\n \t<li><p style=\"text-align: justify;\">T\u00eb ket\u00eb t\u00eb kryer arsimim t\u00eb lart\u00eb(dor\u00ebzohet kopje e diplom\u00ebs ose\/ t\u00eb \u00e7ertifikat\u00ebs p\u00ebr mbarimin e arsimimit t\u00eb lart\u00eb);<\/p><\/li>\n \t<li><p style=\"text-align: justify;\">P\u00ebrvoj\u00eb p\u00ebr zbatimin e trajnimeve n\u00eb organizim t\u00eb organizatatave qytetare ose\/ administrat\u00ebs publiken\u00eb l\u00ebmin\u00eb juridike\/ose sistemit politik(tregohet kopje e sertifikatit, v\u00ebrtetimit ose \u00e7ertifikat\u00ebs);<\/p><\/li>\n \t<li><p style=\"text-align: justify;\">P\u00ebrvoja e m\u00ebpaershme n\u00eb procesin zgjedhor logaritet si avansim ( tregohet kopje e sertifikatit, v\u00ebrtetimit ose \u00e7ertifikat\u00ebs);<\/p><\/li>\n<\/ol>\n&nbsp;\n\n<strong>&nbsp;<\/strong>\n\n<strong>P\u00ebrgjegj\u00ebsit\u00eb<\/strong><strong>:<\/strong>\n<ul>\n \t<li><p style=\"text-align: justify;\">P\u00ebrgaditja dhe zbatimi i trajnimeve t\u00eb Komisioneve komunale t\u00eb zgjedhjeve dhe t\u00eb k\u00ebshillave zgjedhor\u00eb n\u00eb p\u00ebrgaditjen e Zgjedhjeve t\u00eb parakohshme p\u00ebr deputet\u00eb n\u00eb Kuvendin Maqedonis\u00eb s\u00eb Veriut 2020;<\/p><\/li>\n \t<li><p style=\"text-align: justify;\">Zbatimi i trajnimeve gjat\u00eb koh\u00ebs s\u00eb dit\u00ebve t\u00eb pun\u00ebs, dit\u00ebve t\u00eb fundjav\u00ebs dhe festave shtet\u00ebrore;<\/p><\/li>\n \t<li><p style=\"text-align: justify;\">Puna e p\u00ebrbashk\u00ebt me stafin e trajnuesve n\u00ebn udh\u00ebheqjen e e mentorit t\u00eb KSHZ-s\u00eb;<\/p><\/li>\n \t<li><p style=\"text-align: justify;\">Udh\u00ebtimi brenda shtetit n\u00eb pajtim me nevojat:<\/p><\/li>\n<\/ul>\n<p style=\"text-align: justify;\"><strong>Kandidat\u00ebt e interesuar flet\u00ebparaqitjet e tyre veta( komplete me CV dhe d\u00ebshmit\u00eb e duhura ti dor\u00ebzojn\u00eb m\u00eb s\u00eb voni deri m\u00eb <\/strong><strong>08.01.2020 <\/strong><strong>&nbsp;<\/strong><strong>n\u00eb ora <\/strong><strong>14:00 (<\/strong><strong>e m\u00ebrkur\u00eb<\/strong><strong>) <\/strong><strong>n\u00eb k\u00ebt\u00eb adres\u00eb<\/strong><strong>: <\/strong><strong>Bul<\/strong><strong>. Sv.Kiril I <\/strong><strong>Metodi nr<\/strong><strong>. 54, 1000 Shkup ose n\u00eb m\u00ebnyr\u00eb elektronike &nbsp;\u0435-mail : <a href=\"mailto:izbori@sec.mk\">izbori@sec.mk<\/a><\/strong><\/p>\n<p>&nbsp;<\/p>\n&nbsp;\n\n&nbsp;\n\n<strong>&nbsp;&nbsp;&nbsp;&nbsp;&nbsp;&nbsp;&nbsp;&nbsp;&nbsp;&nbsp;&nbsp;&nbsp;&nbsp;&nbsp;&nbsp;&nbsp;&nbsp;&nbsp;&nbsp;&nbsp;&nbsp;&nbsp;&nbsp;&nbsp;&nbsp;&nbsp; <\/strong><strong>&nbsp;&nbsp;&nbsp;&nbsp;&nbsp;&nbsp;&nbsp;&nbsp;&nbsp;&nbsp;&nbsp;&nbsp;&nbsp;&nbsp;&nbsp;&nbsp;&nbsp;&nbsp;&nbsp;&nbsp;&nbsp;&nbsp;&nbsp;&nbsp;&nbsp;&nbsp;&nbsp;&nbsp;&nbsp;&nbsp;&nbsp;&nbsp;&nbsp;&nbsp;&nbsp;&nbsp;&nbsp;&nbsp;&nbsp;&nbsp;&nbsp;&nbsp;&nbsp;&nbsp;&nbsp;&nbsp;&nbsp;&nbsp;&nbsp;&nbsp;&nbsp;&nbsp;&nbsp;&nbsp;&nbsp;&nbsp;&nbsp;&nbsp;&nbsp;&nbsp;&nbsp;&nbsp;&nbsp;&nbsp;&nbsp;&nbsp;&nbsp;&nbsp;&nbsp;<\/strong><strong>&nbsp;&nbsp;&nbsp;&nbsp;<\/strong><strong>KOMISIONI SHTET\u00cbR I ZGJEDHJEVE <\/strong>\n\n<strong>&nbsp;&nbsp;&nbsp;&nbsp;&nbsp;&nbsp;&nbsp;&nbsp;&nbsp;&nbsp;&nbsp;&nbsp;&nbsp;&nbsp;&nbsp;&nbsp;&nbsp;&nbsp;&nbsp;&nbsp;&nbsp;&nbsp;&nbsp;&nbsp;&nbsp;&nbsp;&nbsp;&nbsp;&nbsp;&nbsp;&nbsp;&nbsp;&nbsp;&nbsp;&nbsp;&nbsp;&nbsp;&nbsp;&nbsp;&nbsp;&nbsp;&nbsp;&nbsp;&nbsp;&nbsp;&nbsp;&nbsp;&nbsp;&nbsp;&nbsp;&nbsp;&nbsp;&nbsp;&nbsp;&nbsp;&nbsp;&nbsp;&nbsp;&nbsp;&nbsp;&nbsp;&nbsp;&nbsp;&nbsp;&nbsp;&nbsp;&nbsp;&nbsp;&nbsp;&nbsp;&nbsp;&nbsp;&nbsp;&nbsp;&nbsp;&nbsp;&nbsp;&nbsp;&nbsp;&nbsp;&nbsp;&nbsp;&nbsp;&nbsp;&nbsp;&nbsp;&nbsp;&nbsp;&nbsp;&nbsp;&nbsp;&nbsp;&nbsp;&nbsp;&nbsp;&nbsp;&nbsp;&nbsp;&nbsp;&nbsp;&nbsp;&nbsp;&nbsp;&nbsp;&nbsp;&nbsp;&nbsp;&nbsp;&nbsp;&nbsp;&nbsp;&nbsp;&nbsp;&nbsp;&nbsp;&nbsp;&nbsp;&nbsp;&nbsp;&nbsp;&nbsp;&nbsp;&nbsp;&nbsp;&nbsp;&nbsp;&nbsp;&nbsp;&nbsp;&nbsp;&nbsp;&nbsp;&nbsp;&nbsp;&nbsp; <\/strong><strong>&nbsp;&nbsp;&nbsp;<\/strong><strong>&nbsp;&nbsp;<\/strong><strong>Kryetar<\/strong><strong>,<\/strong>\n\n<strong>&nbsp;&nbsp;&nbsp;&nbsp;&nbsp;&nbsp;&nbsp;&nbsp;&nbsp;&nbsp;&nbsp;&nbsp;&nbsp;&nbsp;&nbsp;&nbsp;&nbsp;&nbsp;&nbsp;&nbsp;&nbsp;&nbsp;&nbsp;&nbsp;&nbsp;&nbsp;&nbsp;&nbsp;&nbsp;&nbsp;&nbsp;&nbsp;&nbsp;&nbsp;&nbsp;&nbsp;&nbsp;&nbsp;&nbsp;&nbsp;&nbsp;&nbsp;&nbsp;&nbsp;&nbsp;&nbsp;&nbsp;&nbsp;&nbsp;&nbsp;&nbsp;&nbsp;&nbsp;&nbsp;&nbsp;&nbsp;&nbsp;&nbsp;&nbsp;&nbsp;&nbsp;&nbsp;&nbsp;&nbsp;&nbsp;&nbsp;&nbsp;&nbsp;&nbsp;&nbsp;&nbsp;&nbsp;&nbsp;&nbsp;&nbsp;&nbsp;&nbsp;&nbsp;&nbsp;&nbsp;&nbsp;&nbsp;&nbsp;&nbsp;&nbsp;&nbsp;&nbsp;&nbsp;&nbsp;&nbsp;&nbsp;&nbsp;&nbsp;&nbsp;&nbsp;&nbsp;&nbsp;&nbsp;&nbsp;&nbsp;&nbsp;&nbsp;&nbsp;&nbsp;&nbsp; &nbsp;&nbsp;&nbsp;&nbsp;&nbsp;&nbsp;&nbsp;&nbsp;&nbsp;&nbsp;&nbsp;&nbsp;&nbsp;&nbsp;&nbsp;&nbsp;&nbsp;&nbsp;<\/strong><strong>&nbsp;&nbsp;<\/strong><strong>&nbsp;&nbsp;&nbsp;&nbsp;&nbsp;&nbsp;&nbsp;&nbsp;<\/strong><strong>Oliver Derkoski <\/strong><strong>&nbsp;&nbsp;&nbsp;&nbsp;&nbsp;<\/strong>\n\n<strong>&nbsp;&nbsp;&nbsp;&nbsp;&nbsp;&nbsp;&nbsp;&nbsp;&nbsp;&nbsp;&nbsp;&nbsp;&nbsp;&nbsp;&nbsp;&nbsp;&nbsp;&nbsp;&nbsp;&nbsp;&nbsp;&nbsp;&nbsp;&nbsp;&nbsp;&nbsp;&nbsp;&nbsp;&nbsp;&nbsp;&nbsp;&nbsp;&nbsp;&nbsp;&nbsp;&nbsp;&nbsp;&nbsp;&nbsp;&nbsp;&nbsp;&nbsp;&nbsp;&nbsp;&nbsp;&nbsp;&nbsp;&nbsp;&nbsp;&nbsp;&nbsp;&nbsp;&nbsp; <\/strong>\n","protected":false},"excerpt":{"rendered":"<p>Komisioni shtet\u00ebror i zgjedhjeve n\u00eb pajtim me kushtet e parashtruara n\u00eb \u201eProgramin e edukimit t\u00eb detyruesh\u00ebm t\u00eb Komisionit komunal t\u00eb zgjedhjeve, k\u00ebshillave zgjedhor\u00eb p\u00ebr votim n\u00eb Republik\u00ebn e Maqedonis\u00eb s\u00eb [&hellip;]<\/p>\n","protected":false},"author":3,"featured_media":0,"comment_status":"closed","ping_status":"closed","sticky":false,"template":"","format":"standard","meta":{"footnotes":""},"categories":[23,34,21],"tags":[],"class_list":["post-18500","post","type-post","status-publish","format-standard","hentry","category-njoftime","category-posledni-objavi-sq","category-risi"],"yoast_head":"<!-- This site is optimized with the Yoast SEO plugin v26.2 - https:\/\/yoast.com\/wordpress\/plugins\/seo\/ -->\n<title>Thirrje p\u00ebr paraqitjen e kandidat\u00ebve t\u00eb interesuar t\u00eb b\u00ebhen bashk\u00ebpuntor\u00eb t \u00eb stafit p\u00ebr edukim n\u00eb KSHZ - Komisioni Shtet\u00ebror i Zgjedhjeve<\/title>\n<meta name=\"description\" content=\"Komisioni shtet\u00ebror i zgjedhjeve n\u00eb pajtim me kushtet e parashtruara n\u00eb \u201eProgramin e edukimit t\u00eb detyruesh\u00ebm t\u00eb Komisionit komunal t\u00eb zgjedhjeve,\" \/>\n<meta name=\"robots\" content=\"index, follow, max-snippet:-1, max-image-preview:large, max-video-preview:-1\" \/>\n<link rel=\"canonical\" href=\"https:\/\/www.sec.mk\/sq\/thirrje-per-paraqitjen-e-kandidateve-te-interesuar-te-behen-bashkepuntore-t-e-stafit-per-edukim-ne-kshz\/\" \/>\n<meta property=\"og:locale\" content=\"sq_AL\" \/>\n<meta property=\"og:type\" content=\"article\" \/>\n<meta property=\"og:title\" content=\"Thirrje p\u00ebr paraqitjen e kandidat\u00ebve t\u00eb interesuar t\u00eb b\u00ebhen bashk\u00ebpuntor\u00eb t \u00eb stafit p\u00ebr edukim n\u00eb KSHZ - Komisioni Shtet\u00ebror i Zgjedhjeve\" \/>\n<meta property=\"og:description\" content=\"Komisioni shtet\u00ebror i zgjedhjeve n\u00eb pajtim me kushtet e parashtruara n\u00eb \u201eProgramin e edukimit t\u00eb detyruesh\u00ebm t\u00eb Komisionit komunal t\u00eb zgjedhjeve,\" \/>\n<meta property=\"og:url\" content=\"https:\/\/www.sec.mk\/sq\/thirrje-per-paraqitjen-e-kandidateve-te-interesuar-te-behen-bashkepuntore-t-e-stafit-per-edukim-ne-kshz\/\" \/>\n<meta property=\"og:site_name\" content=\"Komisioni Shtet\u00ebror i Zgjedhjeve\" \/>\n<meta property=\"article:published_time\" content=\"2019-12-25T16:26:56+00:00\" \/>\n<meta property=\"article:modified_time\" content=\"2019-12-25T21:05:25+00:00\" \/>\n<meta name=\"author\" content=\"katerina\" \/>\n<meta name=\"twitter:card\" content=\"summary_large_image\" \/>\n<meta name=\"twitter:label1\" content=\"Written by\" \/>\n\t<meta name=\"twitter:data1\" content=\"katerina\" \/>\n\t<meta name=\"twitter:label2\" content=\"Est. reading time\" \/>\n\t<meta name=\"twitter:data2\" content=\"5 minuta\" \/>\n<script type=\"application\/ld+json\" class=\"yoast-schema-graph\">{\"@context\":\"https:\/\/schema.org\",\"@graph\":[{\"@type\":\"WebPage\",\"@id\":\"https:\/\/www.sec.mk\/sq\/thirrje-per-paraqitjen-e-kandidateve-te-interesuar-te-behen-bashkepuntore-t-e-stafit-per-edukim-ne-kshz\/\",\"url\":\"https:\/\/www.sec.mk\/sq\/thirrje-per-paraqitjen-e-kandidateve-te-interesuar-te-behen-bashkepuntore-t-e-stafit-per-edukim-ne-kshz\/\",\"name\":\"Thirrje p\u00ebr paraqitjen e kandidat\u00ebve t\u00eb interesuar t\u00eb b\u00ebhen bashk\u00ebpuntor\u00eb t \u00eb stafit p\u00ebr edukim n\u00eb KSHZ - Komisioni Shtet\u00ebror i Zgjedhjeve\",\"isPartOf\":{\"@id\":\"https:\/\/www.sec.mk\/#website\"},\"datePublished\":\"2019-12-25T16:26:56+00:00\",\"dateModified\":\"2019-12-25T21:05:25+00:00\",\"author\":{\"@id\":\"https:\/\/www.sec.mk\/#\/schema\/person\/180b99a95caa0823f543ccc771cbb595\"},\"description\":\"Komisioni shtet\u00ebror i zgjedhjeve n\u00eb pajtim me kushtet e parashtruara n\u00eb \u201eProgramin e edukimit t\u00eb detyruesh\u00ebm t\u00eb Komisionit komunal t\u00eb zgjedhjeve,\",\"breadcrumb\":{\"@id\":\"https:\/\/www.sec.mk\/sq\/thirrje-per-paraqitjen-e-kandidateve-te-interesuar-te-behen-bashkepuntore-t-e-stafit-per-edukim-ne-kshz\/#breadcrumb\"},\"inLanguage\":\"sq\",\"potentialAction\":[{\"@type\":\"ReadAction\",\"target\":[\"https:\/\/www.sec.mk\/sq\/thirrje-per-paraqitjen-e-kandidateve-te-interesuar-te-behen-bashkepuntore-t-e-stafit-per-edukim-ne-kshz\/\"]}]},{\"@type\":\"BreadcrumbList\",\"@id\":\"https:\/\/www.sec.mk\/sq\/thirrje-per-paraqitjen-e-kandidateve-te-interesuar-te-behen-bashkepuntore-t-e-stafit-per-edukim-ne-kshz\/#breadcrumb\",\"itemListElement\":[{\"@type\":\"ListItem\",\"position\":1,\"name\":\"Home\",\"item\":\"https:\/\/www.sec.mk\/sq\/home-alb\/\"},{\"@type\":\"ListItem\",\"position\":2,\"name\":\"Thirrje p\u00ebr paraqitjen e kandidat\u00ebve t\u00eb interesuar t\u00eb b\u00ebhen bashk\u00ebpuntor\u00eb t \u00eb stafit p\u00ebr edukim n\u00eb KSHZ\"}]},{\"@type\":\"WebSite\",\"@id\":\"https:\/\/www.sec.mk\/#website\",\"url\":\"https:\/\/www.sec.mk\/\",\"name\":\"Komisioni Shtet\u00ebror i Zgjedhjeve\",\"description\":\"\",\"potentialAction\":[{\"@type\":\"SearchAction\",\"target\":{\"@type\":\"EntryPoint\",\"urlTemplate\":\"https:\/\/www.sec.mk\/?s={search_term_string}\"},\"query-input\":{\"@type\":\"PropertyValueSpecification\",\"valueRequired\":true,\"valueName\":\"search_term_string\"}}],\"inLanguage\":\"sq\"},{\"@type\":\"Person\",\"@id\":\"https:\/\/www.sec.mk\/#\/schema\/person\/180b99a95caa0823f543ccc771cbb595\",\"name\":\"katerina\",\"image\":{\"@type\":\"ImageObject\",\"inLanguage\":\"sq\",\"@id\":\"https:\/\/www.sec.mk\/#\/schema\/person\/image\/\",\"url\":\"https:\/\/secure.gravatar.com\/avatar\/5cfc365f3132e14b477e0c3cf8010efa73d2d91b0ee4adf8fa2429ddecf4a541?s=96&d=mm&r=g\",\"contentUrl\":\"https:\/\/secure.gravatar.com\/avatar\/5cfc365f3132e14b477e0c3cf8010efa73d2d91b0ee4adf8fa2429ddecf4a541?s=96&d=mm&r=g\",\"caption\":\"katerina\"}}]}<\/script>\n<!-- \/ Yoast SEO plugin. -->","yoast_head_json":{"title":"Thirrje p\u00ebr paraqitjen e kandidat\u00ebve t\u00eb interesuar t\u00eb b\u00ebhen bashk\u00ebpuntor\u00eb t \u00eb stafit p\u00ebr edukim n\u00eb KSHZ - Komisioni Shtet\u00ebror i Zgjedhjeve","description":"Komisioni shtet\u00ebror i zgjedhjeve n\u00eb pajtim me kushtet e parashtruara n\u00eb \u201eProgramin e edukimit t\u00eb detyruesh\u00ebm t\u00eb Komisionit komunal t\u00eb zgjedhjeve,","robots":{"index":"index","follow":"follow","max-snippet":"max-snippet:-1","max-image-preview":"max-image-preview:large","max-video-preview":"max-video-preview:-1"},"canonical":"https:\/\/www.sec.mk\/sq\/thirrje-per-paraqitjen-e-kandidateve-te-interesuar-te-behen-bashkepuntore-t-e-stafit-per-edukim-ne-kshz\/","og_locale":"sq_AL","og_type":"article","og_title":"Thirrje p\u00ebr paraqitjen e kandidat\u00ebve t\u00eb interesuar t\u00eb b\u00ebhen bashk\u00ebpuntor\u00eb t \u00eb stafit p\u00ebr edukim n\u00eb KSHZ - Komisioni Shtet\u00ebror i Zgjedhjeve","og_description":"Komisioni shtet\u00ebror i zgjedhjeve n\u00eb pajtim me kushtet e parashtruara n\u00eb \u201eProgramin e edukimit t\u00eb detyruesh\u00ebm t\u00eb Komisionit komunal t\u00eb zgjedhjeve,","og_url":"https:\/\/www.sec.mk\/sq\/thirrje-per-paraqitjen-e-kandidateve-te-interesuar-te-behen-bashkepuntore-t-e-stafit-per-edukim-ne-kshz\/","og_site_name":"Komisioni Shtet\u00ebror i Zgjedhjeve","article_published_time":"2019-12-25T16:26:56+00:00","article_modified_time":"2019-12-25T21:05:25+00:00","author":"katerina","twitter_card":"summary_large_image","twitter_misc":{"Written by":"katerina","Est. reading time":"5 minuta"},"schema":{"@context":"https:\/\/schema.org","@graph":[{"@type":"WebPage","@id":"https:\/\/www.sec.mk\/sq\/thirrje-per-paraqitjen-e-kandidateve-te-interesuar-te-behen-bashkepuntore-t-e-stafit-per-edukim-ne-kshz\/","url":"https:\/\/www.sec.mk\/sq\/thirrje-per-paraqitjen-e-kandidateve-te-interesuar-te-behen-bashkepuntore-t-e-stafit-per-edukim-ne-kshz\/","name":"Thirrje p\u00ebr paraqitjen e kandidat\u00ebve t\u00eb interesuar t\u00eb b\u00ebhen bashk\u00ebpuntor\u00eb t \u00eb stafit p\u00ebr edukim n\u00eb KSHZ - Komisioni Shtet\u00ebror i Zgjedhjeve","isPartOf":{"@id":"https:\/\/www.sec.mk\/#website"},"datePublished":"2019-12-25T16:26:56+00:00","dateModified":"2019-12-25T21:05:25+00:00","author":{"@id":"https:\/\/www.sec.mk\/#\/schema\/person\/180b99a95caa0823f543ccc771cbb595"},"description":"Komisioni shtet\u00ebror i zgjedhjeve n\u00eb pajtim me kushtet e parashtruara n\u00eb \u201eProgramin e edukimit t\u00eb detyruesh\u00ebm t\u00eb Komisionit komunal t\u00eb zgjedhjeve,","breadcrumb":{"@id":"https:\/\/www.sec.mk\/sq\/thirrje-per-paraqitjen-e-kandidateve-te-interesuar-te-behen-bashkepuntore-t-e-stafit-per-edukim-ne-kshz\/#breadcrumb"},"inLanguage":"sq","potentialAction":[{"@type":"ReadAction","target":["https:\/\/www.sec.mk\/sq\/thirrje-per-paraqitjen-e-kandidateve-te-interesuar-te-behen-bashkepuntore-t-e-stafit-per-edukim-ne-kshz\/"]}]},{"@type":"BreadcrumbList","@id":"https:\/\/www.sec.mk\/sq\/thirrje-per-paraqitjen-e-kandidateve-te-interesuar-te-behen-bashkepuntore-t-e-stafit-per-edukim-ne-kshz\/#breadcrumb","itemListElement":[{"@type":"ListItem","position":1,"name":"Home","item":"https:\/\/www.sec.mk\/sq\/home-alb\/"},{"@type":"ListItem","position":2,"name":"Thirrje p\u00ebr paraqitjen e kandidat\u00ebve t\u00eb interesuar t\u00eb b\u00ebhen bashk\u00ebpuntor\u00eb t \u00eb stafit p\u00ebr edukim n\u00eb KSHZ"}]},{"@type":"WebSite","@id":"https:\/\/www.sec.mk\/#website","url":"https:\/\/www.sec.mk\/","name":"Komisioni Shtet\u00ebror i Zgjedhjeve","description":"","potentialAction":[{"@type":"SearchAction","target":{"@type":"EntryPoint","urlTemplate":"https:\/\/www.sec.mk\/?s={search_term_string}"},"query-input":{"@type":"PropertyValueSpecification","valueRequired":true,"valueName":"search_term_string"}}],"inLanguage":"sq"},{"@type":"Person","@id":"https:\/\/www.sec.mk\/#\/schema\/person\/180b99a95caa0823f543ccc771cbb595","name":"katerina","image":{"@type":"ImageObject","inLanguage":"sq","@id":"https:\/\/www.sec.mk\/#\/schema\/person\/image\/","url":"https:\/\/secure.gravatar.com\/avatar\/5cfc365f3132e14b477e0c3cf8010efa73d2d91b0ee4adf8fa2429ddecf4a541?s=96&d=mm&r=g","contentUrl":"https:\/\/secure.gravatar.com\/avatar\/5cfc365f3132e14b477e0c3cf8010efa73d2d91b0ee4adf8fa2429ddecf4a541?s=96&d=mm&r=g","caption":"katerina"}}]}},"_links":{"self":[{"href":"https:\/\/www.sec.mk\/sq\/wp-json\/wp\/v2\/posts\/18500","targetHints":{"allow":["GET"]}}],"collection":[{"href":"https:\/\/www.sec.mk\/sq\/wp-json\/wp\/v2\/posts"}],"about":[{"href":"https:\/\/www.sec.mk\/sq\/wp-json\/wp\/v2\/types\/post"}],"author":[{"embeddable":true,"href":"https:\/\/www.sec.mk\/sq\/wp-json\/wp\/v2\/users\/3"}],"replies":[{"embeddable":true,"href":"https:\/\/www.sec.mk\/sq\/wp-json\/wp\/v2\/comments?post=18500"}],"version-history":[{"count":9,"href":"https:\/\/www.sec.mk\/sq\/wp-json\/wp\/v2\/posts\/18500\/revisions"}],"predecessor-version":[{"id":18530,"href":"https:\/\/www.sec.mk\/sq\/wp-json\/wp\/v2\/posts\/18500\/revisions\/18530"}],"wp:attachment":[{"href":"https:\/\/www.sec.mk\/sq\/wp-json\/wp\/v2\/media?parent=18500"}],"wp:term":[{"taxonomy":"category","embeddable":true,"href":"https:\/\/www.sec.mk\/sq\/wp-json\/wp\/v2\/categories?post=18500"},{"taxonomy":"post_tag","embeddable":true,"href":"https:\/\/www.sec.mk\/sq\/wp-json\/wp\/v2\/tags?post=18500"}],"curies":[{"name":"wp","href":"https:\/\/api.w.org\/{rel}","templated":true}]}}