{"id":18985,"date":"2020-02-26T11:43:08","date_gmt":"2020-02-26T10:43:08","guid":{"rendered":"http:\/\/www.sec.mk\/thirje-publike-per-kontroll-te-te-dhenave-ne-listen-zgjedhore-per-zgjedhjet-e-parakohshme-parlamentare-2020\/"},"modified":"2020-02-27T14:03:49","modified_gmt":"2020-02-27T13:03:49","slug":"thirje-publike-per-kontroll-te-te-dhenave-ne-listen-zgjedhore-per-zgjedhjet-e-parakohshme-parlamentare-2020","status":"publish","type":"post","link":"https:\/\/www.sec.mk\/sq\/thirje-publike-per-kontroll-te-te-dhenave-ne-listen-zgjedhore-per-zgjedhjet-e-parakohshme-parlamentare-2020\/","title":{"rendered":"Thirje publike p\u00ebr kontroll t\u00eb t\u00eb dh\u00ebnave n\u00eb list\u00ebn zgjedhore p\u00ebr Zgjedhjet e Parakohshme parlamentare 2020."},"content":{"rendered":"\n<p><a rel=\"noreferrer noopener\" href=\"https:\/\/drive.google.com\/open?id=1hQy72xBC51szeNUaNec8MClP6ha-M5nj\" target=\"_blank\">Thirje publike p\u00ebr kontroll t\u00eb t\u00eb dh\u00ebnave n\u00eb list\u00ebn zgjedhore p\u00ebr zgjedhjet e parakohshme p\u00ebr deputet\u00eb n\u00eb Kuvendin e Republik\u00ebs s\u00eb Maqedonis\u00eb s\u00eb Veriut, m\u00eb 12 prill 2020<\/a><\/p>\n","protected":false},"excerpt":{"rendered":"<p>Thirje publike p\u00ebr kontroll t\u00eb t\u00eb dh\u00ebnave n\u00eb list\u00ebn zgjedhore p\u00ebr zgjedhjet e parakohshme p\u00ebr deputet\u00eb n\u00eb Kuvendin e Republik\u00ebs s\u00eb Maqedonis\u00eb s\u00eb Veriut, m\u00eb 12 prill 2020<\/p>\n","protected":false},"author":7,"featured_media":29937,"comment_status":"closed","ping_status":"closed","sticky":false,"template":"","format":"standard","meta":{"footnotes":""},"categories":[43],"tags":[],"class_list":["post-18985","post","type-post","status-publish","format-standard","has-post-thumbnail","hentry","category-javen-povik-novosti-sq"],"yoast_head":"<!-- This site is optimized with the Yoast SEO plugin v26.2 - https:\/\/yoast.com\/wordpress\/plugins\/seo\/ -->\n<title>Thirje publike p\u00ebr kontroll t\u00eb t\u00eb dh\u00ebnave n\u00eb list\u00ebn zgjedhore p\u00ebr Zgjedhjet e Parakohshme parlamentare 2020. - Komisioni Shtet\u00ebror i Zgjedhjeve<\/title>\n<meta name=\"description\" content=\"Thirje publike p\u00ebr kontroll t\u00eb t\u00eb dh\u00ebnave n\u00eb list\u00ebn zgjedhore p\u00ebr zgjedhjet e parakohshme p\u00ebr deputet\u00eb n\u00eb Kuvendin e Republik\u00ebs s\u00eb Maqedonis\u00eb s\u00eb Veriut,\" \/>\n<meta name=\"robots\" content=\"index, follow, max-snippet:-1, max-image-preview:large, max-video-preview:-1\" \/>\n<link rel=\"canonical\" href=\"https:\/\/www.sec.mk\/sq\/thirje-publike-per-kontroll-te-te-dhenave-ne-listen-zgjedhore-per-zgjedhjet-e-parakohshme-parlamentare-2020\/\" \/>\n<meta property=\"og:locale\" content=\"sq_AL\" \/>\n<meta property=\"og:type\" content=\"article\" \/>\n<meta property=\"og:title\" content=\"Thirje publike p\u00ebr kontroll t\u00eb t\u00eb dh\u00ebnave n\u00eb list\u00ebn zgjedhore p\u00ebr Zgjedhjet e Parakohshme parlamentare 2020. - Komisioni Shtet\u00ebror i Zgjedhjeve\" \/>\n<meta property=\"og:description\" content=\"Thirje publike p\u00ebr kontroll t\u00eb t\u00eb dh\u00ebnave n\u00eb list\u00ebn zgjedhore p\u00ebr zgjedhjet e parakohshme p\u00ebr deputet\u00eb n\u00eb Kuvendin e Republik\u00ebs s\u00eb Maqedonis\u00eb s\u00eb Veriut,\" \/>\n<meta property=\"og:url\" content=\"https:\/\/www.sec.mk\/sq\/thirje-publike-per-kontroll-te-te-dhenave-ne-listen-zgjedhore-per-zgjedhjet-e-parakohshme-parlamentare-2020\/\" \/>\n<meta property=\"og:site_name\" content=\"Komisioni Shtet\u00ebror i Zgjedhjeve\" \/>\n<meta property=\"article:published_time\" content=\"2020-02-26T10:43:08+00:00\" \/>\n<meta property=\"article:modified_time\" content=\"2020-02-27T13:03:49+00:00\" \/>\n<meta property=\"og:image\" content=\"https:\/\/www.sec.mk\/wp-content\/uploads\/2021\/08\/post-logo-sec-1.jpg\" \/>\n\t<meta property=\"og:image:width\" content=\"600\" \/>\n\t<meta property=\"og:image:height\" content=\"449\" \/>\n\t<meta property=\"og:image:type\" content=\"image\/jpeg\" \/>\n<meta name=\"author\" content=\"Karina Donevska\" \/>\n<meta name=\"twitter:card\" content=\"summary_large_image\" \/>\n<meta name=\"twitter:label1\" content=\"Written by\" \/>\n\t<meta name=\"twitter:data1\" content=\"Karina Donevska\" \/>\n<script type=\"application\/ld+json\" class=\"yoast-schema-graph\">{\"@context\":\"https:\/\/schema.org\",\"@graph\":[{\"@type\":\"WebPage\",\"@id\":\"https:\/\/www.sec.mk\/sq\/thirje-publike-per-kontroll-te-te-dhenave-ne-listen-zgjedhore-per-zgjedhjet-e-parakohshme-parlamentare-2020\/\",\"url\":\"https:\/\/www.sec.mk\/sq\/thirje-publike-per-kontroll-te-te-dhenave-ne-listen-zgjedhore-per-zgjedhjet-e-parakohshme-parlamentare-2020\/\",\"name\":\"Thirje publike p\u00ebr kontroll t\u00eb t\u00eb dh\u00ebnave n\u00eb list\u00ebn zgjedhore p\u00ebr Zgjedhjet e Parakohshme parlamentare 2020. - Komisioni Shtet\u00ebror i Zgjedhjeve\",\"isPartOf\":{\"@id\":\"https:\/\/www.sec.mk\/#website\"},\"primaryImageOfPage\":{\"@id\":\"https:\/\/www.sec.mk\/sq\/thirje-publike-per-kontroll-te-te-dhenave-ne-listen-zgjedhore-per-zgjedhjet-e-parakohshme-parlamentare-2020\/#primaryimage\"},\"image\":{\"@id\":\"https:\/\/www.sec.mk\/sq\/thirje-publike-per-kontroll-te-te-dhenave-ne-listen-zgjedhore-per-zgjedhjet-e-parakohshme-parlamentare-2020\/#primaryimage\"},\"thumbnailUrl\":\"https:\/\/www.sec.mk\/wp-content\/uploads\/2021\/08\/post-logo-sec-1.jpg\",\"datePublished\":\"2020-02-26T10:43:08+00:00\",\"dateModified\":\"2020-02-27T13:03:49+00:00\",\"author\":{\"@id\":\"https:\/\/www.sec.mk\/#\/schema\/person\/c7c89250b0680b9d7acae0579b81830f\"},\"description\":\"Thirje publike p\u00ebr kontroll t\u00eb t\u00eb dh\u00ebnave n\u00eb list\u00ebn zgjedhore p\u00ebr zgjedhjet e parakohshme p\u00ebr deputet\u00eb n\u00eb Kuvendin e Republik\u00ebs s\u00eb Maqedonis\u00eb s\u00eb Veriut,\",\"breadcrumb\":{\"@id\":\"https:\/\/www.sec.mk\/sq\/thirje-publike-per-kontroll-te-te-dhenave-ne-listen-zgjedhore-per-zgjedhjet-e-parakohshme-parlamentare-2020\/#breadcrumb\"},\"inLanguage\":\"sq\",\"potentialAction\":[{\"@type\":\"ReadAction\",\"target\":[\"https:\/\/www.sec.mk\/sq\/thirje-publike-per-kontroll-te-te-dhenave-ne-listen-zgjedhore-per-zgjedhjet-e-parakohshme-parlamentare-2020\/\"]}]},{\"@type\":\"ImageObject\",\"inLanguage\":\"sq\",\"@id\":\"https:\/\/www.sec.mk\/sq\/thirje-publike-per-kontroll-te-te-dhenave-ne-listen-zgjedhore-per-zgjedhjet-e-parakohshme-parlamentare-2020\/#primaryimage\",\"url\":\"https:\/\/www.sec.mk\/wp-content\/uploads\/2021\/08\/post-logo-sec-1.jpg\",\"contentUrl\":\"https:\/\/www.sec.mk\/wp-content\/uploads\/2021\/08\/post-logo-sec-1.jpg\",\"width\":600,\"height\":449,\"caption\":\"\u041b\u043e\u0433\u043e \u0414\u0418\u041a \u043d\u043e\u0432\u043e\u0441\u0442\u0438\"},{\"@type\":\"BreadcrumbList\",\"@id\":\"https:\/\/www.sec.mk\/sq\/thirje-publike-per-kontroll-te-te-dhenave-ne-listen-zgjedhore-per-zgjedhjet-e-parakohshme-parlamentare-2020\/#breadcrumb\",\"itemListElement\":[{\"@type\":\"ListItem\",\"position\":1,\"name\":\"Home\",\"item\":\"https:\/\/www.sec.mk\/sq\/home-alb\/\"},{\"@type\":\"ListItem\",\"position\":2,\"name\":\"Thirje publike p\u00ebr kontroll t\u00eb t\u00eb dh\u00ebnave n\u00eb list\u00ebn zgjedhore p\u00ebr Zgjedhjet e Parakohshme parlamentare 2020.\"}]},{\"@type\":\"WebSite\",\"@id\":\"https:\/\/www.sec.mk\/#website\",\"url\":\"https:\/\/www.sec.mk\/\",\"name\":\"Komisioni Shtet\u00ebror i Zgjedhjeve\",\"description\":\"\",\"potentialAction\":[{\"@type\":\"SearchAction\",\"target\":{\"@type\":\"EntryPoint\",\"urlTemplate\":\"https:\/\/www.sec.mk\/?s={search_term_string}\"},\"query-input\":{\"@type\":\"PropertyValueSpecification\",\"valueRequired\":true,\"valueName\":\"search_term_string\"}}],\"inLanguage\":\"sq\"},{\"@type\":\"Person\",\"@id\":\"https:\/\/www.sec.mk\/#\/schema\/person\/c7c89250b0680b9d7acae0579b81830f\",\"name\":\"Karina Donevska\",\"image\":{\"@type\":\"ImageObject\",\"inLanguage\":\"sq\",\"@id\":\"https:\/\/www.sec.mk\/#\/schema\/person\/image\/\",\"url\":\"https:\/\/secure.gravatar.com\/avatar\/b145d41b66b1e4a5893dfd8af5894f5cb40c3832d1229ce25c0cbd4ac5e70d39?s=96&d=mm&r=g\",\"contentUrl\":\"https:\/\/secure.gravatar.com\/avatar\/b145d41b66b1e4a5893dfd8af5894f5cb40c3832d1229ce25c0cbd4ac5e70d39?s=96&d=mm&r=g\",\"caption\":\"Karina Donevska\"}}]}<\/script>\n<!-- \/ Yoast SEO plugin. -->","yoast_head_json":{"title":"Thirje publike p\u00ebr kontroll t\u00eb t\u00eb dh\u00ebnave n\u00eb list\u00ebn zgjedhore p\u00ebr Zgjedhjet e Parakohshme parlamentare 2020. - Komisioni Shtet\u00ebror i Zgjedhjeve","description":"Thirje publike p\u00ebr kontroll t\u00eb t\u00eb dh\u00ebnave n\u00eb list\u00ebn zgjedhore p\u00ebr zgjedhjet e parakohshme p\u00ebr deputet\u00eb n\u00eb Kuvendin e Republik\u00ebs s\u00eb Maqedonis\u00eb s\u00eb Veriut,","robots":{"index":"index","follow":"follow","max-snippet":"max-snippet:-1","max-image-preview":"max-image-preview:large","max-video-preview":"max-video-preview:-1"},"canonical":"https:\/\/www.sec.mk\/sq\/thirje-publike-per-kontroll-te-te-dhenave-ne-listen-zgjedhore-per-zgjedhjet-e-parakohshme-parlamentare-2020\/","og_locale":"sq_AL","og_type":"article","og_title":"Thirje publike p\u00ebr kontroll t\u00eb t\u00eb dh\u00ebnave n\u00eb list\u00ebn zgjedhore p\u00ebr Zgjedhjet e Parakohshme parlamentare 2020. - Komisioni Shtet\u00ebror i Zgjedhjeve","og_description":"Thirje publike p\u00ebr kontroll t\u00eb t\u00eb dh\u00ebnave n\u00eb list\u00ebn zgjedhore p\u00ebr zgjedhjet e parakohshme p\u00ebr deputet\u00eb n\u00eb Kuvendin e Republik\u00ebs s\u00eb Maqedonis\u00eb s\u00eb Veriut,","og_url":"https:\/\/www.sec.mk\/sq\/thirje-publike-per-kontroll-te-te-dhenave-ne-listen-zgjedhore-per-zgjedhjet-e-parakohshme-parlamentare-2020\/","og_site_name":"Komisioni Shtet\u00ebror i Zgjedhjeve","article_published_time":"2020-02-26T10:43:08+00:00","article_modified_time":"2020-02-27T13:03:49+00:00","og_image":[{"width":600,"height":449,"url":"https:\/\/www.sec.mk\/wp-content\/uploads\/2021\/08\/post-logo-sec-1.jpg","type":"image\/jpeg"}],"author":"Karina Donevska","twitter_card":"summary_large_image","twitter_misc":{"Written by":"Karina Donevska"},"schema":{"@context":"https:\/\/schema.org","@graph":[{"@type":"WebPage","@id":"https:\/\/www.sec.mk\/sq\/thirje-publike-per-kontroll-te-te-dhenave-ne-listen-zgjedhore-per-zgjedhjet-e-parakohshme-parlamentare-2020\/","url":"https:\/\/www.sec.mk\/sq\/thirje-publike-per-kontroll-te-te-dhenave-ne-listen-zgjedhore-per-zgjedhjet-e-parakohshme-parlamentare-2020\/","name":"Thirje publike p\u00ebr kontroll t\u00eb t\u00eb dh\u00ebnave n\u00eb list\u00ebn zgjedhore p\u00ebr Zgjedhjet e Parakohshme parlamentare 2020. - Komisioni Shtet\u00ebror i Zgjedhjeve","isPartOf":{"@id":"https:\/\/www.sec.mk\/#website"},"primaryImageOfPage":{"@id":"https:\/\/www.sec.mk\/sq\/thirje-publike-per-kontroll-te-te-dhenave-ne-listen-zgjedhore-per-zgjedhjet-e-parakohshme-parlamentare-2020\/#primaryimage"},"image":{"@id":"https:\/\/www.sec.mk\/sq\/thirje-publike-per-kontroll-te-te-dhenave-ne-listen-zgjedhore-per-zgjedhjet-e-parakohshme-parlamentare-2020\/#primaryimage"},"thumbnailUrl":"https:\/\/www.sec.mk\/wp-content\/uploads\/2021\/08\/post-logo-sec-1.jpg","datePublished":"2020-02-26T10:43:08+00:00","dateModified":"2020-02-27T13:03:49+00:00","author":{"@id":"https:\/\/www.sec.mk\/#\/schema\/person\/c7c89250b0680b9d7acae0579b81830f"},"description":"Thirje publike p\u00ebr kontroll t\u00eb t\u00eb dh\u00ebnave n\u00eb list\u00ebn zgjedhore p\u00ebr zgjedhjet e parakohshme p\u00ebr deputet\u00eb n\u00eb Kuvendin e Republik\u00ebs s\u00eb Maqedonis\u00eb s\u00eb Veriut,","breadcrumb":{"@id":"https:\/\/www.sec.mk\/sq\/thirje-publike-per-kontroll-te-te-dhenave-ne-listen-zgjedhore-per-zgjedhjet-e-parakohshme-parlamentare-2020\/#breadcrumb"},"inLanguage":"sq","potentialAction":[{"@type":"ReadAction","target":["https:\/\/www.sec.mk\/sq\/thirje-publike-per-kontroll-te-te-dhenave-ne-listen-zgjedhore-per-zgjedhjet-e-parakohshme-parlamentare-2020\/"]}]},{"@type":"ImageObject","inLanguage":"sq","@id":"https:\/\/www.sec.mk\/sq\/thirje-publike-per-kontroll-te-te-dhenave-ne-listen-zgjedhore-per-zgjedhjet-e-parakohshme-parlamentare-2020\/#primaryimage","url":"https:\/\/www.sec.mk\/wp-content\/uploads\/2021\/08\/post-logo-sec-1.jpg","contentUrl":"https:\/\/www.sec.mk\/wp-content\/uploads\/2021\/08\/post-logo-sec-1.jpg","width":600,"height":449,"caption":"\u041b\u043e\u0433\u043e \u0414\u0418\u041a \u043d\u043e\u0432\u043e\u0441\u0442\u0438"},{"@type":"BreadcrumbList","@id":"https:\/\/www.sec.mk\/sq\/thirje-publike-per-kontroll-te-te-dhenave-ne-listen-zgjedhore-per-zgjedhjet-e-parakohshme-parlamentare-2020\/#breadcrumb","itemListElement":[{"@type":"ListItem","position":1,"name":"Home","item":"https:\/\/www.sec.mk\/sq\/home-alb\/"},{"@type":"ListItem","position":2,"name":"Thirje publike p\u00ebr kontroll t\u00eb t\u00eb dh\u00ebnave n\u00eb list\u00ebn zgjedhore p\u00ebr Zgjedhjet e Parakohshme parlamentare 2020."}]},{"@type":"WebSite","@id":"https:\/\/www.sec.mk\/#website","url":"https:\/\/www.sec.mk\/","name":"Komisioni Shtet\u00ebror i Zgjedhjeve","description":"","potentialAction":[{"@type":"SearchAction","target":{"@type":"EntryPoint","urlTemplate":"https:\/\/www.sec.mk\/?s={search_term_string}"},"query-input":{"@type":"PropertyValueSpecification","valueRequired":true,"valueName":"search_term_string"}}],"inLanguage":"sq"},{"@type":"Person","@id":"https:\/\/www.sec.mk\/#\/schema\/person\/c7c89250b0680b9d7acae0579b81830f","name":"Karina Donevska","image":{"@type":"ImageObject","inLanguage":"sq","@id":"https:\/\/www.sec.mk\/#\/schema\/person\/image\/","url":"https:\/\/secure.gravatar.com\/avatar\/b145d41b66b1e4a5893dfd8af5894f5cb40c3832d1229ce25c0cbd4ac5e70d39?s=96&d=mm&r=g","contentUrl":"https:\/\/secure.gravatar.com\/avatar\/b145d41b66b1e4a5893dfd8af5894f5cb40c3832d1229ce25c0cbd4ac5e70d39?s=96&d=mm&r=g","caption":"Karina Donevska"}}]}},"_links":{"self":[{"href":"https:\/\/www.sec.mk\/sq\/wp-json\/wp\/v2\/posts\/18985","targetHints":{"allow":["GET"]}}],"collection":[{"href":"https:\/\/www.sec.mk\/sq\/wp-json\/wp\/v2\/posts"}],"about":[{"href":"https:\/\/www.sec.mk\/sq\/wp-json\/wp\/v2\/types\/post"}],"author":[{"embeddable":true,"href":"https:\/\/www.sec.mk\/sq\/wp-json\/wp\/v2\/users\/7"}],"replies":[{"embeddable":true,"href":"https:\/\/www.sec.mk\/sq\/wp-json\/wp\/v2\/comments?post=18985"}],"version-history":[{"count":3,"href":"https:\/\/www.sec.mk\/sq\/wp-json\/wp\/v2\/posts\/18985\/revisions"}],"predecessor-version":[{"id":19027,"href":"https:\/\/www.sec.mk\/sq\/wp-json\/wp\/v2\/posts\/18985\/revisions\/19027"}],"wp:featuredmedia":[{"embeddable":true,"href":"https:\/\/www.sec.mk\/sq\/wp-json\/wp\/v2\/media\/29937"}],"wp:attachment":[{"href":"https:\/\/www.sec.mk\/sq\/wp-json\/wp\/v2\/media?parent=18985"}],"wp:term":[{"taxonomy":"category","embeddable":true,"href":"https:\/\/www.sec.mk\/sq\/wp-json\/wp\/v2\/categories?post=18985"},{"taxonomy":"post_tag","embeddable":true,"href":"https:\/\/www.sec.mk\/sq\/wp-json\/wp\/v2\/tags?post=18985"}],"curies":[{"name":"wp","href":"https:\/\/api.w.org\/{rel}","templated":true}]}}