{"id":19184,"date":"2020-02-28T10:58:54","date_gmt":"2020-02-28T09:58:54","guid":{"rendered":"http:\/\/www.sec.mk\/takim-pune-me-kshpk-ne-esha-n-dhe-ministrine-e-drejtesise\/"},"modified":"2020-02-28T10:58:54","modified_gmt":"2020-02-28T09:58:54","slug":"takim-pune-me-kshpk-ne-esha-n-dhe-ministrine-e-drejtesise","status":"publish","type":"post","link":"https:\/\/www.sec.mk\/sq\/takim-pune-me-kshpk-ne-esha-n-dhe-ministrine-e-drejtesise\/","title":{"rendered":"Takim pune me KSHPK-n\u00eb, ESHA-n dhe Ministrin\u00eb e Drejt\u00ebsis\u00eb"},"content":{"rendered":"\n<figure class=\"wp-block-image\"><img decoding=\"async\" width=\"1024\" height=\"768\" src=\"http:\/\/www.sec.mk\/wp-content\/uploads\/2020\/02\/IMG-1763a61311e6cd4de77d4c348f51fe94-V-1024x768.jpg\" alt=\"\" class=\"wp-image-18956\" srcset=\"https:\/\/www.sec.mk\/wp-content\/uploads\/2020\/02\/IMG-1763a61311e6cd4de77d4c348f51fe94-V-1024x768.jpg 1024w, https:\/\/www.sec.mk\/wp-content\/uploads\/2020\/02\/IMG-1763a61311e6cd4de77d4c348f51fe94-V-300x225.jpg 300w, https:\/\/www.sec.mk\/wp-content\/uploads\/2020\/02\/IMG-1763a61311e6cd4de77d4c348f51fe94-V.jpg 1600w\" sizes=\"(max-width: 1024px) 100vw, 1024px\" \/><\/figure><p style=\"text-align: justify;\">M\u00eb 26.2.2020 (e m\u00ebrkur\u00eb) n\u00eb selin\u00eb e Komisionit Shtet\u00ebror t\u00eb Zgjedhjeve u mbajt takim pune n\u00eb t\u00eb cilin kan\u00eb marr\u00eb pjes\u00eb Komisioni Shtet\u00ebror i Zgjedhjeve, Dr. Renata Deskoska, ministre e drejt\u00ebsis\u00eb, Enti Shtet\u00ebror p\u00ebr Auditim dhe Komisioni Shtet\u00ebror p\u00ebr Parandalim t\u00eb Korrupsionit. <\/p>\r\n<p style=\"text-align: justify;\">Duke e pasur parasysh q\u00eb jan\u00eb miratuar ndryshime dhe plot\u00ebsime t\u00eb Kodit zgjedhor, q\u00ebllimi i k\u00ebtij takimi ishte t\u00eb gjendet m\u00ebnyra m\u00eb e mir\u00eb p\u00ebr t\u2019u p\u00ebrgjigjur ndaj sfidave t\u00eb reja t\u00eb cilat dalin dhe me t\u00eb cilat ballafaqohen gjat\u00eb zbatimit t\u00eb Zgjedhjeve t\u00eb parakohshme parlamentare 2020 <\/p>\r\n\n<p><\/p><p style=\"text-align: justify;\">N\u00eb ve\u00e7anti \u00ebsht\u00eb shqyrtuar \u00e7\u00ebshtja p\u00ebr financim t\u00eb fushat\u00ebs politike, me \u00e7ka \u00ebsht\u00eb konfirmuar q\u00eb p\u00ebr t\u00eb nj\u00ebjt\u00ebn do t\u00eb mbahet takim pune i ri, n\u00eb t\u00eb cilin do t\u00eb duhet t\u00eb jen\u00eb t\u00eb pranish\u00ebm edhe p\u00ebrfaq\u00ebsues nga Ministria e Financave.<\/p>\n\n<p><\/p><p style=\"text-align: justify;\">Lidhur me \u00e7\u00ebshtjet dhe aktivitetet p\u00ebr zbatim t\u00eb ciklit zgjedhor, Komisioni Shtet\u00ebror i Zgjedhjeve n\u00eb takimin e pun\u00ebs u sugjeroi t\u00eb pranishm\u00ebve se \u00ebsht\u00eb n\u00eb dispozicion t\u00eb tyre dhe p\u00ebr bashk\u00ebpunim n\u00eb kuad\u00ebr t\u00eb kompetencave t\u00eb tij.<\/p>\n","protected":false},"excerpt":{"rendered":"<p>M\u00eb 26.2.2020 (e m\u00ebrkur\u00eb) n\u00eb selin\u00eb e Komisionit Shtet\u00ebror t\u00eb Zgjedhjeve u mbajt takim pune n\u00eb t\u00eb cilin kan\u00eb marr\u00eb pjes\u00eb Komisioni Shtet\u00ebror i Zgjedhjeve, Dr. Renata Deskoska, ministre e [&hellip;]<\/p>\n","protected":false},"author":3,"featured_media":0,"comment_status":"closed","ping_status":"closed","sticky":false,"template":"","format":"standard","meta":{"footnotes":""},"categories":[23,34,21],"tags":[],"class_list":["post-19184","post","type-post","status-publish","format-standard","hentry","category-njoftime","category-posledni-objavi-sq","category-risi"],"yoast_head":"<!-- This site is optimized with the Yoast SEO plugin v26.2 - https:\/\/yoast.com\/wordpress\/plugins\/seo\/ -->\n<title>Takim pune me KSHPK-n\u00eb, ESHA-n dhe Ministrin\u00eb e Drejt\u00ebsis\u00eb - Komisioni Shtet\u00ebror i Zgjedhjeve<\/title>\n<meta name=\"description\" content=\"M\u00eb 26.2.2020 (e m\u00ebrkur\u00eb) n\u00eb selin\u00eb e Komisionit Shtet\u00ebror t\u00eb Zgjedhjeve u mbajt takim pune n\u00eb t\u00eb cilin kan\u00eb marr\u00eb pjes\u00eb Komisioni Shtet\u00ebror i Zgjedhjeve,\" \/>\n<meta name=\"robots\" content=\"index, follow, max-snippet:-1, max-image-preview:large, max-video-preview:-1\" \/>\n<link rel=\"canonical\" href=\"https:\/\/www.sec.mk\/sq\/takim-pune-me-kshpk-ne-esha-n-dhe-ministrine-e-drejtesise\/\" \/>\n<meta property=\"og:locale\" content=\"sq_AL\" \/>\n<meta property=\"og:type\" content=\"article\" \/>\n<meta property=\"og:title\" content=\"Takim pune me KSHPK-n\u00eb, ESHA-n dhe Ministrin\u00eb e Drejt\u00ebsis\u00eb - Komisioni Shtet\u00ebror i Zgjedhjeve\" \/>\n<meta property=\"og:description\" content=\"M\u00eb 26.2.2020 (e m\u00ebrkur\u00eb) n\u00eb selin\u00eb e Komisionit Shtet\u00ebror t\u00eb Zgjedhjeve u mbajt takim pune n\u00eb t\u00eb cilin kan\u00eb marr\u00eb pjes\u00eb Komisioni Shtet\u00ebror i Zgjedhjeve,\" \/>\n<meta property=\"og:url\" content=\"https:\/\/www.sec.mk\/sq\/takim-pune-me-kshpk-ne-esha-n-dhe-ministrine-e-drejtesise\/\" \/>\n<meta property=\"og:site_name\" content=\"Komisioni Shtet\u00ebror i Zgjedhjeve\" \/>\n<meta property=\"article:published_time\" content=\"2020-02-28T09:58:54+00:00\" \/>\n<meta property=\"og:image\" content=\"http:\/\/www.sec.mk\/wp-content\/uploads\/2020\/02\/IMG-1763a61311e6cd4de77d4c348f51fe94-V-1024x768.jpg\" \/>\n<meta name=\"author\" content=\"katerina\" \/>\n<meta name=\"twitter:card\" content=\"summary_large_image\" \/>\n<meta name=\"twitter:label1\" content=\"Written by\" \/>\n\t<meta name=\"twitter:data1\" content=\"katerina\" \/>\n\t<meta name=\"twitter:label2\" content=\"Est. reading time\" \/>\n\t<meta name=\"twitter:data2\" content=\"1 minut\u00eb\" \/>\n<script type=\"application\/ld+json\" class=\"yoast-schema-graph\">{\"@context\":\"https:\/\/schema.org\",\"@graph\":[{\"@type\":\"WebPage\",\"@id\":\"https:\/\/www.sec.mk\/sq\/takim-pune-me-kshpk-ne-esha-n-dhe-ministrine-e-drejtesise\/\",\"url\":\"https:\/\/www.sec.mk\/sq\/takim-pune-me-kshpk-ne-esha-n-dhe-ministrine-e-drejtesise\/\",\"name\":\"Takim pune me KSHPK-n\u00eb, ESHA-n dhe Ministrin\u00eb e Drejt\u00ebsis\u00eb - Komisioni Shtet\u00ebror i Zgjedhjeve\",\"isPartOf\":{\"@id\":\"https:\/\/www.sec.mk\/#website\"},\"primaryImageOfPage\":{\"@id\":\"https:\/\/www.sec.mk\/sq\/takim-pune-me-kshpk-ne-esha-n-dhe-ministrine-e-drejtesise\/#primaryimage\"},\"image\":{\"@id\":\"https:\/\/www.sec.mk\/sq\/takim-pune-me-kshpk-ne-esha-n-dhe-ministrine-e-drejtesise\/#primaryimage\"},\"thumbnailUrl\":\"http:\/\/www.sec.mk\/wp-content\/uploads\/2020\/02\/IMG-1763a61311e6cd4de77d4c348f51fe94-V-1024x768.jpg\",\"datePublished\":\"2020-02-28T09:58:54+00:00\",\"author\":{\"@id\":\"https:\/\/www.sec.mk\/#\/schema\/person\/180b99a95caa0823f543ccc771cbb595\"},\"description\":\"M\u00eb 26.2.2020 (e m\u00ebrkur\u00eb) n\u00eb selin\u00eb e Komisionit Shtet\u00ebror t\u00eb Zgjedhjeve u mbajt takim pune n\u00eb t\u00eb cilin kan\u00eb marr\u00eb pjes\u00eb Komisioni Shtet\u00ebror i Zgjedhjeve,\",\"breadcrumb\":{\"@id\":\"https:\/\/www.sec.mk\/sq\/takim-pune-me-kshpk-ne-esha-n-dhe-ministrine-e-drejtesise\/#breadcrumb\"},\"inLanguage\":\"sq\",\"potentialAction\":[{\"@type\":\"ReadAction\",\"target\":[\"https:\/\/www.sec.mk\/sq\/takim-pune-me-kshpk-ne-esha-n-dhe-ministrine-e-drejtesise\/\"]}]},{\"@type\":\"ImageObject\",\"inLanguage\":\"sq\",\"@id\":\"https:\/\/www.sec.mk\/sq\/takim-pune-me-kshpk-ne-esha-n-dhe-ministrine-e-drejtesise\/#primaryimage\",\"url\":\"http:\/\/www.sec.mk\/wp-content\/uploads\/2020\/02\/IMG-1763a61311e6cd4de77d4c348f51fe94-V-1024x768.jpg\",\"contentUrl\":\"http:\/\/www.sec.mk\/wp-content\/uploads\/2020\/02\/IMG-1763a61311e6cd4de77d4c348f51fe94-V-1024x768.jpg\"},{\"@type\":\"BreadcrumbList\",\"@id\":\"https:\/\/www.sec.mk\/sq\/takim-pune-me-kshpk-ne-esha-n-dhe-ministrine-e-drejtesise\/#breadcrumb\",\"itemListElement\":[{\"@type\":\"ListItem\",\"position\":1,\"name\":\"Home\",\"item\":\"https:\/\/www.sec.mk\/sq\/home-alb\/\"},{\"@type\":\"ListItem\",\"position\":2,\"name\":\"Takim pune me KSHPK-n\u00eb, ESHA-n dhe Ministrin\u00eb e Drejt\u00ebsis\u00eb\"}]},{\"@type\":\"WebSite\",\"@id\":\"https:\/\/www.sec.mk\/#website\",\"url\":\"https:\/\/www.sec.mk\/\",\"name\":\"Komisioni Shtet\u00ebror i Zgjedhjeve\",\"description\":\"\",\"potentialAction\":[{\"@type\":\"SearchAction\",\"target\":{\"@type\":\"EntryPoint\",\"urlTemplate\":\"https:\/\/www.sec.mk\/?s={search_term_string}\"},\"query-input\":{\"@type\":\"PropertyValueSpecification\",\"valueRequired\":true,\"valueName\":\"search_term_string\"}}],\"inLanguage\":\"sq\"},{\"@type\":\"Person\",\"@id\":\"https:\/\/www.sec.mk\/#\/schema\/person\/180b99a95caa0823f543ccc771cbb595\",\"name\":\"katerina\",\"image\":{\"@type\":\"ImageObject\",\"inLanguage\":\"sq\",\"@id\":\"https:\/\/www.sec.mk\/#\/schema\/person\/image\/\",\"url\":\"https:\/\/secure.gravatar.com\/avatar\/5cfc365f3132e14b477e0c3cf8010efa73d2d91b0ee4adf8fa2429ddecf4a541?s=96&d=mm&r=g\",\"contentUrl\":\"https:\/\/secure.gravatar.com\/avatar\/5cfc365f3132e14b477e0c3cf8010efa73d2d91b0ee4adf8fa2429ddecf4a541?s=96&d=mm&r=g\",\"caption\":\"katerina\"}}]}<\/script>\n<!-- \/ Yoast SEO plugin. -->","yoast_head_json":{"title":"Takim pune me KSHPK-n\u00eb, ESHA-n dhe Ministrin\u00eb e Drejt\u00ebsis\u00eb - Komisioni Shtet\u00ebror i Zgjedhjeve","description":"M\u00eb 26.2.2020 (e m\u00ebrkur\u00eb) n\u00eb selin\u00eb e Komisionit Shtet\u00ebror t\u00eb Zgjedhjeve u mbajt takim pune n\u00eb t\u00eb cilin kan\u00eb marr\u00eb pjes\u00eb Komisioni Shtet\u00ebror i Zgjedhjeve,","robots":{"index":"index","follow":"follow","max-snippet":"max-snippet:-1","max-image-preview":"max-image-preview:large","max-video-preview":"max-video-preview:-1"},"canonical":"https:\/\/www.sec.mk\/sq\/takim-pune-me-kshpk-ne-esha-n-dhe-ministrine-e-drejtesise\/","og_locale":"sq_AL","og_type":"article","og_title":"Takim pune me KSHPK-n\u00eb, ESHA-n dhe Ministrin\u00eb e Drejt\u00ebsis\u00eb - Komisioni Shtet\u00ebror i Zgjedhjeve","og_description":"M\u00eb 26.2.2020 (e m\u00ebrkur\u00eb) n\u00eb selin\u00eb e Komisionit Shtet\u00ebror t\u00eb Zgjedhjeve u mbajt takim pune n\u00eb t\u00eb cilin kan\u00eb marr\u00eb pjes\u00eb Komisioni Shtet\u00ebror i Zgjedhjeve,","og_url":"https:\/\/www.sec.mk\/sq\/takim-pune-me-kshpk-ne-esha-n-dhe-ministrine-e-drejtesise\/","og_site_name":"Komisioni Shtet\u00ebror i Zgjedhjeve","article_published_time":"2020-02-28T09:58:54+00:00","og_image":[{"url":"http:\/\/www.sec.mk\/wp-content\/uploads\/2020\/02\/IMG-1763a61311e6cd4de77d4c348f51fe94-V-1024x768.jpg","type":"","width":"","height":""}],"author":"katerina","twitter_card":"summary_large_image","twitter_misc":{"Written by":"katerina","Est. reading time":"1 minut\u00eb"},"schema":{"@context":"https:\/\/schema.org","@graph":[{"@type":"WebPage","@id":"https:\/\/www.sec.mk\/sq\/takim-pune-me-kshpk-ne-esha-n-dhe-ministrine-e-drejtesise\/","url":"https:\/\/www.sec.mk\/sq\/takim-pune-me-kshpk-ne-esha-n-dhe-ministrine-e-drejtesise\/","name":"Takim pune me KSHPK-n\u00eb, ESHA-n dhe Ministrin\u00eb e Drejt\u00ebsis\u00eb - Komisioni Shtet\u00ebror i Zgjedhjeve","isPartOf":{"@id":"https:\/\/www.sec.mk\/#website"},"primaryImageOfPage":{"@id":"https:\/\/www.sec.mk\/sq\/takim-pune-me-kshpk-ne-esha-n-dhe-ministrine-e-drejtesise\/#primaryimage"},"image":{"@id":"https:\/\/www.sec.mk\/sq\/takim-pune-me-kshpk-ne-esha-n-dhe-ministrine-e-drejtesise\/#primaryimage"},"thumbnailUrl":"http:\/\/www.sec.mk\/wp-content\/uploads\/2020\/02\/IMG-1763a61311e6cd4de77d4c348f51fe94-V-1024x768.jpg","datePublished":"2020-02-28T09:58:54+00:00","author":{"@id":"https:\/\/www.sec.mk\/#\/schema\/person\/180b99a95caa0823f543ccc771cbb595"},"description":"M\u00eb 26.2.2020 (e m\u00ebrkur\u00eb) n\u00eb selin\u00eb e Komisionit Shtet\u00ebror t\u00eb Zgjedhjeve u mbajt takim pune n\u00eb t\u00eb cilin kan\u00eb marr\u00eb pjes\u00eb Komisioni Shtet\u00ebror i Zgjedhjeve,","breadcrumb":{"@id":"https:\/\/www.sec.mk\/sq\/takim-pune-me-kshpk-ne-esha-n-dhe-ministrine-e-drejtesise\/#breadcrumb"},"inLanguage":"sq","potentialAction":[{"@type":"ReadAction","target":["https:\/\/www.sec.mk\/sq\/takim-pune-me-kshpk-ne-esha-n-dhe-ministrine-e-drejtesise\/"]}]},{"@type":"ImageObject","inLanguage":"sq","@id":"https:\/\/www.sec.mk\/sq\/takim-pune-me-kshpk-ne-esha-n-dhe-ministrine-e-drejtesise\/#primaryimage","url":"http:\/\/www.sec.mk\/wp-content\/uploads\/2020\/02\/IMG-1763a61311e6cd4de77d4c348f51fe94-V-1024x768.jpg","contentUrl":"http:\/\/www.sec.mk\/wp-content\/uploads\/2020\/02\/IMG-1763a61311e6cd4de77d4c348f51fe94-V-1024x768.jpg"},{"@type":"BreadcrumbList","@id":"https:\/\/www.sec.mk\/sq\/takim-pune-me-kshpk-ne-esha-n-dhe-ministrine-e-drejtesise\/#breadcrumb","itemListElement":[{"@type":"ListItem","position":1,"name":"Home","item":"https:\/\/www.sec.mk\/sq\/home-alb\/"},{"@type":"ListItem","position":2,"name":"Takim pune me KSHPK-n\u00eb, ESHA-n dhe Ministrin\u00eb e Drejt\u00ebsis\u00eb"}]},{"@type":"WebSite","@id":"https:\/\/www.sec.mk\/#website","url":"https:\/\/www.sec.mk\/","name":"Komisioni Shtet\u00ebror i Zgjedhjeve","description":"","potentialAction":[{"@type":"SearchAction","target":{"@type":"EntryPoint","urlTemplate":"https:\/\/www.sec.mk\/?s={search_term_string}"},"query-input":{"@type":"PropertyValueSpecification","valueRequired":true,"valueName":"search_term_string"}}],"inLanguage":"sq"},{"@type":"Person","@id":"https:\/\/www.sec.mk\/#\/schema\/person\/180b99a95caa0823f543ccc771cbb595","name":"katerina","image":{"@type":"ImageObject","inLanguage":"sq","@id":"https:\/\/www.sec.mk\/#\/schema\/person\/image\/","url":"https:\/\/secure.gravatar.com\/avatar\/5cfc365f3132e14b477e0c3cf8010efa73d2d91b0ee4adf8fa2429ddecf4a541?s=96&d=mm&r=g","contentUrl":"https:\/\/secure.gravatar.com\/avatar\/5cfc365f3132e14b477e0c3cf8010efa73d2d91b0ee4adf8fa2429ddecf4a541?s=96&d=mm&r=g","caption":"katerina"}}]}},"_links":{"self":[{"href":"https:\/\/www.sec.mk\/sq\/wp-json\/wp\/v2\/posts\/19184","targetHints":{"allow":["GET"]}}],"collection":[{"href":"https:\/\/www.sec.mk\/sq\/wp-json\/wp\/v2\/posts"}],"about":[{"href":"https:\/\/www.sec.mk\/sq\/wp-json\/wp\/v2\/types\/post"}],"author":[{"embeddable":true,"href":"https:\/\/www.sec.mk\/sq\/wp-json\/wp\/v2\/users\/3"}],"replies":[{"embeddable":true,"href":"https:\/\/www.sec.mk\/sq\/wp-json\/wp\/v2\/comments?post=19184"}],"version-history":[{"count":1,"href":"https:\/\/www.sec.mk\/sq\/wp-json\/wp\/v2\/posts\/19184\/revisions"}],"predecessor-version":[{"id":19185,"href":"https:\/\/www.sec.mk\/sq\/wp-json\/wp\/v2\/posts\/19184\/revisions\/19185"}],"wp:attachment":[{"href":"https:\/\/www.sec.mk\/sq\/wp-json\/wp\/v2\/media?parent=19184"}],"wp:term":[{"taxonomy":"category","embeddable":true,"href":"https:\/\/www.sec.mk\/sq\/wp-json\/wp\/v2\/categories?post=19184"},{"taxonomy":"post_tag","embeddable":true,"href":"https:\/\/www.sec.mk\/sq\/wp-json\/wp\/v2\/tags?post=19184"}],"curies":[{"name":"wp","href":"https:\/\/api.w.org\/{rel}","templated":true}]}}