{"id":32678,"date":"2021-09-07T16:32:25","date_gmt":"2021-09-07T14:32:25","guid":{"rendered":"https:\/\/www.sec.mk\/?p=32678"},"modified":"2021-09-07T16:44:30","modified_gmt":"2021-09-07T14:44:30","slug":"njoftim-nga-seanca-e-njezete-e-komisionit-shteteror-te-zgjedhjeve-e-mbajtur-me-6-shtator-2021","status":"publish","type":"post","link":"https:\/\/www.sec.mk\/sq\/njoftim-nga-seanca-e-njezete-e-komisionit-shteteror-te-zgjedhjeve-e-mbajtur-me-6-shtator-2021\/","title":{"rendered":"Njoftim nga seanca e nj\u00ebzet\u00eb e Komisionit Shtet\u00ebror t\u00eb Zgjedhjeve, e mbajtur m\u00eb 6 shtator 2021"},"content":{"rendered":"\n<p>N\u00eb seanc\u00ebn e Komisionit Shtet\u00ebror t\u00eb Zgjedhjeve u miratuan aktet n\u00eb vijim:<\/p>\n\n\n\n<p>Udh\u00ebzimi p\u00ebr m\u00ebnyr\u00ebn e v\u00ebrtetimit t\u00eb identitetit t\u00eb votuesit me t\u00eb cil\u00ebn rregullohet m\u00ebnyra e votimit me dhe pa aplikim t\u00eb aparatit p\u00ebr identifikimin biometrik t\u00eb votuesve AIBV, p\u00ebrkat\u00ebsisht cili do ta p\u00ebrdor AIBV-n\u00eb, si do t\u00eb realizohet votimi me p\u00ebrdorim t\u00eb AIBV, veprimi n\u00eb rast se AIBV \u00ebsht\u00eb me defekt teknik dhe \u00ebsht\u00eb i pap\u00ebrdorsh\u00ebm, p\u00ebrjashtime nga votimi me pajisje teknike, procesi p\u00ebr votim pa aplikim t\u00eb AIBV-s\u00eb dhe ngjash\u00ebm. P\u00ebr k\u00ebt\u00eb shkak Komisioni Shtet\u00ebror i Zgjedhjeve e prezantoi dukjen dhe m\u00ebnyr\u00ebn si funksionon AIBV, me q\u00ebllim q\u00eb votuesit t\u00eb njoftohen me dukjen dhe m\u00ebnyr\u00ebn votimit.<\/p>\n\n\n\n<p>P\u00ebr m\u00eb tep\u00ebr, u miratua Vendim p\u00ebr p\u00ebrcaktim shuma maksimale e mjeteve t\u00eb nevojshme p\u00ebr marrjen me qira t\u00eb hap\u00ebsirave n\u00eb pron\u00ebsi private p\u00ebr realizimin e votimit p\u00ebr ato vendvotime ku nuk ekzistojn\u00eb objekte publike q\u00eb i plot\u00ebsojn\u00eb kushtet ligjore p\u00ebr realizimin e votimit dhe p\u00ebr t\u00eb cilat \u00ebsht\u00eb p\u00ebrcaktuar shum\u00eb maksimale nga 3000 denar\u00eb.<\/p>\n\n\n\n<p>Nj\u00ebz\u00ebri u miratua edhe Vendimi p\u00ebr dukjen dhe p\u00ebrmbajtjen e ekstrakteve t\u00eb shtypura nga listat zgjedhor, ku \u00ebsht\u00eb p\u00ebrcaktuar cilat t\u00eb dh\u00ebna do t\u00eb jen\u00eb t\u00eb p\u00ebrfshira n\u00eb an\u00ebt e brendshme t\u00eb ekstrakteve t\u00eb Listave zgjedhore, n\u00eb drejtim t\u00eb zbatimit t\u00eb drejt\u00eb t\u00eb dispozitave nga neni 45 i Kodit Zgjedhor.<\/p>\n\n\n\n<p>Nj\u00ebkoh\u00ebsisht, u miratua edhe Udh\u00ebzimi p\u00ebr pranimin, vendosjen dhe ruajtjen e AIBV-ve q\u00eb gjenden n\u00eb hap\u00ebsirat e Komisionit Shtet\u00ebror t\u00eb Zgjedhjeve, n\u00eb drejtim t\u00eb aspektit t\u00eb siguruar, t\u00eb gjitha procedurat, protokollet p\u00ebr ruajtje, pranim dhe sigurim t\u00eb AIBV.<\/p>\n\n\n\n<p>Gjithashtu, n\u00eb seanc\u00ebn e Komisionit Shtet\u00ebror t\u00eb Zgjedhjeve u shqyrtuan k\u00ebrkesat p\u00ebr mospranim p\u00ebr kryerje t\u00eb detyr\u00ebs kryetar, z\u00ebvend\u00ebskryetar, an\u00ebtar dhe z\u00ebvend\u00ebsan\u00ebtar t\u00eb komisioneve komunale t\u00eb zgjedhjeve, nd\u00ebrsa m\u00eb pas, lidhur me k\u00ebrkesat q\u00eb u pranuan nga ana e Komisionit, u b\u00eb zgjedhje e rast\u00ebsishme p\u00ebr kryetar, z\u00ebvend\u00ebskryetar, an\u00ebtar dhe z\u00ebvend\u00ebsan\u00ebtar t\u00eb Komisioneve Komunale t\u00eb Zgjedhjeve.<\/p>\n\n\n\n<p>Aktet e miratuara nga kjo seanc\u00eb do t\u00eb publikohen n\u00eb ueb faqen zyrtare.<\/p>\n\n\n\n<p><\/p>\n\n\n\n<p class=\"has-text-align-center\"><strong>KOMISIONI SHTET\u00cbROR I ZGJEDHJEVE<\/strong><\/p>\n","protected":false},"excerpt":{"rendered":"<p>N\u00eb seanc\u00ebn e Komisionit Shtet\u00ebror t\u00eb Zgjedhjeve u miratuan aktet n\u00eb vijim: Udh\u00ebzimi p\u00ebr m\u00ebnyr\u00ebn e v\u00ebrtetimit t\u00eb identitetit t\u00eb votuesit me t\u00eb cil\u00ebn rregullohet m\u00ebnyra e votimit me dhe [&hellip;]<\/p>\n","protected":false},"author":3,"featured_media":29937,"comment_status":"closed","ping_status":"closed","sticky":false,"template":"","format":"standard","meta":{"footnotes":""},"categories":[23,21,58,14,13],"tags":[],"class_list":["post-32678","post","type-post","status-publish","format-standard","has-post-thumbnail","hentry","category-njoftime","category-risi","category-seanca","category-novosti","category-soopshtenija"],"yoast_head":"<!-- This site is optimized with the Yoast SEO plugin v26.2 - https:\/\/yoast.com\/wordpress\/plugins\/seo\/ -->\n<title>Njoftim nga seanca e nj\u00ebzet\u00eb e Komisionit Shtet\u00ebror t\u00eb Zgjedhjeve, e mbajtur m\u00eb 6 shtator 2021 - Komisioni Shtet\u00ebror i Zgjedhjeve<\/title>\n<meta name=\"description\" content=\"N\u00eb seanc\u00ebn e Komisionit Shtet\u00ebror t\u00eb Zgjedhjeve u miratuan aktet n\u00eb vijim: Udh\u00ebzimi p\u00ebr m\u00ebnyr\u00ebn e v\u00ebrtetimit t\u00eb identitetit t\u00eb votuesit me t\u00eb cil\u00ebn\" \/>\n<meta name=\"robots\" content=\"index, follow, max-snippet:-1, max-image-preview:large, max-video-preview:-1\" \/>\n<link rel=\"canonical\" href=\"https:\/\/www.sec.mk\/sq\/njoftim-nga-seanca-e-njezete-e-komisionit-shteteror-te-zgjedhjeve-e-mbajtur-me-6-shtator-2021\/\" \/>\n<meta property=\"og:locale\" content=\"sq_AL\" \/>\n<meta property=\"og:type\" content=\"article\" \/>\n<meta property=\"og:title\" content=\"Njoftim nga seanca e nj\u00ebzet\u00eb e Komisionit Shtet\u00ebror t\u00eb Zgjedhjeve, e mbajtur m\u00eb 6 shtator 2021 - Komisioni Shtet\u00ebror i Zgjedhjeve\" \/>\n<meta property=\"og:description\" content=\"N\u00eb seanc\u00ebn e Komisionit Shtet\u00ebror t\u00eb Zgjedhjeve u miratuan aktet n\u00eb vijim: Udh\u00ebzimi p\u00ebr m\u00ebnyr\u00ebn e v\u00ebrtetimit t\u00eb identitetit t\u00eb votuesit me t\u00eb cil\u00ebn\" \/>\n<meta property=\"og:url\" content=\"https:\/\/www.sec.mk\/sq\/njoftim-nga-seanca-e-njezete-e-komisionit-shteteror-te-zgjedhjeve-e-mbajtur-me-6-shtator-2021\/\" \/>\n<meta property=\"og:site_name\" content=\"Komisioni Shtet\u00ebror i Zgjedhjeve\" \/>\n<meta property=\"article:published_time\" content=\"2021-09-07T14:32:25+00:00\" \/>\n<meta property=\"article:modified_time\" content=\"2021-09-07T14:44:30+00:00\" \/>\n<meta property=\"og:image\" content=\"https:\/\/www.sec.mk\/wp-content\/uploads\/2021\/08\/post-logo-sec-1.jpg\" \/>\n\t<meta property=\"og:image:width\" content=\"600\" \/>\n\t<meta property=\"og:image:height\" content=\"449\" \/>\n\t<meta property=\"og:image:type\" content=\"image\/jpeg\" \/>\n<meta name=\"author\" content=\"katerina\" \/>\n<meta name=\"twitter:card\" content=\"summary_large_image\" \/>\n<meta name=\"twitter:label1\" content=\"Written by\" \/>\n\t<meta name=\"twitter:data1\" content=\"katerina\" \/>\n\t<meta name=\"twitter:label2\" content=\"Est. reading time\" \/>\n\t<meta name=\"twitter:data2\" content=\"2 minuta\" \/>\n<script type=\"application\/ld+json\" class=\"yoast-schema-graph\">{\"@context\":\"https:\/\/schema.org\",\"@graph\":[{\"@type\":\"WebPage\",\"@id\":\"https:\/\/www.sec.mk\/sq\/njoftim-nga-seanca-e-njezete-e-komisionit-shteteror-te-zgjedhjeve-e-mbajtur-me-6-shtator-2021\/\",\"url\":\"https:\/\/www.sec.mk\/sq\/njoftim-nga-seanca-e-njezete-e-komisionit-shteteror-te-zgjedhjeve-e-mbajtur-me-6-shtator-2021\/\",\"name\":\"Njoftim nga seanca e nj\u00ebzet\u00eb e Komisionit Shtet\u00ebror t\u00eb Zgjedhjeve, e mbajtur m\u00eb 6 shtator 2021 - Komisioni Shtet\u00ebror i Zgjedhjeve\",\"isPartOf\":{\"@id\":\"https:\/\/www.sec.mk\/#website\"},\"primaryImageOfPage\":{\"@id\":\"https:\/\/www.sec.mk\/sq\/njoftim-nga-seanca-e-njezete-e-komisionit-shteteror-te-zgjedhjeve-e-mbajtur-me-6-shtator-2021\/#primaryimage\"},\"image\":{\"@id\":\"https:\/\/www.sec.mk\/sq\/njoftim-nga-seanca-e-njezete-e-komisionit-shteteror-te-zgjedhjeve-e-mbajtur-me-6-shtator-2021\/#primaryimage\"},\"thumbnailUrl\":\"https:\/\/www.sec.mk\/wp-content\/uploads\/2021\/08\/post-logo-sec-1.jpg\",\"datePublished\":\"2021-09-07T14:32:25+00:00\",\"dateModified\":\"2021-09-07T14:44:30+00:00\",\"author\":{\"@id\":\"https:\/\/www.sec.mk\/#\/schema\/person\/180b99a95caa0823f543ccc771cbb595\"},\"description\":\"N\u00eb seanc\u00ebn e Komisionit Shtet\u00ebror t\u00eb Zgjedhjeve u miratuan aktet n\u00eb vijim: Udh\u00ebzimi p\u00ebr m\u00ebnyr\u00ebn e v\u00ebrtetimit t\u00eb identitetit t\u00eb votuesit me t\u00eb cil\u00ebn\",\"breadcrumb\":{\"@id\":\"https:\/\/www.sec.mk\/sq\/njoftim-nga-seanca-e-njezete-e-komisionit-shteteror-te-zgjedhjeve-e-mbajtur-me-6-shtator-2021\/#breadcrumb\"},\"inLanguage\":\"sq\",\"potentialAction\":[{\"@type\":\"ReadAction\",\"target\":[\"https:\/\/www.sec.mk\/sq\/njoftim-nga-seanca-e-njezete-e-komisionit-shteteror-te-zgjedhjeve-e-mbajtur-me-6-shtator-2021\/\"]}]},{\"@type\":\"ImageObject\",\"inLanguage\":\"sq\",\"@id\":\"https:\/\/www.sec.mk\/sq\/njoftim-nga-seanca-e-njezete-e-komisionit-shteteror-te-zgjedhjeve-e-mbajtur-me-6-shtator-2021\/#primaryimage\",\"url\":\"https:\/\/www.sec.mk\/wp-content\/uploads\/2021\/08\/post-logo-sec-1.jpg\",\"contentUrl\":\"https:\/\/www.sec.mk\/wp-content\/uploads\/2021\/08\/post-logo-sec-1.jpg\",\"width\":600,\"height\":449,\"caption\":\"\u041b\u043e\u0433\u043e \u0414\u0418\u041a \u043d\u043e\u0432\u043e\u0441\u0442\u0438\"},{\"@type\":\"BreadcrumbList\",\"@id\":\"https:\/\/www.sec.mk\/sq\/njoftim-nga-seanca-e-njezete-e-komisionit-shteteror-te-zgjedhjeve-e-mbajtur-me-6-shtator-2021\/#breadcrumb\",\"itemListElement\":[{\"@type\":\"ListItem\",\"position\":1,\"name\":\"Home\",\"item\":\"https:\/\/www.sec.mk\/sq\/home-alb\/\"},{\"@type\":\"ListItem\",\"position\":2,\"name\":\"Njoftim nga seanca e nj\u00ebzet\u00eb e Komisionit Shtet\u00ebror t\u00eb Zgjedhjeve, e mbajtur m\u00eb 6 shtator 2021\"}]},{\"@type\":\"WebSite\",\"@id\":\"https:\/\/www.sec.mk\/#website\",\"url\":\"https:\/\/www.sec.mk\/\",\"name\":\"Komisioni Shtet\u00ebror i Zgjedhjeve\",\"description\":\"\",\"potentialAction\":[{\"@type\":\"SearchAction\",\"target\":{\"@type\":\"EntryPoint\",\"urlTemplate\":\"https:\/\/www.sec.mk\/?s={search_term_string}\"},\"query-input\":{\"@type\":\"PropertyValueSpecification\",\"valueRequired\":true,\"valueName\":\"search_term_string\"}}],\"inLanguage\":\"sq\"},{\"@type\":\"Person\",\"@id\":\"https:\/\/www.sec.mk\/#\/schema\/person\/180b99a95caa0823f543ccc771cbb595\",\"name\":\"katerina\",\"image\":{\"@type\":\"ImageObject\",\"inLanguage\":\"sq\",\"@id\":\"https:\/\/www.sec.mk\/#\/schema\/person\/image\/\",\"url\":\"https:\/\/secure.gravatar.com\/avatar\/5cfc365f3132e14b477e0c3cf8010efa73d2d91b0ee4adf8fa2429ddecf4a541?s=96&d=mm&r=g\",\"contentUrl\":\"https:\/\/secure.gravatar.com\/avatar\/5cfc365f3132e14b477e0c3cf8010efa73d2d91b0ee4adf8fa2429ddecf4a541?s=96&d=mm&r=g\",\"caption\":\"katerina\"}}]}<\/script>\n<!-- \/ Yoast SEO plugin. -->","yoast_head_json":{"title":"Njoftim nga seanca e nj\u00ebzet\u00eb e Komisionit Shtet\u00ebror t\u00eb Zgjedhjeve, e mbajtur m\u00eb 6 shtator 2021 - Komisioni Shtet\u00ebror i Zgjedhjeve","description":"N\u00eb seanc\u00ebn e Komisionit Shtet\u00ebror t\u00eb Zgjedhjeve u miratuan aktet n\u00eb vijim: Udh\u00ebzimi p\u00ebr m\u00ebnyr\u00ebn e v\u00ebrtetimit t\u00eb identitetit t\u00eb votuesit me t\u00eb cil\u00ebn","robots":{"index":"index","follow":"follow","max-snippet":"max-snippet:-1","max-image-preview":"max-image-preview:large","max-video-preview":"max-video-preview:-1"},"canonical":"https:\/\/www.sec.mk\/sq\/njoftim-nga-seanca-e-njezete-e-komisionit-shteteror-te-zgjedhjeve-e-mbajtur-me-6-shtator-2021\/","og_locale":"sq_AL","og_type":"article","og_title":"Njoftim nga seanca e nj\u00ebzet\u00eb e Komisionit Shtet\u00ebror t\u00eb Zgjedhjeve, e mbajtur m\u00eb 6 shtator 2021 - Komisioni Shtet\u00ebror i Zgjedhjeve","og_description":"N\u00eb seanc\u00ebn e Komisionit Shtet\u00ebror t\u00eb Zgjedhjeve u miratuan aktet n\u00eb vijim: Udh\u00ebzimi p\u00ebr m\u00ebnyr\u00ebn e v\u00ebrtetimit t\u00eb identitetit t\u00eb votuesit me t\u00eb cil\u00ebn","og_url":"https:\/\/www.sec.mk\/sq\/njoftim-nga-seanca-e-njezete-e-komisionit-shteteror-te-zgjedhjeve-e-mbajtur-me-6-shtator-2021\/","og_site_name":"Komisioni Shtet\u00ebror i Zgjedhjeve","article_published_time":"2021-09-07T14:32:25+00:00","article_modified_time":"2021-09-07T14:44:30+00:00","og_image":[{"width":600,"height":449,"url":"https:\/\/www.sec.mk\/wp-content\/uploads\/2021\/08\/post-logo-sec-1.jpg","type":"image\/jpeg"}],"author":"katerina","twitter_card":"summary_large_image","twitter_misc":{"Written by":"katerina","Est. reading time":"2 minuta"},"schema":{"@context":"https:\/\/schema.org","@graph":[{"@type":"WebPage","@id":"https:\/\/www.sec.mk\/sq\/njoftim-nga-seanca-e-njezete-e-komisionit-shteteror-te-zgjedhjeve-e-mbajtur-me-6-shtator-2021\/","url":"https:\/\/www.sec.mk\/sq\/njoftim-nga-seanca-e-njezete-e-komisionit-shteteror-te-zgjedhjeve-e-mbajtur-me-6-shtator-2021\/","name":"Njoftim nga seanca e nj\u00ebzet\u00eb e Komisionit Shtet\u00ebror t\u00eb Zgjedhjeve, e mbajtur m\u00eb 6 shtator 2021 - Komisioni Shtet\u00ebror i Zgjedhjeve","isPartOf":{"@id":"https:\/\/www.sec.mk\/#website"},"primaryImageOfPage":{"@id":"https:\/\/www.sec.mk\/sq\/njoftim-nga-seanca-e-njezete-e-komisionit-shteteror-te-zgjedhjeve-e-mbajtur-me-6-shtator-2021\/#primaryimage"},"image":{"@id":"https:\/\/www.sec.mk\/sq\/njoftim-nga-seanca-e-njezete-e-komisionit-shteteror-te-zgjedhjeve-e-mbajtur-me-6-shtator-2021\/#primaryimage"},"thumbnailUrl":"https:\/\/www.sec.mk\/wp-content\/uploads\/2021\/08\/post-logo-sec-1.jpg","datePublished":"2021-09-07T14:32:25+00:00","dateModified":"2021-09-07T14:44:30+00:00","author":{"@id":"https:\/\/www.sec.mk\/#\/schema\/person\/180b99a95caa0823f543ccc771cbb595"},"description":"N\u00eb seanc\u00ebn e Komisionit Shtet\u00ebror t\u00eb Zgjedhjeve u miratuan aktet n\u00eb vijim: Udh\u00ebzimi p\u00ebr m\u00ebnyr\u00ebn e v\u00ebrtetimit t\u00eb identitetit t\u00eb votuesit me t\u00eb cil\u00ebn","breadcrumb":{"@id":"https:\/\/www.sec.mk\/sq\/njoftim-nga-seanca-e-njezete-e-komisionit-shteteror-te-zgjedhjeve-e-mbajtur-me-6-shtator-2021\/#breadcrumb"},"inLanguage":"sq","potentialAction":[{"@type":"ReadAction","target":["https:\/\/www.sec.mk\/sq\/njoftim-nga-seanca-e-njezete-e-komisionit-shteteror-te-zgjedhjeve-e-mbajtur-me-6-shtator-2021\/"]}]},{"@type":"ImageObject","inLanguage":"sq","@id":"https:\/\/www.sec.mk\/sq\/njoftim-nga-seanca-e-njezete-e-komisionit-shteteror-te-zgjedhjeve-e-mbajtur-me-6-shtator-2021\/#primaryimage","url":"https:\/\/www.sec.mk\/wp-content\/uploads\/2021\/08\/post-logo-sec-1.jpg","contentUrl":"https:\/\/www.sec.mk\/wp-content\/uploads\/2021\/08\/post-logo-sec-1.jpg","width":600,"height":449,"caption":"\u041b\u043e\u0433\u043e \u0414\u0418\u041a \u043d\u043e\u0432\u043e\u0441\u0442\u0438"},{"@type":"BreadcrumbList","@id":"https:\/\/www.sec.mk\/sq\/njoftim-nga-seanca-e-njezete-e-komisionit-shteteror-te-zgjedhjeve-e-mbajtur-me-6-shtator-2021\/#breadcrumb","itemListElement":[{"@type":"ListItem","position":1,"name":"Home","item":"https:\/\/www.sec.mk\/sq\/home-alb\/"},{"@type":"ListItem","position":2,"name":"Njoftim nga seanca e nj\u00ebzet\u00eb e Komisionit Shtet\u00ebror t\u00eb Zgjedhjeve, e mbajtur m\u00eb 6 shtator 2021"}]},{"@type":"WebSite","@id":"https:\/\/www.sec.mk\/#website","url":"https:\/\/www.sec.mk\/","name":"Komisioni Shtet\u00ebror i Zgjedhjeve","description":"","potentialAction":[{"@type":"SearchAction","target":{"@type":"EntryPoint","urlTemplate":"https:\/\/www.sec.mk\/?s={search_term_string}"},"query-input":{"@type":"PropertyValueSpecification","valueRequired":true,"valueName":"search_term_string"}}],"inLanguage":"sq"},{"@type":"Person","@id":"https:\/\/www.sec.mk\/#\/schema\/person\/180b99a95caa0823f543ccc771cbb595","name":"katerina","image":{"@type":"ImageObject","inLanguage":"sq","@id":"https:\/\/www.sec.mk\/#\/schema\/person\/image\/","url":"https:\/\/secure.gravatar.com\/avatar\/5cfc365f3132e14b477e0c3cf8010efa73d2d91b0ee4adf8fa2429ddecf4a541?s=96&d=mm&r=g","contentUrl":"https:\/\/secure.gravatar.com\/avatar\/5cfc365f3132e14b477e0c3cf8010efa73d2d91b0ee4adf8fa2429ddecf4a541?s=96&d=mm&r=g","caption":"katerina"}}]}},"_links":{"self":[{"href":"https:\/\/www.sec.mk\/sq\/wp-json\/wp\/v2\/posts\/32678","targetHints":{"allow":["GET"]}}],"collection":[{"href":"https:\/\/www.sec.mk\/sq\/wp-json\/wp\/v2\/posts"}],"about":[{"href":"https:\/\/www.sec.mk\/sq\/wp-json\/wp\/v2\/types\/post"}],"author":[{"embeddable":true,"href":"https:\/\/www.sec.mk\/sq\/wp-json\/wp\/v2\/users\/3"}],"replies":[{"embeddable":true,"href":"https:\/\/www.sec.mk\/sq\/wp-json\/wp\/v2\/comments?post=32678"}],"version-history":[{"count":2,"href":"https:\/\/www.sec.mk\/sq\/wp-json\/wp\/v2\/posts\/32678\/revisions"}],"predecessor-version":[{"id":32690,"href":"https:\/\/www.sec.mk\/sq\/wp-json\/wp\/v2\/posts\/32678\/revisions\/32690"}],"wp:featuredmedia":[{"embeddable":true,"href":"https:\/\/www.sec.mk\/sq\/wp-json\/wp\/v2\/media\/29937"}],"wp:attachment":[{"href":"https:\/\/www.sec.mk\/sq\/wp-json\/wp\/v2\/media?parent=32678"}],"wp:term":[{"taxonomy":"category","embeddable":true,"href":"https:\/\/www.sec.mk\/sq\/wp-json\/wp\/v2\/categories?post=32678"},{"taxonomy":"post_tag","embeddable":true,"href":"https:\/\/www.sec.mk\/sq\/wp-json\/wp\/v2\/tags?post=32678"}],"curies":[{"name":"wp","href":"https:\/\/api.w.org\/{rel}","templated":true}]}}