{"id":33028,"date":"2021-09-17T12:23:08","date_gmt":"2021-09-17T10:23:08","guid":{"rendered":"https:\/\/www.sec.mk\/?p=33028"},"modified":"2021-09-19T18:33:19","modified_gmt":"2021-09-19T16:33:19","slug":"njoftim-per-regjistrim-dhe-listat-e-cmimeve-te-mediave-per-reklamim-te-paguar-politik","status":"publish","type":"post","link":"https:\/\/www.sec.mk\/sq\/njoftim-per-regjistrim-dhe-listat-e-cmimeve-te-mediave-per-reklamim-te-paguar-politik\/","title":{"rendered":"Njoftim p\u00ebr regjistrim dhe listat e \u00e7mim\u00ebve t\u00eb mediave p\u00ebr reklamim t\u00eb paguar politik"},"content":{"rendered":"\n<p>Komisioni Shtet\u00ebror i Zgjedhjeve njofton q\u00eb regjistrimet e radiodifuzer\u00ebve, mediave t\u00eb shtypit dhe mediave elektronike (internet portalet), q\u00eb jan\u00eb t\u00eb regjistruar prej m\u00eb her\u00ebt n\u00eb KSHZ dhe k\u00ebrkesa e t\u00eb cil\u00ebve p\u00ebr regjistrim \u00ebsht\u00eb v\u00ebrtetuar me Aktvendimin p\u00ebr regjistrim n\u00eb Regjistrin p\u00ebr radiodifuzer\u00eb, media t\u00eb shtypit dhe media elektronike (internet portale) t\u00eb miratuar n\u00eb seanc\u00ebn nr. 21 t\u00eb Komisionit Shtet\u00ebror t\u00eb Zgjedhjeve m\u00eb 10.09.2021, mbeten n\u00eb fuqi dhe jan\u00eb valide, p\u00ebrkat\u00ebsisht ata nuk duhet t\u00eb parashtrojn\u00eb k\u00ebrkesa t\u00eb reja p\u00ebr regjistrim n\u00eb KSHZ.<\/p>\n\n\n\n<p>Radiodifuzer\u00ebt <strong>q\u00eb jan\u00eb regjistruar prej m\u00eb her\u00ebt<\/strong> n\u00eb KSHZ jan\u00eb t\u00eb detyruar t\u2019i d\u00ebrgojn\u00eb listat e &nbsp;\u00e7mimeve t\u00eb reja (t\u00eb korrigjuara) n\u00eb pajtim me nenin 75-gj paragrafi (9) nga Ligji p\u00ebr ndryshim dhe plot\u00ebsim t\u00eb Kodit Zgjedhor i publikuar n\u00eb Gazet\u00ebn Zyrtare nr. 215\/21 nga 16.09.2021, <strong><u>m\u00eb s\u00eb voni deri m\u00eb 19.09.2021 (e diel) deri n\u00eb or\u00ebn 24:00<\/u><\/strong>, nd\u00ebrsa mediat e shtypit n\u00ebse kan\u00eb korrigjim n\u00eb listat e \u00e7mimeve t\u00eb d\u00ebrguara nga ana e tyre mund t\u00eb d\u00ebrgojn\u00eb lista t\u00eb reja t\u00eb \u00e7mimeve (t\u00eb korrigjuara) n\u00eb afatin e nj\u00ebjt\u00eb.<\/p>\n\n\n\n<p>Radiodifuzer\u00ebt dhe mediat e shtypit <strong>q\u00eb nuk jan\u00eb regjistruar<\/strong> prej m\u00eb her\u00ebt n\u00eb Regjist\u00ebr p\u00ebr radiodifuzer\u00ebt, mediat shtypit dhe mediat elektronike (internet portale) n\u00eb KSHZ (nuk kan\u00eb paraqitur&nbsp; k\u00ebrkes\u00eb p\u00ebr regjistrim, nuk kan\u00eb pasur dokumentacion t\u00eb plot\u00eb ose e kan\u00eb l\u00ebshuar afatin) <strong><u>kan\u00eb t\u00eb drejt\u00eb t\u00eb parashtrojn\u00eb k\u00ebrkes\u00eb t\u00eb re<\/u><\/strong><strong><u> n\u00eb KSHZ dhe t\u00eb regjistrohen m\u00eb s\u00eb voni deri m\u00eb 19 shtator deri n\u00eb or\u00ebn 24.00<\/u><\/strong>.<\/p>\n\n\n\n<p>Radiodifuzer\u00ebt dhe mediat e shtypit me k\u00ebrkes\u00ebn p\u00ebr regjistrim jan\u00eb t\u00eb detyruar t\u00eb d\u00ebrgojn\u00eb edhe lista t\u00eb \u00e7mimeve n\u00eb pajtim me nenin 75-gj paragrafi (9) nga Ligji p\u00ebr ndryshim dhe plot\u00ebsim t\u00eb Kodit Zgjedhor i publikuar n\u00eb Gazet\u00ebn Zyrtare nr. 215\/21 nga 16.09.2021, p\u00ebr Zgjedhjet&nbsp; e Parakohshme Paralamentare 2014, Zgjedhjet e Parakohshme Parlamentare 2016, Zgjedhjet Lokale 2017, Zgjedhjet Presideciale 2019 dhe Zgjedhjet e Parakohshme Parlamentare 2020.<\/p>\n\n\n\n<p>Radiodifuzer\u00ebt jan\u00eb t\u00eb detyruar listat e korrigjuara t\u00eb \u00e7mimeve t\u2019i d\u00ebrgojn\u00eb n\u00eb ASHMA, KSHZ, ESHA dhe KSHPK n\u00eb afat prej tre dit\u00ebsh nga dita e publikimit t\u00eb Kalendarit t\u00eb reviduar t\u00eb aktiviteteve, <strong><u>m\u00eb s\u00eb voni m\u00eb <\/u><\/strong><strong><u>19 <\/u><\/strong><strong><u>shtator deri n\u00eb or\u00ebn<\/u><\/strong><strong><u> 24:00<\/u><\/strong>.<\/p>\n\n\n\n<p>Mediat e shtypit q\u00eb kan\u00eb korrigjim n\u00eb listat e \u00e7mimeve jan\u00eb t\u00eb detyrzuara ato t\u2019i d\u00ebrgojn\u00eb n\u00eb KSHZ, KSHPK dhe ESHA <strong><u>m\u00eb s\u00eb voni m\u00eb <\/u><\/strong><strong><u>19 <\/u><\/strong><strong><u>shtator deri n\u00eb or\u00ebn<\/u><\/strong><strong><u> 24:00<\/u><\/strong>.<\/p>\n\n\n\n<p>Radiodifuzer\u00ebt dhe mediat e shtypit <strong>q\u00eb nuk do t\u00eb regjistrohen ose nuk do t\u00eb d\u00ebrgojn\u00eb lista t\u00eb reja t\u00eb \u00e7mimeve (korrigjuara) m\u00eb s\u00eb voni deri m\u00eb 19 shtator (e diel) &#8211; deri n\u00eb or\u00ebn 24:00, <\/strong>nuk do t\u00eb ken\u00eb t\u00eb drejt\u00eb t\u00eb p\u00ebrdorin mjete financiare p\u00ebr reklamim t\u00eb paguar politik, t\u00eb siguruara nga Buxheti i Republik\u00ebs s\u00eb Maqedonis\u00eb.<strong><\/strong><\/p>\n\n\n\n<p>N\u00ebse Komisioni Shtet\u00ebror i Zgjedhjeve konstaton parregullsi n\u00eb listat e \u00e7mimeve nga radiodifuzer\u00ebt, e njofton median p\u00ebrkat\u00ebse p\u00ebr ta korrigjuar list\u00ebn e \u00e7mimeve n\u00eb afat prej 72 or\u00ebsh nga pranimi i njoftimit.<\/p>\n\n\n\n<p>Radiodifuzer\u00ebt e regjistruar si dhe radiodifuzer\u00ebt q\u00eb kan\u00eb parashtruar k\u00ebrkesa t\u00eb reja p\u00ebr regjistrim, nd\u00ebrkaq t\u00eb cil\u00ebt nuk do t\u00eb dor\u00ebzojn\u00eb lista t\u00eb reja t\u00eb \u00e7mimeve (t\u00eb korrigjuara) n\u00eb afatin e p\u00ebrcaktuar e humbin t\u00eb drejt\u00ebn p\u00ebr t\u00eb qen\u00eb t\u00eb regjistruar p\u00ebr reklamim t\u00eb paguar politik dhe nuk do t\u00eb ken\u00eb t\u00eb drejt\u00eb t\u00eb p\u00ebrdorin mjete financiare p\u00ebr reklamim t\u00eb paguar politik, t\u00eb siguruara nga Buxheti i Republik\u00ebs s\u00eb Maqedonis\u00eb.<\/p>\n\n\n\n<p>Regjistri p\u00ebr radiodifuzer\u00eb, media t\u00eb shtypit dhe media elektronike (internet portale) mbahet n\u00eb baz\u00eb t\u00eb <strong>k\u00ebrkes\u00ebs s\u00eb parashtruar p\u00ebr regjistrim n\u00eb KSHZ<\/strong>, me shtojc\u00eb p\u00ebr <strong>gjendjen aktuale t\u00eb l\u00ebshuar nga Regjistri Qendror i Republik\u00ebs s\u00eb Maqedonis\u00eb s\u00eb Veriut<\/strong><strong>, <\/strong><strong>jo m\u00eb t\u00eb vjet\u00ebr se<\/strong><strong> 30 <\/strong><strong>dit\u00eb<\/strong>.<\/p>\n\n\n\n<p><strong><u>Dokumentacioni nga ky njoftim <\/u><\/strong><strong><u>parashtrohet n\u00eb m\u00ebnyr\u00eb elektronike n\u00eb k\u00ebt\u00eb llogari elektronike:<\/u><\/strong><strong><u> mediumi@sec.mk<\/u><\/strong><strong><u>,<\/u><\/strong><strong><u> <\/u><\/strong><strong><u>ose n\u00eb arkivin e Komisionit Shtet\u00ebror t\u00eb Zgjedhjeve n\u00eb bul<\/u><\/strong><strong><u>. <\/u><\/strong><strong><u>Sh\u00ebn<\/u><\/strong><strong><u> <\/u><\/strong><strong><u>Qirili dhe Metodij nr<\/u><\/strong><strong><u>. 54, 1000 <\/u><\/strong><strong><u>Shkup<\/u><\/strong><strong><u>, <\/u><\/strong><strong><u>m\u00eb s\u00eb voni m\u00eb<\/u><\/strong><strong><u> 19 <\/u><\/strong><strong><u>shtator <\/u><\/strong><strong><u>(<\/u><\/strong><strong><u>e diel<\/u><\/strong><strong><u>) <\/u><\/strong><strong><u>deri n\u00eb or\u00ebn<\/u><\/strong><strong><u> 24:00.<\/u><\/strong><\/p>\n\n\n\n<p>Arkivi i Komisionit Shtet\u00ebror t\u00eb Zgjedhjeve do t\u00eb b\u00ebj\u00eb pranimin e k\u00ebrkesave p\u00ebr regjistrim n\u00eb Regjistrin p\u00ebr radiodifuzer\u00eb, media t\u00eb shtypit dhe media elektronike m\u00eb dat\u00ebn 18.09.2021 (e shtun\u00eb) nga ora 10:00 \u00a0dhe m\u00eb dat\u00ebn 19.09.2021 (e diel), nga ora 10:00 deri n\u00eb or\u00ebn 24:00.<\/p>\n\n\n\n<p class=\"has-text-align-center\"><strong>KOMISIONI SHTET\u00cbROR I ZGJEDHJEVE<\/strong><\/p>\n","protected":false},"excerpt":{"rendered":"<p>Komisioni Shtet\u00ebror i Zgjedhjeve njofton q\u00eb regjistrimet e radiodifuzer\u00ebve, mediave t\u00eb shtypit dhe mediave elektronike (internet portalet), q\u00eb jan\u00eb t\u00eb regjistruar prej m\u00eb her\u00ebt n\u00eb KSHZ dhe k\u00ebrkesa e t\u00eb [&hellip;]<\/p>\n","protected":false},"author":3,"featured_media":29937,"comment_status":"closed","ping_status":"closed","sticky":false,"template":"","format":"standard","meta":{"footnotes":""},"categories":[23,21],"tags":[],"class_list":["post-33028","post","type-post","status-publish","format-standard","has-post-thumbnail","hentry","category-njoftime","category-risi"],"yoast_head":"<!-- This site is optimized with the Yoast SEO plugin v26.2 - https:\/\/yoast.com\/wordpress\/plugins\/seo\/ -->\n<title>Njoftim p\u00ebr regjistrim dhe listat e \u00e7mim\u00ebve t\u00eb mediave p\u00ebr reklamim t\u00eb paguar politik - Komisioni Shtet\u00ebror i Zgjedhjeve<\/title>\n<meta name=\"description\" content=\"Komisioni Shtet\u00ebror i Zgjedhjeve njofton q\u00eb regjistrimet e radiodifuzer\u00ebve, mediave t\u00eb shtypit dhe mediave elektronike (internet portalet), q\u00eb jan\u00eb t\u00eb\" \/>\n<meta name=\"robots\" content=\"index, follow, max-snippet:-1, max-image-preview:large, max-video-preview:-1\" \/>\n<link rel=\"canonical\" href=\"https:\/\/www.sec.mk\/sq\/njoftim-per-regjistrim-dhe-listat-e-cmimeve-te-mediave-per-reklamim-te-paguar-politik\/\" \/>\n<meta property=\"og:locale\" content=\"sq_AL\" \/>\n<meta property=\"og:type\" content=\"article\" \/>\n<meta property=\"og:title\" content=\"Njoftim p\u00ebr regjistrim dhe listat e \u00e7mim\u00ebve t\u00eb mediave p\u00ebr reklamim t\u00eb paguar politik - Komisioni Shtet\u00ebror i Zgjedhjeve\" \/>\n<meta property=\"og:description\" content=\"Komisioni Shtet\u00ebror i Zgjedhjeve njofton q\u00eb regjistrimet e radiodifuzer\u00ebve, mediave t\u00eb shtypit dhe mediave elektronike (internet portalet), q\u00eb jan\u00eb t\u00eb\" \/>\n<meta property=\"og:url\" content=\"https:\/\/www.sec.mk\/sq\/njoftim-per-regjistrim-dhe-listat-e-cmimeve-te-mediave-per-reklamim-te-paguar-politik\/\" \/>\n<meta property=\"og:site_name\" content=\"Komisioni Shtet\u00ebror i Zgjedhjeve\" \/>\n<meta property=\"article:published_time\" content=\"2021-09-17T10:23:08+00:00\" \/>\n<meta property=\"article:modified_time\" content=\"2021-09-19T16:33:19+00:00\" \/>\n<meta property=\"og:image\" content=\"https:\/\/www.sec.mk\/wp-content\/uploads\/2021\/08\/post-logo-sec-1.jpg\" \/>\n\t<meta property=\"og:image:width\" content=\"600\" \/>\n\t<meta property=\"og:image:height\" content=\"449\" \/>\n\t<meta property=\"og:image:type\" content=\"image\/jpeg\" \/>\n<meta name=\"author\" content=\"katerina\" \/>\n<meta name=\"twitter:card\" content=\"summary_large_image\" \/>\n<meta name=\"twitter:label1\" content=\"Written by\" \/>\n\t<meta name=\"twitter:data1\" content=\"katerina\" \/>\n\t<meta name=\"twitter:label2\" content=\"Est. reading time\" \/>\n\t<meta name=\"twitter:data2\" content=\"3 minuta\" \/>\n<script type=\"application\/ld+json\" class=\"yoast-schema-graph\">{\"@context\":\"https:\/\/schema.org\",\"@graph\":[{\"@type\":\"WebPage\",\"@id\":\"https:\/\/www.sec.mk\/sq\/njoftim-per-regjistrim-dhe-listat-e-cmimeve-te-mediave-per-reklamim-te-paguar-politik\/\",\"url\":\"https:\/\/www.sec.mk\/sq\/njoftim-per-regjistrim-dhe-listat-e-cmimeve-te-mediave-per-reklamim-te-paguar-politik\/\",\"name\":\"Njoftim p\u00ebr regjistrim dhe listat e \u00e7mim\u00ebve t\u00eb mediave p\u00ebr reklamim t\u00eb paguar politik - Komisioni Shtet\u00ebror i Zgjedhjeve\",\"isPartOf\":{\"@id\":\"https:\/\/www.sec.mk\/#website\"},\"primaryImageOfPage\":{\"@id\":\"https:\/\/www.sec.mk\/sq\/njoftim-per-regjistrim-dhe-listat-e-cmimeve-te-mediave-per-reklamim-te-paguar-politik\/#primaryimage\"},\"image\":{\"@id\":\"https:\/\/www.sec.mk\/sq\/njoftim-per-regjistrim-dhe-listat-e-cmimeve-te-mediave-per-reklamim-te-paguar-politik\/#primaryimage\"},\"thumbnailUrl\":\"https:\/\/www.sec.mk\/wp-content\/uploads\/2021\/08\/post-logo-sec-1.jpg\",\"datePublished\":\"2021-09-17T10:23:08+00:00\",\"dateModified\":\"2021-09-19T16:33:19+00:00\",\"author\":{\"@id\":\"https:\/\/www.sec.mk\/#\/schema\/person\/180b99a95caa0823f543ccc771cbb595\"},\"description\":\"Komisioni Shtet\u00ebror i Zgjedhjeve njofton q\u00eb regjistrimet e radiodifuzer\u00ebve, mediave t\u00eb shtypit dhe mediave elektronike (internet portalet), q\u00eb jan\u00eb t\u00eb\",\"breadcrumb\":{\"@id\":\"https:\/\/www.sec.mk\/sq\/njoftim-per-regjistrim-dhe-listat-e-cmimeve-te-mediave-per-reklamim-te-paguar-politik\/#breadcrumb\"},\"inLanguage\":\"sq\",\"potentialAction\":[{\"@type\":\"ReadAction\",\"target\":[\"https:\/\/www.sec.mk\/sq\/njoftim-per-regjistrim-dhe-listat-e-cmimeve-te-mediave-per-reklamim-te-paguar-politik\/\"]}]},{\"@type\":\"ImageObject\",\"inLanguage\":\"sq\",\"@id\":\"https:\/\/www.sec.mk\/sq\/njoftim-per-regjistrim-dhe-listat-e-cmimeve-te-mediave-per-reklamim-te-paguar-politik\/#primaryimage\",\"url\":\"https:\/\/www.sec.mk\/wp-content\/uploads\/2021\/08\/post-logo-sec-1.jpg\",\"contentUrl\":\"https:\/\/www.sec.mk\/wp-content\/uploads\/2021\/08\/post-logo-sec-1.jpg\",\"width\":600,\"height\":449,\"caption\":\"\u041b\u043e\u0433\u043e \u0414\u0418\u041a \u043d\u043e\u0432\u043e\u0441\u0442\u0438\"},{\"@type\":\"BreadcrumbList\",\"@id\":\"https:\/\/www.sec.mk\/sq\/njoftim-per-regjistrim-dhe-listat-e-cmimeve-te-mediave-per-reklamim-te-paguar-politik\/#breadcrumb\",\"itemListElement\":[{\"@type\":\"ListItem\",\"position\":1,\"name\":\"Home\",\"item\":\"https:\/\/www.sec.mk\/sq\/home-alb\/\"},{\"@type\":\"ListItem\",\"position\":2,\"name\":\"Njoftim p\u00ebr regjistrim dhe listat e \u00e7mim\u00ebve t\u00eb mediave p\u00ebr reklamim t\u00eb paguar politik\"}]},{\"@type\":\"WebSite\",\"@id\":\"https:\/\/www.sec.mk\/#website\",\"url\":\"https:\/\/www.sec.mk\/\",\"name\":\"Komisioni Shtet\u00ebror i Zgjedhjeve\",\"description\":\"\",\"potentialAction\":[{\"@type\":\"SearchAction\",\"target\":{\"@type\":\"EntryPoint\",\"urlTemplate\":\"https:\/\/www.sec.mk\/?s={search_term_string}\"},\"query-input\":{\"@type\":\"PropertyValueSpecification\",\"valueRequired\":true,\"valueName\":\"search_term_string\"}}],\"inLanguage\":\"sq\"},{\"@type\":\"Person\",\"@id\":\"https:\/\/www.sec.mk\/#\/schema\/person\/180b99a95caa0823f543ccc771cbb595\",\"name\":\"katerina\",\"image\":{\"@type\":\"ImageObject\",\"inLanguage\":\"sq\",\"@id\":\"https:\/\/www.sec.mk\/#\/schema\/person\/image\/\",\"url\":\"https:\/\/secure.gravatar.com\/avatar\/5cfc365f3132e14b477e0c3cf8010efa73d2d91b0ee4adf8fa2429ddecf4a541?s=96&d=mm&r=g\",\"contentUrl\":\"https:\/\/secure.gravatar.com\/avatar\/5cfc365f3132e14b477e0c3cf8010efa73d2d91b0ee4adf8fa2429ddecf4a541?s=96&d=mm&r=g\",\"caption\":\"katerina\"}}]}<\/script>\n<!-- \/ Yoast SEO plugin. -->","yoast_head_json":{"title":"Njoftim p\u00ebr regjistrim dhe listat e \u00e7mim\u00ebve t\u00eb mediave p\u00ebr reklamim t\u00eb paguar politik - Komisioni Shtet\u00ebror i Zgjedhjeve","description":"Komisioni Shtet\u00ebror i Zgjedhjeve njofton q\u00eb regjistrimet e radiodifuzer\u00ebve, mediave t\u00eb shtypit dhe mediave elektronike (internet portalet), q\u00eb jan\u00eb t\u00eb","robots":{"index":"index","follow":"follow","max-snippet":"max-snippet:-1","max-image-preview":"max-image-preview:large","max-video-preview":"max-video-preview:-1"},"canonical":"https:\/\/www.sec.mk\/sq\/njoftim-per-regjistrim-dhe-listat-e-cmimeve-te-mediave-per-reklamim-te-paguar-politik\/","og_locale":"sq_AL","og_type":"article","og_title":"Njoftim p\u00ebr regjistrim dhe listat e \u00e7mim\u00ebve t\u00eb mediave p\u00ebr reklamim t\u00eb paguar politik - Komisioni Shtet\u00ebror i Zgjedhjeve","og_description":"Komisioni Shtet\u00ebror i Zgjedhjeve njofton q\u00eb regjistrimet e radiodifuzer\u00ebve, mediave t\u00eb shtypit dhe mediave elektronike (internet portalet), q\u00eb jan\u00eb t\u00eb","og_url":"https:\/\/www.sec.mk\/sq\/njoftim-per-regjistrim-dhe-listat-e-cmimeve-te-mediave-per-reklamim-te-paguar-politik\/","og_site_name":"Komisioni Shtet\u00ebror i Zgjedhjeve","article_published_time":"2021-09-17T10:23:08+00:00","article_modified_time":"2021-09-19T16:33:19+00:00","og_image":[{"width":600,"height":449,"url":"https:\/\/www.sec.mk\/wp-content\/uploads\/2021\/08\/post-logo-sec-1.jpg","type":"image\/jpeg"}],"author":"katerina","twitter_card":"summary_large_image","twitter_misc":{"Written by":"katerina","Est. reading time":"3 minuta"},"schema":{"@context":"https:\/\/schema.org","@graph":[{"@type":"WebPage","@id":"https:\/\/www.sec.mk\/sq\/njoftim-per-regjistrim-dhe-listat-e-cmimeve-te-mediave-per-reklamim-te-paguar-politik\/","url":"https:\/\/www.sec.mk\/sq\/njoftim-per-regjistrim-dhe-listat-e-cmimeve-te-mediave-per-reklamim-te-paguar-politik\/","name":"Njoftim p\u00ebr regjistrim dhe listat e \u00e7mim\u00ebve t\u00eb mediave p\u00ebr reklamim t\u00eb paguar politik - Komisioni Shtet\u00ebror i Zgjedhjeve","isPartOf":{"@id":"https:\/\/www.sec.mk\/#website"},"primaryImageOfPage":{"@id":"https:\/\/www.sec.mk\/sq\/njoftim-per-regjistrim-dhe-listat-e-cmimeve-te-mediave-per-reklamim-te-paguar-politik\/#primaryimage"},"image":{"@id":"https:\/\/www.sec.mk\/sq\/njoftim-per-regjistrim-dhe-listat-e-cmimeve-te-mediave-per-reklamim-te-paguar-politik\/#primaryimage"},"thumbnailUrl":"https:\/\/www.sec.mk\/wp-content\/uploads\/2021\/08\/post-logo-sec-1.jpg","datePublished":"2021-09-17T10:23:08+00:00","dateModified":"2021-09-19T16:33:19+00:00","author":{"@id":"https:\/\/www.sec.mk\/#\/schema\/person\/180b99a95caa0823f543ccc771cbb595"},"description":"Komisioni Shtet\u00ebror i Zgjedhjeve njofton q\u00eb regjistrimet e radiodifuzer\u00ebve, mediave t\u00eb shtypit dhe mediave elektronike (internet portalet), q\u00eb jan\u00eb t\u00eb","breadcrumb":{"@id":"https:\/\/www.sec.mk\/sq\/njoftim-per-regjistrim-dhe-listat-e-cmimeve-te-mediave-per-reklamim-te-paguar-politik\/#breadcrumb"},"inLanguage":"sq","potentialAction":[{"@type":"ReadAction","target":["https:\/\/www.sec.mk\/sq\/njoftim-per-regjistrim-dhe-listat-e-cmimeve-te-mediave-per-reklamim-te-paguar-politik\/"]}]},{"@type":"ImageObject","inLanguage":"sq","@id":"https:\/\/www.sec.mk\/sq\/njoftim-per-regjistrim-dhe-listat-e-cmimeve-te-mediave-per-reklamim-te-paguar-politik\/#primaryimage","url":"https:\/\/www.sec.mk\/wp-content\/uploads\/2021\/08\/post-logo-sec-1.jpg","contentUrl":"https:\/\/www.sec.mk\/wp-content\/uploads\/2021\/08\/post-logo-sec-1.jpg","width":600,"height":449,"caption":"\u041b\u043e\u0433\u043e \u0414\u0418\u041a \u043d\u043e\u0432\u043e\u0441\u0442\u0438"},{"@type":"BreadcrumbList","@id":"https:\/\/www.sec.mk\/sq\/njoftim-per-regjistrim-dhe-listat-e-cmimeve-te-mediave-per-reklamim-te-paguar-politik\/#breadcrumb","itemListElement":[{"@type":"ListItem","position":1,"name":"Home","item":"https:\/\/www.sec.mk\/sq\/home-alb\/"},{"@type":"ListItem","position":2,"name":"Njoftim p\u00ebr regjistrim dhe listat e \u00e7mim\u00ebve t\u00eb mediave p\u00ebr reklamim t\u00eb paguar politik"}]},{"@type":"WebSite","@id":"https:\/\/www.sec.mk\/#website","url":"https:\/\/www.sec.mk\/","name":"Komisioni Shtet\u00ebror i Zgjedhjeve","description":"","potentialAction":[{"@type":"SearchAction","target":{"@type":"EntryPoint","urlTemplate":"https:\/\/www.sec.mk\/?s={search_term_string}"},"query-input":{"@type":"PropertyValueSpecification","valueRequired":true,"valueName":"search_term_string"}}],"inLanguage":"sq"},{"@type":"Person","@id":"https:\/\/www.sec.mk\/#\/schema\/person\/180b99a95caa0823f543ccc771cbb595","name":"katerina","image":{"@type":"ImageObject","inLanguage":"sq","@id":"https:\/\/www.sec.mk\/#\/schema\/person\/image\/","url":"https:\/\/secure.gravatar.com\/avatar\/5cfc365f3132e14b477e0c3cf8010efa73d2d91b0ee4adf8fa2429ddecf4a541?s=96&d=mm&r=g","contentUrl":"https:\/\/secure.gravatar.com\/avatar\/5cfc365f3132e14b477e0c3cf8010efa73d2d91b0ee4adf8fa2429ddecf4a541?s=96&d=mm&r=g","caption":"katerina"}}]}},"_links":{"self":[{"href":"https:\/\/www.sec.mk\/sq\/wp-json\/wp\/v2\/posts\/33028","targetHints":{"allow":["GET"]}}],"collection":[{"href":"https:\/\/www.sec.mk\/sq\/wp-json\/wp\/v2\/posts"}],"about":[{"href":"https:\/\/www.sec.mk\/sq\/wp-json\/wp\/v2\/types\/post"}],"author":[{"embeddable":true,"href":"https:\/\/www.sec.mk\/sq\/wp-json\/wp\/v2\/users\/3"}],"replies":[{"embeddable":true,"href":"https:\/\/www.sec.mk\/sq\/wp-json\/wp\/v2\/comments?post=33028"}],"version-history":[{"count":8,"href":"https:\/\/www.sec.mk\/sq\/wp-json\/wp\/v2\/posts\/33028\/revisions"}],"predecessor-version":[{"id":33198,"href":"https:\/\/www.sec.mk\/sq\/wp-json\/wp\/v2\/posts\/33028\/revisions\/33198"}],"wp:featuredmedia":[{"embeddable":true,"href":"https:\/\/www.sec.mk\/sq\/wp-json\/wp\/v2\/media\/29937"}],"wp:attachment":[{"href":"https:\/\/www.sec.mk\/sq\/wp-json\/wp\/v2\/media?parent=33028"}],"wp:term":[{"taxonomy":"category","embeddable":true,"href":"https:\/\/www.sec.mk\/sq\/wp-json\/wp\/v2\/categories?post=33028"},{"taxonomy":"post_tag","embeddable":true,"href":"https:\/\/www.sec.mk\/sq\/wp-json\/wp\/v2\/tags?post=33028"}],"curies":[{"name":"wp","href":"https:\/\/api.w.org\/{rel}","templated":true}]}}