{"id":33372,"date":"2021-09-22T16:45:28","date_gmt":"2021-09-22T14:45:28","guid":{"rendered":"https:\/\/www.sec.mk\/?p=33372"},"modified":"2021-09-22T17:01:25","modified_gmt":"2021-09-22T15:01:25","slug":"njoftim-nga-seanca-e-njezetekater-e-komisionit-shteteror-te-zgjedhjeve-e-mbajtur-me-21-shtator-2021","status":"publish","type":"post","link":"https:\/\/www.sec.mk\/sq\/njoftim-nga-seanca-e-njezetekater-e-komisionit-shteteror-te-zgjedhjeve-e-mbajtur-me-21-shtator-2021\/","title":{"rendered":"Njoftim nga seanca e nj\u00ebzetekat\u00ebr e Komisionit Shtet\u00ebror t\u00eb Zgjedhjeve, e mbajtur m\u00eb 21 shtator 2021"},"content":{"rendered":"\n<p>N\u00eb seanc\u00ebn e Komisionit Shtet\u00ebror t\u00eb Zgjedhjeve u miratuan k\u00ebto akte: &nbsp;<\/p>\n\n\n\n<p>N\u00eb pajtim me Analiz\u00ebn e Rrezikut tashm\u00eb t\u00eb miratuar n\u00eb Komisionin Shtet\u00ebror t\u00eb Zgjedhjeve, \u00ebsht\u00eb miratuar Politik\u00eb p\u00ebr vendosje t\u00eb sistemit p\u00ebr mbrojtjen e t\u00eb dh\u00ebnave personale, me t\u00eb cil\u00ebn rregullohet m\u00ebnyra dhe procedura e p\u00ebrpunimit t\u00eb t\u00eb dh\u00ebnave personale, me q\u00ebllim q\u00eb t\u00eb respektohen detyrimet p\u00ebr mbrojtjen e t\u00eb dh\u00ebnave personale, duke pasur parasysh q\u00eb Komisioni Shtet\u00ebror i Zgjedhjeve paraqitet si kontrollues dhe p\u00ebrpunues i t\u00eb dh\u00ebnave personale, nd\u00ebrsa ve\u00e7an\u00ebrisht gjat\u00eb procesit zgjedhor. N\u00eb lidhje me k\u00ebt\u00eb Politik\u00eb, jan\u00eb miratuar Rregullorja p\u00ebr masat teknike dhe organizative p\u00ebr sigurimin e fsheht\u00ebsis\u00eb dhe mbrojtjen e p\u00ebrpunimit t\u00eb t\u00eb dh\u00ebnave personale; Rregullorja p\u00ebr p\u00ebrcaktimin e obligimeve dhe p\u00ebrgjegj\u00ebsive t\u00eb administratorit t\u00eb sistemit informatik dhe t\u00eb personave t\u00eb autorizuar n\u00eb Komisionin Shtet\u00ebror t\u00eb Zgjedhjeve; Rregullorja p\u00ebr&nbsp;m\u00ebnyr\u00ebn e gjenerimit t\u00eb kopjes p\u00ebr siguri, arkivim dhe ruajtje, si dhe kthim t\u00eb serish\u00ebm t\u00eb t\u00eb dh\u00ebnave t\u00eb ruajtura personale n\u00eb Komisionin Shtet\u00ebror t\u00eb Zgjedhjeve; Rregullorja p\u00ebr m\u00ebnyr\u00ebn e shkat\u00ebrrimit t\u00eb dokumenteve, si dhe p\u00ebr m\u00ebnyr\u00ebn e shkat\u00ebrrimit, shlyerjes dhe pastrimit t\u00eb medias n\u00eb Komisionin Shtet\u00ebror t\u00eb Zgjedhjeve dhe Rregullorja p\u00ebr denoncim, reagim dhe sanim t\u00eb incidenteve n\u00eb Komisionin Shtet\u00ebror t\u00eb Zgjedhjeve.&nbsp;<\/p>\n\n\n\n<p>P\u00ebr shkak t\u00eb situat\u00ebs me Koronavirusin, personat q\u00eb jan\u00eb n\u00eb karantin\u00eb sht\u00ebpiake p\u00ebr shkak t\u00eb testit pozitiv t\u00eb KOVID-19 ose personave t\u00eb cil\u00ebve u \u00ebsht\u00eb p\u00ebrcaktuar vet\u00eb-izolim me aktvendim t\u00eb Inspektoratit Shtet\u00ebror Sanitar dhe Sh\u00ebndet\u00ebsor,&nbsp;&nbsp;t\u00eb drejt\u00ebn e tyre p\u00ebr t\u00eb votuar do ta realizoj\u00eb nj\u00eb dit\u00eb para dit\u00ebs s\u00eb caktuar p\u00ebr zgjedhje. P\u00ebr at\u00eb q\u00ebllim, u miratua Udh\u00ebzim p\u00ebr regjistrimin dhe votimin e personave q\u00eb jan\u00eb n\u00eb karantin\u00eb sht\u00ebpiake p\u00ebr shkak t\u00eb testit pozitiv t\u00eb Kovid-19 dhe personave t\u00eb cil\u00ebve u \u00ebsht\u00eb p\u00ebrcaktuar mas\u00eb vet\u00eb-izolim. Konkretisht, risi \u00ebsht\u00eb afati i paraqitjes, i cili \u00ebsht\u00eb p\u00ebrcaktuar pes\u00eb dit\u00eb para dit\u00ebs s\u00eb zgjedhjeve, si dhe obligimi i Komisioneve Komunale t\u00eb Zgjedhjeve me detyr\u00ebs zyrtare t\u00eb sigurojn\u00eb t\u00eb dh\u00ebna nga Inspektorati Shtet\u00ebror Sanitar dhe Sh\u00ebndet\u00ebsor, me \u00e7ka leht\u00ebsohet procedura q\u00eb qytetar\u00ebt t\u00eb mos duhet t\u00eb paraqesin dokumentacionin e nevojsh\u00ebm personalisht. P\u00ebr realizimin e k\u00ebtij votimi, Komisioni Shtet\u00ebror i Zgjedhjeve e miratoi edhe Rregulloren p\u00ebr zgjedhje dhe formim t\u00eb K\u00ebshillave t\u00eb Ve\u00e7ant\u00eb Zgjedhor\u00eb, me t\u00eb cil\u00ebn Komisioni Shtet\u00ebror i Zgjedhjeve do t\u00eb formoj\u00eb K\u00ebshilla t\u00eb Ve\u00e7ant\u00eb Zgjedhor\u00eb, q\u00eb p\u00ebrb\u00ebhen nga tre t\u00eb punonj\u00ebs sh\u00ebndet\u00ebsor\u00eb me \u00e7\u2019rast edhe partit\u00eb kan\u00eb t\u00eb drejt\u00eb t\u00eb em\u00ebrojn\u00eb nj\u00eb an\u00ebtar K\u00ebshillin e Ve\u00e7ant\u00eb Zgjedhor. &nbsp;<\/p>\n\n\n\n<p>M\u00eb tej, Komisioni Shtet\u00ebror i Zgjedhjeve e miratoi Udh\u00ebzimin e&nbsp;Komisioneve Komunale t\u00eb Zgjedhjeve dhe Komisionit Zgjedhor t\u00eb Qytetit t\u00eb Shkupit p\u00ebr sigurim, ruajtje, menaxhim dhe distribuim t\u00eb materialit zgjedhor,&nbsp;me t\u00eb cilin n\u00eb pajtim me nenin 31 paragrafi 2, pika 14 dhe 14a, Komisioni Shtet\u00ebror i&nbsp;&nbsp;Zgjedhjeve&nbsp;&nbsp;e dor\u00ebzon, pranon dhe e ruan materialin zgjedhor n\u00eb dhe nga Komisionet Komunale t\u00eb Zgjedhjeve dhe Komisionin Zgjedhor t\u00eb Qytetit Shkup. Gjithashtu me k\u00ebt\u00eb Udh\u00ebzim p\u00ebrcaktohet materiali zgjedhor i besuesh\u00ebm dhe jo i besuesh\u00ebm dhe p\u00ebrcaktohen procedurat konkrete p\u00ebr ruajtjen dhe transportimin e t\u00eb nj\u00ebjtit nga ana e Komisionit&nbsp;&nbsp;Shtet\u00ebror t\u00eb Zgjedhjeve, Komisioneve Komunale t\u00eb&nbsp;&nbsp;Zgjedhjeve dhe K\u00ebshillat Zgjedhor\u00eb. N\u00eb suaza t\u00eb k\u00ebtij Udh\u00ebzimi p\u00ebr zbatimin e dor\u00ebzimit t\u00eb materialit zgjedhor nga Komisioni Shtet\u00ebror i Zgjedhjeve, Komisionet Komunale t\u00eb Zgjedhjeve, Komisioni Zgjedhor i Qytetit Shkup dhe K\u00ebshillat Zgjedhor\u00eb, n\u00eb pajtim me Kodin Zgjedhor, Komisioni Shtet\u00ebror i&nbsp;&nbsp;Zgjedhjeve i miratoi formular\u00ebt: 18c, 18d, 18d, 31b, 31c, 31d, 31d, 19d, 19d, 20b, 20c dhe 22.&nbsp;<\/p>\n\n\n\n<p>Nj\u00ebkoh\u00ebsisht, u miratua edhe Udh\u00ebzimi p\u00ebr m\u00ebnyr\u00ebn dhe procedur\u00ebn p\u00ebr p\u00ebrcaktim t\u00eb \u00e7mimit mesatar t\u00eb arritur dhe t\u00eb \u00e7mimit m\u00eb t\u00eb ul\u00ebt p\u00ebr reklamim t\u00eb paguar politik p\u00ebr radiodifuzer\u00ebt, mediat e shtypit dhe mediat elektronike (internet portalet) q\u00eb d\u00ebshirojn\u00eb ta p\u00ebrdorin t\u00eb drejt\u00ebn p\u00ebr t\u00eb marr\u00eb pjes\u00eb n\u00eb reklamimin e paguar politik dhe t\u00eb p\u00ebrdorin mjete financiare p\u00ebr reklamim t\u00eb paguar politik p\u00ebr Zgjedhjet Lokale 2021.&nbsp;<\/p>\n\n\n\n<p>M\u00eb tej, Komisioni Shtet\u00ebror i Zgjedhjeve t\u00ebrhoqi short dhe e p\u00ebrcaktoi renditjen e parashtruesve t\u00eb listave t\u00eb kandidat\u00ebve n\u00eb flet\u00ebvotim, p\u00ebr zgjedhjet p\u00ebr an\u00ebtar\u00eb t\u00eb k\u00ebshillave komunal\u00eb dhe an\u00ebtar\u00eb t\u00eb k\u00ebshillit t\u00eb Qytetit Shkup dhe kryetar komune dhe p\u00ebr kryetar t\u00eb Qytetit Shkup, si dhe short p\u00ebr ndarjen e lokacioneve t\u00eb panove dhe bilbordeve reklamuese p\u00ebr fushat\u00ebn zgjedhore.&nbsp;<\/p>\n\n\n\n<p>Aktet e miratuara n\u00eb k\u00ebt\u00eb seanc\u00eb do t\u00eb publikohen n\u00eb ueb faqen zyrtare.&nbsp;<\/p>\n\n\n\n<p class=\"has-text-align-center\"><strong>KOMISIONI SHTET\u00cbROR I ZGJEDHJEVE<\/strong><\/p>\n","protected":false},"excerpt":{"rendered":"<p>N\u00eb seanc\u00ebn e Komisionit Shtet\u00ebror t\u00eb Zgjedhjeve u miratuan k\u00ebto akte: &nbsp; N\u00eb pajtim me Analiz\u00ebn e Rrezikut tashm\u00eb t\u00eb miratuar n\u00eb Komisionin Shtet\u00ebror t\u00eb Zgjedhjeve, \u00ebsht\u00eb miratuar Politik\u00eb p\u00ebr [&hellip;]<\/p>\n","protected":false},"author":3,"featured_media":29937,"comment_status":"closed","ping_status":"closed","sticky":false,"template":"","format":"standard","meta":{"footnotes":""},"categories":[23,21,58],"tags":[],"class_list":["post-33372","post","type-post","status-publish","format-standard","has-post-thumbnail","hentry","category-njoftime","category-risi","category-seanca"],"yoast_head":"<!-- This site is optimized with the Yoast SEO plugin v26.2 - https:\/\/yoast.com\/wordpress\/plugins\/seo\/ -->\n<title>Njoftim nga seanca e nj\u00ebzetekat\u00ebr e Komisionit Shtet\u00ebror t\u00eb Zgjedhjeve, e mbajtur m\u00eb 21 shtator 2021 - Komisioni Shtet\u00ebror i Zgjedhjeve<\/title>\n<meta name=\"description\" content=\"N\u00eb seanc\u00ebn e Komisionit Shtet\u00ebror t\u00eb Zgjedhjeve u miratuan k\u00ebto akte: &nbsp; N\u00eb pajtim me Analiz\u00ebn e Rrezikut tashm\u00eb t\u00eb miratuar n\u00eb Komisionin Shtet\u00ebror\" \/>\n<meta name=\"robots\" content=\"index, follow, max-snippet:-1, max-image-preview:large, max-video-preview:-1\" \/>\n<link rel=\"canonical\" href=\"https:\/\/www.sec.mk\/sq\/njoftim-nga-seanca-e-njezetekater-e-komisionit-shteteror-te-zgjedhjeve-e-mbajtur-me-21-shtator-2021\/\" \/>\n<meta property=\"og:locale\" content=\"sq_AL\" \/>\n<meta property=\"og:type\" content=\"article\" \/>\n<meta property=\"og:title\" content=\"Njoftim nga seanca e nj\u00ebzetekat\u00ebr e Komisionit Shtet\u00ebror t\u00eb Zgjedhjeve, e mbajtur m\u00eb 21 shtator 2021 - Komisioni Shtet\u00ebror i Zgjedhjeve\" \/>\n<meta property=\"og:description\" content=\"N\u00eb seanc\u00ebn e Komisionit Shtet\u00ebror t\u00eb Zgjedhjeve u miratuan k\u00ebto akte: &nbsp; N\u00eb pajtim me Analiz\u00ebn e Rrezikut tashm\u00eb t\u00eb miratuar n\u00eb Komisionin Shtet\u00ebror\" \/>\n<meta property=\"og:url\" content=\"https:\/\/www.sec.mk\/sq\/njoftim-nga-seanca-e-njezetekater-e-komisionit-shteteror-te-zgjedhjeve-e-mbajtur-me-21-shtator-2021\/\" \/>\n<meta property=\"og:site_name\" content=\"Komisioni Shtet\u00ebror i Zgjedhjeve\" \/>\n<meta property=\"article:published_time\" content=\"2021-09-22T14:45:28+00:00\" \/>\n<meta property=\"article:modified_time\" content=\"2021-09-22T15:01:25+00:00\" \/>\n<meta property=\"og:image\" content=\"https:\/\/www.sec.mk\/wp-content\/uploads\/2021\/08\/post-logo-sec-1.jpg\" \/>\n\t<meta property=\"og:image:width\" content=\"600\" \/>\n\t<meta property=\"og:image:height\" content=\"449\" \/>\n\t<meta property=\"og:image:type\" content=\"image\/jpeg\" \/>\n<meta name=\"author\" content=\"katerina\" \/>\n<meta name=\"twitter:card\" content=\"summary_large_image\" \/>\n<meta name=\"twitter:label1\" content=\"Written by\" \/>\n\t<meta name=\"twitter:data1\" content=\"katerina\" \/>\n\t<meta name=\"twitter:label2\" content=\"Est. reading time\" \/>\n\t<meta name=\"twitter:data2\" content=\"4 minuta\" \/>\n<script type=\"application\/ld+json\" class=\"yoast-schema-graph\">{\"@context\":\"https:\/\/schema.org\",\"@graph\":[{\"@type\":\"WebPage\",\"@id\":\"https:\/\/www.sec.mk\/sq\/njoftim-nga-seanca-e-njezetekater-e-komisionit-shteteror-te-zgjedhjeve-e-mbajtur-me-21-shtator-2021\/\",\"url\":\"https:\/\/www.sec.mk\/sq\/njoftim-nga-seanca-e-njezetekater-e-komisionit-shteteror-te-zgjedhjeve-e-mbajtur-me-21-shtator-2021\/\",\"name\":\"Njoftim nga seanca e nj\u00ebzetekat\u00ebr e Komisionit Shtet\u00ebror t\u00eb Zgjedhjeve, e mbajtur m\u00eb 21 shtator 2021 - Komisioni Shtet\u00ebror i Zgjedhjeve\",\"isPartOf\":{\"@id\":\"https:\/\/www.sec.mk\/#website\"},\"primaryImageOfPage\":{\"@id\":\"https:\/\/www.sec.mk\/sq\/njoftim-nga-seanca-e-njezetekater-e-komisionit-shteteror-te-zgjedhjeve-e-mbajtur-me-21-shtator-2021\/#primaryimage\"},\"image\":{\"@id\":\"https:\/\/www.sec.mk\/sq\/njoftim-nga-seanca-e-njezetekater-e-komisionit-shteteror-te-zgjedhjeve-e-mbajtur-me-21-shtator-2021\/#primaryimage\"},\"thumbnailUrl\":\"https:\/\/www.sec.mk\/wp-content\/uploads\/2021\/08\/post-logo-sec-1.jpg\",\"datePublished\":\"2021-09-22T14:45:28+00:00\",\"dateModified\":\"2021-09-22T15:01:25+00:00\",\"author\":{\"@id\":\"https:\/\/www.sec.mk\/#\/schema\/person\/180b99a95caa0823f543ccc771cbb595\"},\"description\":\"N\u00eb seanc\u00ebn e Komisionit Shtet\u00ebror t\u00eb Zgjedhjeve u miratuan k\u00ebto akte: &nbsp; N\u00eb pajtim me Analiz\u00ebn e Rrezikut tashm\u00eb t\u00eb miratuar n\u00eb Komisionin Shtet\u00ebror\",\"breadcrumb\":{\"@id\":\"https:\/\/www.sec.mk\/sq\/njoftim-nga-seanca-e-njezetekater-e-komisionit-shteteror-te-zgjedhjeve-e-mbajtur-me-21-shtator-2021\/#breadcrumb\"},\"inLanguage\":\"sq\",\"potentialAction\":[{\"@type\":\"ReadAction\",\"target\":[\"https:\/\/www.sec.mk\/sq\/njoftim-nga-seanca-e-njezetekater-e-komisionit-shteteror-te-zgjedhjeve-e-mbajtur-me-21-shtator-2021\/\"]}]},{\"@type\":\"ImageObject\",\"inLanguage\":\"sq\",\"@id\":\"https:\/\/www.sec.mk\/sq\/njoftim-nga-seanca-e-njezetekater-e-komisionit-shteteror-te-zgjedhjeve-e-mbajtur-me-21-shtator-2021\/#primaryimage\",\"url\":\"https:\/\/www.sec.mk\/wp-content\/uploads\/2021\/08\/post-logo-sec-1.jpg\",\"contentUrl\":\"https:\/\/www.sec.mk\/wp-content\/uploads\/2021\/08\/post-logo-sec-1.jpg\",\"width\":600,\"height\":449,\"caption\":\"\u041b\u043e\u0433\u043e \u0414\u0418\u041a \u043d\u043e\u0432\u043e\u0441\u0442\u0438\"},{\"@type\":\"BreadcrumbList\",\"@id\":\"https:\/\/www.sec.mk\/sq\/njoftim-nga-seanca-e-njezetekater-e-komisionit-shteteror-te-zgjedhjeve-e-mbajtur-me-21-shtator-2021\/#breadcrumb\",\"itemListElement\":[{\"@type\":\"ListItem\",\"position\":1,\"name\":\"Home\",\"item\":\"https:\/\/www.sec.mk\/sq\/home-alb\/\"},{\"@type\":\"ListItem\",\"position\":2,\"name\":\"Njoftim nga seanca e nj\u00ebzetekat\u00ebr e Komisionit Shtet\u00ebror t\u00eb Zgjedhjeve, e mbajtur m\u00eb 21 shtator 2021\"}]},{\"@type\":\"WebSite\",\"@id\":\"https:\/\/www.sec.mk\/#website\",\"url\":\"https:\/\/www.sec.mk\/\",\"name\":\"Komisioni Shtet\u00ebror i Zgjedhjeve\",\"description\":\"\",\"potentialAction\":[{\"@type\":\"SearchAction\",\"target\":{\"@type\":\"EntryPoint\",\"urlTemplate\":\"https:\/\/www.sec.mk\/?s={search_term_string}\"},\"query-input\":{\"@type\":\"PropertyValueSpecification\",\"valueRequired\":true,\"valueName\":\"search_term_string\"}}],\"inLanguage\":\"sq\"},{\"@type\":\"Person\",\"@id\":\"https:\/\/www.sec.mk\/#\/schema\/person\/180b99a95caa0823f543ccc771cbb595\",\"name\":\"katerina\",\"image\":{\"@type\":\"ImageObject\",\"inLanguage\":\"sq\",\"@id\":\"https:\/\/www.sec.mk\/#\/schema\/person\/image\/\",\"url\":\"https:\/\/secure.gravatar.com\/avatar\/5cfc365f3132e14b477e0c3cf8010efa73d2d91b0ee4adf8fa2429ddecf4a541?s=96&d=mm&r=g\",\"contentUrl\":\"https:\/\/secure.gravatar.com\/avatar\/5cfc365f3132e14b477e0c3cf8010efa73d2d91b0ee4adf8fa2429ddecf4a541?s=96&d=mm&r=g\",\"caption\":\"katerina\"}}]}<\/script>\n<!-- \/ Yoast SEO plugin. -->","yoast_head_json":{"title":"Njoftim nga seanca e nj\u00ebzetekat\u00ebr e Komisionit Shtet\u00ebror t\u00eb Zgjedhjeve, e mbajtur m\u00eb 21 shtator 2021 - Komisioni Shtet\u00ebror i Zgjedhjeve","description":"N\u00eb seanc\u00ebn e Komisionit Shtet\u00ebror t\u00eb Zgjedhjeve u miratuan k\u00ebto akte: &nbsp; N\u00eb pajtim me Analiz\u00ebn e Rrezikut tashm\u00eb t\u00eb miratuar n\u00eb Komisionin Shtet\u00ebror","robots":{"index":"index","follow":"follow","max-snippet":"max-snippet:-1","max-image-preview":"max-image-preview:large","max-video-preview":"max-video-preview:-1"},"canonical":"https:\/\/www.sec.mk\/sq\/njoftim-nga-seanca-e-njezetekater-e-komisionit-shteteror-te-zgjedhjeve-e-mbajtur-me-21-shtator-2021\/","og_locale":"sq_AL","og_type":"article","og_title":"Njoftim nga seanca e nj\u00ebzetekat\u00ebr e Komisionit Shtet\u00ebror t\u00eb Zgjedhjeve, e mbajtur m\u00eb 21 shtator 2021 - Komisioni Shtet\u00ebror i Zgjedhjeve","og_description":"N\u00eb seanc\u00ebn e Komisionit Shtet\u00ebror t\u00eb Zgjedhjeve u miratuan k\u00ebto akte: &nbsp; N\u00eb pajtim me Analiz\u00ebn e Rrezikut tashm\u00eb t\u00eb miratuar n\u00eb Komisionin Shtet\u00ebror","og_url":"https:\/\/www.sec.mk\/sq\/njoftim-nga-seanca-e-njezetekater-e-komisionit-shteteror-te-zgjedhjeve-e-mbajtur-me-21-shtator-2021\/","og_site_name":"Komisioni Shtet\u00ebror i Zgjedhjeve","article_published_time":"2021-09-22T14:45:28+00:00","article_modified_time":"2021-09-22T15:01:25+00:00","og_image":[{"width":600,"height":449,"url":"https:\/\/www.sec.mk\/wp-content\/uploads\/2021\/08\/post-logo-sec-1.jpg","type":"image\/jpeg"}],"author":"katerina","twitter_card":"summary_large_image","twitter_misc":{"Written by":"katerina","Est. reading time":"4 minuta"},"schema":{"@context":"https:\/\/schema.org","@graph":[{"@type":"WebPage","@id":"https:\/\/www.sec.mk\/sq\/njoftim-nga-seanca-e-njezetekater-e-komisionit-shteteror-te-zgjedhjeve-e-mbajtur-me-21-shtator-2021\/","url":"https:\/\/www.sec.mk\/sq\/njoftim-nga-seanca-e-njezetekater-e-komisionit-shteteror-te-zgjedhjeve-e-mbajtur-me-21-shtator-2021\/","name":"Njoftim nga seanca e nj\u00ebzetekat\u00ebr e Komisionit Shtet\u00ebror t\u00eb Zgjedhjeve, e mbajtur m\u00eb 21 shtator 2021 - Komisioni Shtet\u00ebror i Zgjedhjeve","isPartOf":{"@id":"https:\/\/www.sec.mk\/#website"},"primaryImageOfPage":{"@id":"https:\/\/www.sec.mk\/sq\/njoftim-nga-seanca-e-njezetekater-e-komisionit-shteteror-te-zgjedhjeve-e-mbajtur-me-21-shtator-2021\/#primaryimage"},"image":{"@id":"https:\/\/www.sec.mk\/sq\/njoftim-nga-seanca-e-njezetekater-e-komisionit-shteteror-te-zgjedhjeve-e-mbajtur-me-21-shtator-2021\/#primaryimage"},"thumbnailUrl":"https:\/\/www.sec.mk\/wp-content\/uploads\/2021\/08\/post-logo-sec-1.jpg","datePublished":"2021-09-22T14:45:28+00:00","dateModified":"2021-09-22T15:01:25+00:00","author":{"@id":"https:\/\/www.sec.mk\/#\/schema\/person\/180b99a95caa0823f543ccc771cbb595"},"description":"N\u00eb seanc\u00ebn e Komisionit Shtet\u00ebror t\u00eb Zgjedhjeve u miratuan k\u00ebto akte: &nbsp; N\u00eb pajtim me Analiz\u00ebn e Rrezikut tashm\u00eb t\u00eb miratuar n\u00eb Komisionin Shtet\u00ebror","breadcrumb":{"@id":"https:\/\/www.sec.mk\/sq\/njoftim-nga-seanca-e-njezetekater-e-komisionit-shteteror-te-zgjedhjeve-e-mbajtur-me-21-shtator-2021\/#breadcrumb"},"inLanguage":"sq","potentialAction":[{"@type":"ReadAction","target":["https:\/\/www.sec.mk\/sq\/njoftim-nga-seanca-e-njezetekater-e-komisionit-shteteror-te-zgjedhjeve-e-mbajtur-me-21-shtator-2021\/"]}]},{"@type":"ImageObject","inLanguage":"sq","@id":"https:\/\/www.sec.mk\/sq\/njoftim-nga-seanca-e-njezetekater-e-komisionit-shteteror-te-zgjedhjeve-e-mbajtur-me-21-shtator-2021\/#primaryimage","url":"https:\/\/www.sec.mk\/wp-content\/uploads\/2021\/08\/post-logo-sec-1.jpg","contentUrl":"https:\/\/www.sec.mk\/wp-content\/uploads\/2021\/08\/post-logo-sec-1.jpg","width":600,"height":449,"caption":"\u041b\u043e\u0433\u043e \u0414\u0418\u041a \u043d\u043e\u0432\u043e\u0441\u0442\u0438"},{"@type":"BreadcrumbList","@id":"https:\/\/www.sec.mk\/sq\/njoftim-nga-seanca-e-njezetekater-e-komisionit-shteteror-te-zgjedhjeve-e-mbajtur-me-21-shtator-2021\/#breadcrumb","itemListElement":[{"@type":"ListItem","position":1,"name":"Home","item":"https:\/\/www.sec.mk\/sq\/home-alb\/"},{"@type":"ListItem","position":2,"name":"Njoftim nga seanca e nj\u00ebzetekat\u00ebr e Komisionit Shtet\u00ebror t\u00eb Zgjedhjeve, e mbajtur m\u00eb 21 shtator 2021"}]},{"@type":"WebSite","@id":"https:\/\/www.sec.mk\/#website","url":"https:\/\/www.sec.mk\/","name":"Komisioni Shtet\u00ebror i Zgjedhjeve","description":"","potentialAction":[{"@type":"SearchAction","target":{"@type":"EntryPoint","urlTemplate":"https:\/\/www.sec.mk\/?s={search_term_string}"},"query-input":{"@type":"PropertyValueSpecification","valueRequired":true,"valueName":"search_term_string"}}],"inLanguage":"sq"},{"@type":"Person","@id":"https:\/\/www.sec.mk\/#\/schema\/person\/180b99a95caa0823f543ccc771cbb595","name":"katerina","image":{"@type":"ImageObject","inLanguage":"sq","@id":"https:\/\/www.sec.mk\/#\/schema\/person\/image\/","url":"https:\/\/secure.gravatar.com\/avatar\/5cfc365f3132e14b477e0c3cf8010efa73d2d91b0ee4adf8fa2429ddecf4a541?s=96&d=mm&r=g","contentUrl":"https:\/\/secure.gravatar.com\/avatar\/5cfc365f3132e14b477e0c3cf8010efa73d2d91b0ee4adf8fa2429ddecf4a541?s=96&d=mm&r=g","caption":"katerina"}}]}},"_links":{"self":[{"href":"https:\/\/www.sec.mk\/sq\/wp-json\/wp\/v2\/posts\/33372","targetHints":{"allow":["GET"]}}],"collection":[{"href":"https:\/\/www.sec.mk\/sq\/wp-json\/wp\/v2\/posts"}],"about":[{"href":"https:\/\/www.sec.mk\/sq\/wp-json\/wp\/v2\/types\/post"}],"author":[{"embeddable":true,"href":"https:\/\/www.sec.mk\/sq\/wp-json\/wp\/v2\/users\/3"}],"replies":[{"embeddable":true,"href":"https:\/\/www.sec.mk\/sq\/wp-json\/wp\/v2\/comments?post=33372"}],"version-history":[{"count":5,"href":"https:\/\/www.sec.mk\/sq\/wp-json\/wp\/v2\/posts\/33372\/revisions"}],"predecessor-version":[{"id":33380,"href":"https:\/\/www.sec.mk\/sq\/wp-json\/wp\/v2\/posts\/33372\/revisions\/33380"}],"wp:featuredmedia":[{"embeddable":true,"href":"https:\/\/www.sec.mk\/sq\/wp-json\/wp\/v2\/media\/29937"}],"wp:attachment":[{"href":"https:\/\/www.sec.mk\/sq\/wp-json\/wp\/v2\/media?parent=33372"}],"wp:term":[{"taxonomy":"category","embeddable":true,"href":"https:\/\/www.sec.mk\/sq\/wp-json\/wp\/v2\/categories?post=33372"},{"taxonomy":"post_tag","embeddable":true,"href":"https:\/\/www.sec.mk\/sq\/wp-json\/wp\/v2\/tags?post=33372"}],"curies":[{"name":"wp","href":"https:\/\/api.w.org\/{rel}","templated":true}]}}