{"id":34069,"date":"2021-10-05T18:20:39","date_gmt":"2021-10-05T16:20:39","guid":{"rendered":"https:\/\/www.sec.mk\/?p=34069"},"modified":"2021-10-07T11:59:54","modified_gmt":"2021-10-07T09:59:54","slug":"njoftim-per-paraqitje-te-personave-te-cilet-jane-pozitiv-me-kovid-19-te-personave-te-cilet-jane-ne-vete-izolim-me-aktvendim-nga-inspektorati-shteteror-sanitar-dhe-shendetesor-te-personave-te-semure","status":"publish","type":"post","link":"https:\/\/www.sec.mk\/sq\/njoftim-per-paraqitje-te-personave-te-cilet-jane-pozitiv-me-kovid-19-te-personave-te-cilet-jane-ne-vete-izolim-me-aktvendim-nga-inspektorati-shteteror-sanitar-dhe-shendetesor-te-personave-te-semure\/","title":{"rendered":"Njoftim p\u00ebr paraqitje t\u00eb personave t\u00eb cil\u00ebt jan\u00eb pozitiv me KOVID-19, t\u00eb personave t\u00eb cil\u00ebt jan\u00eb n\u00eb vet\u00eb-izolim, t\u00eb personave t\u00eb s\u00ebmur\u00eb dhe t\u00eb pamundur"},"content":{"rendered":"\n<p>Zgjedh\u00ebsit t\u00eb cil\u00ebt jan\u00eb n\u00eb karantin\u00eb sht\u00ebpiake p\u00ebr shkak t\u00eb testit pozitiv p\u00ebr KOVID-19 dhe zgjedh\u00ebsit t\u00eb cil\u00ebve u \u00ebsht\u00eb shqiptuar masa vet\u00eb-izolim nga Inspektorati Shtet\u00ebror Sanitar dhe Sh\u00ebndet\u00ebsor, nd\u00ebrkaq d\u00ebshirojn\u00eb t\u00eb votojn\u00eb, p\u00ebr k\u00ebt\u00eb do ta njoftojn\u00eb Komisionin Komunal t\u00eb Zgjedhjeve m\u00eb s\u00eb voni <strong>5 dit\u00eb para dit\u00ebs s\u00eb p\u00ebrcaktuar p\u00ebr votim<\/strong>.<\/p>\n\n\n\n<p>Me d\u00ebrgimin e njoftimit n\u00eb Komisionin Komunal t\u00eb Zgjedhjeve, zgjedh\u00ebsi n\u00ebp\u00ebrmjet t\u00eb autorizuarit ose n\u00eb form\u00eb elektronike (e-mail apo p\u00ebrmes aplikacionit) n\u00eb pajtim me Udh\u00ebzimin p\u00ebr paraqitje dhe votim t\u00eb personave t\u00eb cil\u00ebt jan\u00eb n\u00eb karantin\u00eb sht\u00ebpiake p\u00ebr shkak t\u00eb testit pozitiv p\u00ebr KOVID-19 dhe t\u00eb cil\u00ebve u \u00ebsht\u00eb shqiptuar masa vet\u00eb-izolim, Komisioni Komunal i Zgjedhjeve me detyr\u00eb zyrtare i grumbullon t\u00eb dh\u00ebnat nga Inspektorati Shtet\u00ebror Sanitar dhe Sh\u00ebndet\u00ebsor p\u00ebr personat t\u00eb cil\u00ebt jan\u00eb paraqitur p\u00ebr votim.<\/p>\n\n\n\n<p>K\u00ebta persona do t\u00eb votojn\u00eb n\u00eb sht\u00ebpit\u00eb e tyre m\u00eb <strong><u>16.10.2021 (e shtun\u00eb).<\/u><\/strong><\/p>\n\n\n\n<p>Zgjedh\u00ebsi, i cili nuk \u00ebsht\u00eb n\u00eb gjendje t\u00eb votoj\u00eb n\u00eb vendvotim (person i s\u00ebmur\u00eb ose i pamundur n\u00eb pajtim me Udh\u00ebzimin p\u00ebr paraqitje dhe votim t\u00eb personave t\u00eb pamundur ose t\u00eb s\u00ebmur\u00eb), nd\u00ebrsa d\u00ebshiron t\u00eb votoj\u00eb, p\u00ebr k\u00ebt\u00eb do ta njoftoj\u00eb Komisionin Komunal t\u00eb Zgjedhjeve m\u00eb s\u00eb voni <strong>7 dit\u00eb para dit\u00ebs s\u00eb p\u00ebrcaktuar p\u00ebr votim<\/strong>.<\/p>\n\n\n\n<p>Krahas njoftimit n\u00eb Komisionin Komunal t\u00eb Zgjedhjeve, personi duhet t\u00eb parashtroj\u00eb, n\u00eb origjinal ose kopje edhe prov\u00eb mjek\u00ebsore p\u00ebr s\u00ebmundjen si dhe dokumentacion tjet\u00ebr (t\u00eb sh\u00ebnuara n\u00eb nenin 1 t\u00eb Udh\u00ebzimit).<\/p>\n\n\n\n<p>Aktvendimin p\u00ebr shfryt\u00ebzim t\u00eb p\u00ebrkujdesjes s\u00eb huaj nga person i tret\u00eb, Komisioni Komunal i Zgjedhjeve e llogarit si t\u00eb vlefsh\u00ebm edhe kur vlefshm\u00ebria e vet ka skaduar n\u00eb periudh\u00ebn e shpalljes s\u00eb zgjedhjeve deri n\u00eb momentin e paraqitjes.<\/p>\n\n\n\n<p>Kur zgjedh\u00ebsi e d\u00ebrgon njoftimin n\u00eb Komisionin Komunal t\u00eb Zgjedhjeve n\u00eb form\u00eb elektronike (e-mail ose p\u00ebrmes aplikacionit), dokumentet e nevojshme ia bashk\u00ebngjet k\u00ebrkes\u00ebs si shtojca t\u00eb skanuara.<\/p>\n\n\n\n<p>K\u00ebta persona do t\u00eb votojn\u00eb n\u00eb sht\u00ebpit\u00eb e tyre m\u00eb <strong><u>16.10.2021 (e shtun\u00eb).<\/u><\/strong><\/p>\n\n\n\n<p>Njoftimi mund t\u00eb parashtrohet drejtp\u00ebrs\u00ebdrejti n\u00eb KKZ, n\u00ebp\u00ebrmjet personit t\u00eb autorizuar, drejtp\u00ebrdrejt\u00eb ose n\u00ebp\u00ebrmjet t\u00eb autorizuarit n\u00eb m\u00ebnyr\u00eb elektronike n\u00eb e-mail adres\u00ebn e Komisionit Komunal t\u00eb Zgjedhjeve ose n\u00eb aplikacionin p\u00ebr paraqitje t\u00eb personave t\u00eb pamundur ose t\u00eb s\u00ebmur\u00eb dhe t\u00eb personave t\u00eb cil\u00ebt jan\u00eb n\u00eb karantin\u00eb sht\u00ebpiake p\u00ebr shkak t\u00eb testit pozitiv p\u00ebr KOVID-19 dhe t\u00eb cil\u00ebve u \u00ebsht\u00eb shqiptuar masa vet\u00eb-izolim, e publikuar n\u00eb ueb faqen e Komisionit Shtet\u00ebror t\u00eb Zgjedhjeve <a href=\"http:\/\/www.sec.mk\">www.sec.mk<\/a>.<\/p>\n\n\n\n<p>Nj\u00eb person i nj\u00ebjt\u00eb mund t\u00eb jet\u00eb i autorizuar p\u00ebr m\u00eb s\u00eb shumti dy persona.<\/p>\n\n\n\n<p>Nga e nj\u00ebjta e-mail adres\u00eb mund t\u00eb d\u00ebrgohen m\u00eb s\u00eb shumti dy njoftime.<\/p>\n\n\n\n<p>Njoftimi p\u00ebr <strong>person t\u00eb s\u00ebmur\u00eb ose t\u00eb pamundur <\/strong>d\u00ebrgohet n\u00eb Komisionin Komunal t\u00eb zgjedhjeve <strong><u>m\u00eb s\u00eb voni m\u00eb 09.10.2021 deri n\u00eb or\u00ebn 24:00<\/u><\/strong>.<\/p>\n\n\n\n<p>Njoftimi p\u00ebr person i cili \u00ebsht\u00eb n\u00eb karantin\u00eb sht\u00ebpiake p\u00ebr shkak t\u00eb testit pozitiv p\u00ebr KOVID-19 dhe person t\u00eb cilit i \u00ebsht\u00eb shqiptuar masa vet\u00eb-izolim, d\u00ebrgohet n\u00eb Komisionin Komunal t\u00eb Zgjedhjeve <strong><u>m\u00eb s\u00eb voni m\u00eb 11.10.2021 deri n\u00eb or\u00ebn 24:00<\/u><\/strong>.<\/p>\n\n\n\n<p>&nbsp;&nbsp;&nbsp;&nbsp;&nbsp;&nbsp;&nbsp;&nbsp;&nbsp;&nbsp;&nbsp; Me respekt,<\/p>\n\n\n\n<p class=\"has-text-align-center\"><strong>KOMISIONI SHTET\u00cbROR I ZGJEDHJEVE<\/strong><\/p>\n\n\n\n<div class=\"wp-block-columns is-layout-flex wp-container-core-columns-is-layout-9d6595d7 wp-block-columns-is-layout-flex\">\n<div class=\"wp-block-column is-vertically-aligned-center is-layout-flow wp-block-column-is-layout-flow\">\n<div   class='hr hr-short hr-center   avia-builder-el-0  el_before_av_font_icon  avia-builder-el-first '><span class='hr-inner ' ><span class='hr-inner-style'><\/span><\/span><\/div>\n\n\n<ul>\n \t<li><span  class=\"av_font_icon avia_animate_when_visible avia-icon-animate  av-icon-style-  avia-icon-pos-left \" style=\"color:#a81010; border-color:#a81010;\"><span class='av-icon-char' style='font-size:25px;line-height:25px;' aria-hidden='true' data-av_icon='\ue800' data-av_iconfont='fontello' ><\/span><\/span> <a href=\"https:\/\/drive.google.com\/file\/d\/16Ln_bOb-YUHJD-NreYqe6VaS6fs9oJND\/view?usp=sharing\" target=\"_blank\" rel=\"noopener\">\nNjoftim p\u00ebr paraqitje t\u00eb personave t\u00eb cil\u00ebt jan\u00eb pozitiv me KOVID-19, t\u00eb personave t\u00eb cil\u00ebt jan\u00eb n\u00eb vet\u00eb-izolim me aktvendim nga Inspektorati Shtet\u00ebror Sanitar dhe Sh\u00ebndet\u00ebsor, t\u00eb personave t\u00eb s\u00ebmur\u00eb ose t\u00eb pamundur\n<\/a><\/li>\n \t<li><span  class=\"av_font_icon avia_animate_when_visible avia-icon-animate  av-icon-style-  avia-icon-pos-left \" style=\"color:#a81010; border-color:#a81010;\"><span class='av-icon-char' style='font-size:25px;line-height:25px;' aria-hidden='true' data-av_icon='\uf1c2' data-av_iconfont='fontello' ><\/span><\/span> <a href=\"https:\/\/docs.google.com\/document\/d\/1Bvfxkky2E9n6_QHEY4C_hlfuc6CzSnDL\/edit?usp=sharing&amp;ouid=102832416154499851936&amp;rtpof=true&amp;sd=true\" target=\"_blank\" rel=\"noopener\">Model p\u00ebr njoftim p\u00ebr t\u00eb s\u00ebmur\u00ebt me Kovid<\/a><\/li>\n \t<li><span  class=\"av_font_icon avia_animate_when_visible avia-icon-animate  av-icon-style-  avia-icon-pos-left \" style=\"color:#a81010; border-color:#a81010;\"><span class='av-icon-char' style='font-size:25px;line-height:25px;' aria-hidden='true' data-av_icon='\uf1c2' data-av_iconfont='fontello' ><\/span><\/span> <a href=\"https:\/\/docs.google.com\/document\/d\/1GQKopeC0HDwVL4wlyhSFgQCt3Lk9nBSr\/edit?usp=sharing&amp;ouid=102832416154499851936&amp;rtpof=true&amp;sd=true\" target=\"_blank\" rel=\"noopener\">Model p\u00ebr njoftim p\u00ebr person t\u00eb pamundur dhe person t\u00eb s\u00ebmur\u00eb<\/a><\/li>\n \t<li><span  class=\"av_font_icon avia_animate_when_visible avia-icon-animate  av-icon-style-  avia-icon-pos-left \" style=\"color:#a81010; border-color:#a81010;\"><span class='av-icon-char' style='font-size:25px;line-height:25px;' aria-hidden='true' data-av_icon='\ue800' data-av_iconfont='fontello' ><\/span><\/span> <a href=\"https:\/\/drive.google.com\/file\/d\/1aFU0hhDFp0DUFVgzAKuZj4WiHhzwWdiP\/view?usp=sharing\" target=\"_blank\" rel=\"noopener\">E-mail adresat e KKZ-ve<\/a><\/li>\n<\/ul>\n<\/div>\n<\/div>\n","protected":false},"excerpt":{"rendered":"<p>Zgjedh\u00ebsit t\u00eb cil\u00ebt jan\u00eb n\u00eb karantin\u00eb sht\u00ebpiake p\u00ebr shkak t\u00eb testit pozitiv p\u00ebr KOVID-19 dhe zgjedh\u00ebsit t\u00eb cil\u00ebve u \u00ebsht\u00eb shqiptuar masa vet\u00eb-izolim nga Inspektorati Shtet\u00ebror Sanitar dhe Sh\u00ebndet\u00ebsor, nd\u00ebrkaq [&hellip;]<\/p>\n","protected":false},"author":3,"featured_media":29937,"comment_status":"closed","ping_status":"closed","sticky":false,"template":"","format":"standard","meta":{"footnotes":""},"categories":[23,21],"tags":[],"class_list":["post-34069","post","type-post","status-publish","format-standard","has-post-thumbnail","hentry","category-njoftime","category-risi"],"yoast_head":"<!-- This site is optimized with the Yoast SEO plugin v26.2 - https:\/\/yoast.com\/wordpress\/plugins\/seo\/ -->\n<title>Njoftim p\u00ebr paraqitje t\u00eb personave t\u00eb cil\u00ebt jan\u00eb pozitiv me KOVID-19, t\u00eb personave t\u00eb cil\u00ebt jan\u00eb n\u00eb vet\u00eb-izolim, t\u00eb personave t\u00eb s\u00ebmur\u00eb dhe t\u00eb pamundur - Komisioni Shtet\u00ebror i Zgjedhjeve<\/title>\n<meta name=\"description\" content=\"Zgjedh\u00ebsit t\u00eb cil\u00ebt jan\u00eb n\u00eb karantin\u00eb sht\u00ebpiake p\u00ebr shkak t\u00eb testit pozitiv p\u00ebr KOVID-19 dhe zgjedh\u00ebsit t\u00eb cil\u00ebve u \u00ebsht\u00eb shqiptuar masa vet\u00eb-izolim nga\" \/>\n<meta name=\"robots\" content=\"index, follow, max-snippet:-1, max-image-preview:large, max-video-preview:-1\" \/>\n<link rel=\"canonical\" href=\"https:\/\/www.sec.mk\/sq\/njoftim-per-paraqitje-te-personave-te-cilet-jane-pozitiv-me-kovid-19-te-personave-te-cilet-jane-ne-vete-izolim-me-aktvendim-nga-inspektorati-shteteror-sanitar-dhe-shendetesor-te-personave-te-semure\/\" \/>\n<meta property=\"og:locale\" content=\"sq_AL\" \/>\n<meta property=\"og:type\" content=\"article\" \/>\n<meta property=\"og:title\" content=\"Njoftim p\u00ebr paraqitje t\u00eb personave t\u00eb cil\u00ebt jan\u00eb pozitiv me KOVID-19, t\u00eb personave t\u00eb cil\u00ebt jan\u00eb n\u00eb vet\u00eb-izolim, t\u00eb personave t\u00eb s\u00ebmur\u00eb dhe t\u00eb pamundur - Komisioni Shtet\u00ebror i Zgjedhjeve\" \/>\n<meta property=\"og:description\" content=\"Zgjedh\u00ebsit t\u00eb cil\u00ebt jan\u00eb n\u00eb karantin\u00eb sht\u00ebpiake p\u00ebr shkak t\u00eb testit pozitiv p\u00ebr KOVID-19 dhe zgjedh\u00ebsit t\u00eb cil\u00ebve u \u00ebsht\u00eb shqiptuar masa vet\u00eb-izolim nga\" \/>\n<meta property=\"og:url\" content=\"https:\/\/www.sec.mk\/sq\/njoftim-per-paraqitje-te-personave-te-cilet-jane-pozitiv-me-kovid-19-te-personave-te-cilet-jane-ne-vete-izolim-me-aktvendim-nga-inspektorati-shteteror-sanitar-dhe-shendetesor-te-personave-te-semure\/\" \/>\n<meta property=\"og:site_name\" content=\"Komisioni Shtet\u00ebror i Zgjedhjeve\" \/>\n<meta property=\"article:published_time\" content=\"2021-10-05T16:20:39+00:00\" \/>\n<meta property=\"article:modified_time\" content=\"2021-10-07T09:59:54+00:00\" \/>\n<meta property=\"og:image\" content=\"https:\/\/www.sec.mk\/wp-content\/uploads\/2021\/08\/post-logo-sec-1.jpg\" \/>\n\t<meta property=\"og:image:width\" content=\"600\" \/>\n\t<meta property=\"og:image:height\" content=\"449\" \/>\n\t<meta property=\"og:image:type\" content=\"image\/jpeg\" \/>\n<meta name=\"author\" content=\"katerina\" \/>\n<meta name=\"twitter:card\" content=\"summary_large_image\" \/>\n<meta name=\"twitter:label1\" content=\"Written by\" \/>\n\t<meta name=\"twitter:data1\" content=\"katerina\" \/>\n\t<meta name=\"twitter:label2\" content=\"Est. reading time\" \/>\n\t<meta name=\"twitter:data2\" content=\"3 minuta\" \/>\n<script type=\"application\/ld+json\" class=\"yoast-schema-graph\">{\"@context\":\"https:\/\/schema.org\",\"@graph\":[{\"@type\":\"WebPage\",\"@id\":\"https:\/\/www.sec.mk\/sq\/njoftim-per-paraqitje-te-personave-te-cilet-jane-pozitiv-me-kovid-19-te-personave-te-cilet-jane-ne-vete-izolim-me-aktvendim-nga-inspektorati-shteteror-sanitar-dhe-shendetesor-te-personave-te-semure\/\",\"url\":\"https:\/\/www.sec.mk\/sq\/njoftim-per-paraqitje-te-personave-te-cilet-jane-pozitiv-me-kovid-19-te-personave-te-cilet-jane-ne-vete-izolim-me-aktvendim-nga-inspektorati-shteteror-sanitar-dhe-shendetesor-te-personave-te-semure\/\",\"name\":\"Njoftim p\u00ebr paraqitje t\u00eb personave t\u00eb cil\u00ebt jan\u00eb pozitiv me KOVID-19, t\u00eb personave t\u00eb cil\u00ebt jan\u00eb n\u00eb vet\u00eb-izolim, t\u00eb personave t\u00eb s\u00ebmur\u00eb dhe t\u00eb pamundur - Komisioni Shtet\u00ebror i Zgjedhjeve\",\"isPartOf\":{\"@id\":\"https:\/\/www.sec.mk\/#website\"},\"primaryImageOfPage\":{\"@id\":\"https:\/\/www.sec.mk\/sq\/njoftim-per-paraqitje-te-personave-te-cilet-jane-pozitiv-me-kovid-19-te-personave-te-cilet-jane-ne-vete-izolim-me-aktvendim-nga-inspektorati-shteteror-sanitar-dhe-shendetesor-te-personave-te-semure\/#primaryimage\"},\"image\":{\"@id\":\"https:\/\/www.sec.mk\/sq\/njoftim-per-paraqitje-te-personave-te-cilet-jane-pozitiv-me-kovid-19-te-personave-te-cilet-jane-ne-vete-izolim-me-aktvendim-nga-inspektorati-shteteror-sanitar-dhe-shendetesor-te-personave-te-semure\/#primaryimage\"},\"thumbnailUrl\":\"https:\/\/www.sec.mk\/wp-content\/uploads\/2021\/08\/post-logo-sec-1.jpg\",\"datePublished\":\"2021-10-05T16:20:39+00:00\",\"dateModified\":\"2021-10-07T09:59:54+00:00\",\"author\":{\"@id\":\"https:\/\/www.sec.mk\/#\/schema\/person\/180b99a95caa0823f543ccc771cbb595\"},\"description\":\"Zgjedh\u00ebsit t\u00eb cil\u00ebt jan\u00eb n\u00eb karantin\u00eb sht\u00ebpiake p\u00ebr shkak t\u00eb testit pozitiv p\u00ebr KOVID-19 dhe zgjedh\u00ebsit t\u00eb cil\u00ebve u \u00ebsht\u00eb shqiptuar masa vet\u00eb-izolim nga\",\"breadcrumb\":{\"@id\":\"https:\/\/www.sec.mk\/sq\/njoftim-per-paraqitje-te-personave-te-cilet-jane-pozitiv-me-kovid-19-te-personave-te-cilet-jane-ne-vete-izolim-me-aktvendim-nga-inspektorati-shteteror-sanitar-dhe-shendetesor-te-personave-te-semure\/#breadcrumb\"},\"inLanguage\":\"sq\",\"potentialAction\":[{\"@type\":\"ReadAction\",\"target\":[\"https:\/\/www.sec.mk\/sq\/njoftim-per-paraqitje-te-personave-te-cilet-jane-pozitiv-me-kovid-19-te-personave-te-cilet-jane-ne-vete-izolim-me-aktvendim-nga-inspektorati-shteteror-sanitar-dhe-shendetesor-te-personave-te-semure\/\"]}]},{\"@type\":\"ImageObject\",\"inLanguage\":\"sq\",\"@id\":\"https:\/\/www.sec.mk\/sq\/njoftim-per-paraqitje-te-personave-te-cilet-jane-pozitiv-me-kovid-19-te-personave-te-cilet-jane-ne-vete-izolim-me-aktvendim-nga-inspektorati-shteteror-sanitar-dhe-shendetesor-te-personave-te-semure\/#primaryimage\",\"url\":\"https:\/\/www.sec.mk\/wp-content\/uploads\/2021\/08\/post-logo-sec-1.jpg\",\"contentUrl\":\"https:\/\/www.sec.mk\/wp-content\/uploads\/2021\/08\/post-logo-sec-1.jpg\",\"width\":600,\"height\":449,\"caption\":\"\u041b\u043e\u0433\u043e \u0414\u0418\u041a \u043d\u043e\u0432\u043e\u0441\u0442\u0438\"},{\"@type\":\"BreadcrumbList\",\"@id\":\"https:\/\/www.sec.mk\/sq\/njoftim-per-paraqitje-te-personave-te-cilet-jane-pozitiv-me-kovid-19-te-personave-te-cilet-jane-ne-vete-izolim-me-aktvendim-nga-inspektorati-shteteror-sanitar-dhe-shendetesor-te-personave-te-semure\/#breadcrumb\",\"itemListElement\":[{\"@type\":\"ListItem\",\"position\":1,\"name\":\"Home\",\"item\":\"https:\/\/www.sec.mk\/sq\/home-alb\/\"},{\"@type\":\"ListItem\",\"position\":2,\"name\":\"Njoftim p\u00ebr paraqitje t\u00eb personave t\u00eb cil\u00ebt jan\u00eb pozitiv me KOVID-19, t\u00eb personave t\u00eb cil\u00ebt jan\u00eb n\u00eb vet\u00eb-izolim, t\u00eb personave t\u00eb s\u00ebmur\u00eb dhe t\u00eb pamundur\"}]},{\"@type\":\"WebSite\",\"@id\":\"https:\/\/www.sec.mk\/#website\",\"url\":\"https:\/\/www.sec.mk\/\",\"name\":\"Komisioni Shtet\u00ebror i Zgjedhjeve\",\"description\":\"\",\"potentialAction\":[{\"@type\":\"SearchAction\",\"target\":{\"@type\":\"EntryPoint\",\"urlTemplate\":\"https:\/\/www.sec.mk\/?s={search_term_string}\"},\"query-input\":{\"@type\":\"PropertyValueSpecification\",\"valueRequired\":true,\"valueName\":\"search_term_string\"}}],\"inLanguage\":\"sq\"},{\"@type\":\"Person\",\"@id\":\"https:\/\/www.sec.mk\/#\/schema\/person\/180b99a95caa0823f543ccc771cbb595\",\"name\":\"katerina\",\"image\":{\"@type\":\"ImageObject\",\"inLanguage\":\"sq\",\"@id\":\"https:\/\/www.sec.mk\/#\/schema\/person\/image\/\",\"url\":\"https:\/\/secure.gravatar.com\/avatar\/5cfc365f3132e14b477e0c3cf8010efa73d2d91b0ee4adf8fa2429ddecf4a541?s=96&d=mm&r=g\",\"contentUrl\":\"https:\/\/secure.gravatar.com\/avatar\/5cfc365f3132e14b477e0c3cf8010efa73d2d91b0ee4adf8fa2429ddecf4a541?s=96&d=mm&r=g\",\"caption\":\"katerina\"}}]}<\/script>\n<!-- \/ Yoast SEO plugin. -->","yoast_head_json":{"title":"Njoftim p\u00ebr paraqitje t\u00eb personave t\u00eb cil\u00ebt jan\u00eb pozitiv me KOVID-19, t\u00eb personave t\u00eb cil\u00ebt jan\u00eb n\u00eb vet\u00eb-izolim, t\u00eb personave t\u00eb s\u00ebmur\u00eb dhe t\u00eb pamundur - Komisioni Shtet\u00ebror i Zgjedhjeve","description":"Zgjedh\u00ebsit t\u00eb cil\u00ebt jan\u00eb n\u00eb karantin\u00eb sht\u00ebpiake p\u00ebr shkak t\u00eb testit pozitiv p\u00ebr KOVID-19 dhe zgjedh\u00ebsit t\u00eb cil\u00ebve u \u00ebsht\u00eb shqiptuar masa vet\u00eb-izolim nga","robots":{"index":"index","follow":"follow","max-snippet":"max-snippet:-1","max-image-preview":"max-image-preview:large","max-video-preview":"max-video-preview:-1"},"canonical":"https:\/\/www.sec.mk\/sq\/njoftim-per-paraqitje-te-personave-te-cilet-jane-pozitiv-me-kovid-19-te-personave-te-cilet-jane-ne-vete-izolim-me-aktvendim-nga-inspektorati-shteteror-sanitar-dhe-shendetesor-te-personave-te-semure\/","og_locale":"sq_AL","og_type":"article","og_title":"Njoftim p\u00ebr paraqitje t\u00eb personave t\u00eb cil\u00ebt jan\u00eb pozitiv me KOVID-19, t\u00eb personave t\u00eb cil\u00ebt jan\u00eb n\u00eb vet\u00eb-izolim, t\u00eb personave t\u00eb s\u00ebmur\u00eb dhe t\u00eb pamundur - Komisioni Shtet\u00ebror i Zgjedhjeve","og_description":"Zgjedh\u00ebsit t\u00eb cil\u00ebt jan\u00eb n\u00eb karantin\u00eb sht\u00ebpiake p\u00ebr shkak t\u00eb testit pozitiv p\u00ebr KOVID-19 dhe zgjedh\u00ebsit t\u00eb cil\u00ebve u \u00ebsht\u00eb shqiptuar masa vet\u00eb-izolim nga","og_url":"https:\/\/www.sec.mk\/sq\/njoftim-per-paraqitje-te-personave-te-cilet-jane-pozitiv-me-kovid-19-te-personave-te-cilet-jane-ne-vete-izolim-me-aktvendim-nga-inspektorati-shteteror-sanitar-dhe-shendetesor-te-personave-te-semure\/","og_site_name":"Komisioni Shtet\u00ebror i Zgjedhjeve","article_published_time":"2021-10-05T16:20:39+00:00","article_modified_time":"2021-10-07T09:59:54+00:00","og_image":[{"width":600,"height":449,"url":"https:\/\/www.sec.mk\/wp-content\/uploads\/2021\/08\/post-logo-sec-1.jpg","type":"image\/jpeg"}],"author":"katerina","twitter_card":"summary_large_image","twitter_misc":{"Written by":"katerina","Est. reading time":"3 minuta"},"schema":{"@context":"https:\/\/schema.org","@graph":[{"@type":"WebPage","@id":"https:\/\/www.sec.mk\/sq\/njoftim-per-paraqitje-te-personave-te-cilet-jane-pozitiv-me-kovid-19-te-personave-te-cilet-jane-ne-vete-izolim-me-aktvendim-nga-inspektorati-shteteror-sanitar-dhe-shendetesor-te-personave-te-semure\/","url":"https:\/\/www.sec.mk\/sq\/njoftim-per-paraqitje-te-personave-te-cilet-jane-pozitiv-me-kovid-19-te-personave-te-cilet-jane-ne-vete-izolim-me-aktvendim-nga-inspektorati-shteteror-sanitar-dhe-shendetesor-te-personave-te-semure\/","name":"Njoftim p\u00ebr paraqitje t\u00eb personave t\u00eb cil\u00ebt jan\u00eb pozitiv me KOVID-19, t\u00eb personave t\u00eb cil\u00ebt jan\u00eb n\u00eb vet\u00eb-izolim, t\u00eb personave t\u00eb s\u00ebmur\u00eb dhe t\u00eb pamundur - Komisioni Shtet\u00ebror i Zgjedhjeve","isPartOf":{"@id":"https:\/\/www.sec.mk\/#website"},"primaryImageOfPage":{"@id":"https:\/\/www.sec.mk\/sq\/njoftim-per-paraqitje-te-personave-te-cilet-jane-pozitiv-me-kovid-19-te-personave-te-cilet-jane-ne-vete-izolim-me-aktvendim-nga-inspektorati-shteteror-sanitar-dhe-shendetesor-te-personave-te-semure\/#primaryimage"},"image":{"@id":"https:\/\/www.sec.mk\/sq\/njoftim-per-paraqitje-te-personave-te-cilet-jane-pozitiv-me-kovid-19-te-personave-te-cilet-jane-ne-vete-izolim-me-aktvendim-nga-inspektorati-shteteror-sanitar-dhe-shendetesor-te-personave-te-semure\/#primaryimage"},"thumbnailUrl":"https:\/\/www.sec.mk\/wp-content\/uploads\/2021\/08\/post-logo-sec-1.jpg","datePublished":"2021-10-05T16:20:39+00:00","dateModified":"2021-10-07T09:59:54+00:00","author":{"@id":"https:\/\/www.sec.mk\/#\/schema\/person\/180b99a95caa0823f543ccc771cbb595"},"description":"Zgjedh\u00ebsit t\u00eb cil\u00ebt jan\u00eb n\u00eb karantin\u00eb sht\u00ebpiake p\u00ebr shkak t\u00eb testit pozitiv p\u00ebr KOVID-19 dhe zgjedh\u00ebsit t\u00eb cil\u00ebve u \u00ebsht\u00eb shqiptuar masa vet\u00eb-izolim nga","breadcrumb":{"@id":"https:\/\/www.sec.mk\/sq\/njoftim-per-paraqitje-te-personave-te-cilet-jane-pozitiv-me-kovid-19-te-personave-te-cilet-jane-ne-vete-izolim-me-aktvendim-nga-inspektorati-shteteror-sanitar-dhe-shendetesor-te-personave-te-semure\/#breadcrumb"},"inLanguage":"sq","potentialAction":[{"@type":"ReadAction","target":["https:\/\/www.sec.mk\/sq\/njoftim-per-paraqitje-te-personave-te-cilet-jane-pozitiv-me-kovid-19-te-personave-te-cilet-jane-ne-vete-izolim-me-aktvendim-nga-inspektorati-shteteror-sanitar-dhe-shendetesor-te-personave-te-semure\/"]}]},{"@type":"ImageObject","inLanguage":"sq","@id":"https:\/\/www.sec.mk\/sq\/njoftim-per-paraqitje-te-personave-te-cilet-jane-pozitiv-me-kovid-19-te-personave-te-cilet-jane-ne-vete-izolim-me-aktvendim-nga-inspektorati-shteteror-sanitar-dhe-shendetesor-te-personave-te-semure\/#primaryimage","url":"https:\/\/www.sec.mk\/wp-content\/uploads\/2021\/08\/post-logo-sec-1.jpg","contentUrl":"https:\/\/www.sec.mk\/wp-content\/uploads\/2021\/08\/post-logo-sec-1.jpg","width":600,"height":449,"caption":"\u041b\u043e\u0433\u043e \u0414\u0418\u041a \u043d\u043e\u0432\u043e\u0441\u0442\u0438"},{"@type":"BreadcrumbList","@id":"https:\/\/www.sec.mk\/sq\/njoftim-per-paraqitje-te-personave-te-cilet-jane-pozitiv-me-kovid-19-te-personave-te-cilet-jane-ne-vete-izolim-me-aktvendim-nga-inspektorati-shteteror-sanitar-dhe-shendetesor-te-personave-te-semure\/#breadcrumb","itemListElement":[{"@type":"ListItem","position":1,"name":"Home","item":"https:\/\/www.sec.mk\/sq\/home-alb\/"},{"@type":"ListItem","position":2,"name":"Njoftim p\u00ebr paraqitje t\u00eb personave t\u00eb cil\u00ebt jan\u00eb pozitiv me KOVID-19, t\u00eb personave t\u00eb cil\u00ebt jan\u00eb n\u00eb vet\u00eb-izolim, t\u00eb personave t\u00eb s\u00ebmur\u00eb dhe t\u00eb pamundur"}]},{"@type":"WebSite","@id":"https:\/\/www.sec.mk\/#website","url":"https:\/\/www.sec.mk\/","name":"Komisioni Shtet\u00ebror i Zgjedhjeve","description":"","potentialAction":[{"@type":"SearchAction","target":{"@type":"EntryPoint","urlTemplate":"https:\/\/www.sec.mk\/?s={search_term_string}"},"query-input":{"@type":"PropertyValueSpecification","valueRequired":true,"valueName":"search_term_string"}}],"inLanguage":"sq"},{"@type":"Person","@id":"https:\/\/www.sec.mk\/#\/schema\/person\/180b99a95caa0823f543ccc771cbb595","name":"katerina","image":{"@type":"ImageObject","inLanguage":"sq","@id":"https:\/\/www.sec.mk\/#\/schema\/person\/image\/","url":"https:\/\/secure.gravatar.com\/avatar\/5cfc365f3132e14b477e0c3cf8010efa73d2d91b0ee4adf8fa2429ddecf4a541?s=96&d=mm&r=g","contentUrl":"https:\/\/secure.gravatar.com\/avatar\/5cfc365f3132e14b477e0c3cf8010efa73d2d91b0ee4adf8fa2429ddecf4a541?s=96&d=mm&r=g","caption":"katerina"}}]}},"_links":{"self":[{"href":"https:\/\/www.sec.mk\/sq\/wp-json\/wp\/v2\/posts\/34069","targetHints":{"allow":["GET"]}}],"collection":[{"href":"https:\/\/www.sec.mk\/sq\/wp-json\/wp\/v2\/posts"}],"about":[{"href":"https:\/\/www.sec.mk\/sq\/wp-json\/wp\/v2\/types\/post"}],"author":[{"embeddable":true,"href":"https:\/\/www.sec.mk\/sq\/wp-json\/wp\/v2\/users\/3"}],"replies":[{"embeddable":true,"href":"https:\/\/www.sec.mk\/sq\/wp-json\/wp\/v2\/comments?post=34069"}],"version-history":[{"count":11,"href":"https:\/\/www.sec.mk\/sq\/wp-json\/wp\/v2\/posts\/34069\/revisions"}],"predecessor-version":[{"id":34258,"href":"https:\/\/www.sec.mk\/sq\/wp-json\/wp\/v2\/posts\/34069\/revisions\/34258"}],"wp:featuredmedia":[{"embeddable":true,"href":"https:\/\/www.sec.mk\/sq\/wp-json\/wp\/v2\/media\/29937"}],"wp:attachment":[{"href":"https:\/\/www.sec.mk\/sq\/wp-json\/wp\/v2\/media?parent=34069"}],"wp:term":[{"taxonomy":"category","embeddable":true,"href":"https:\/\/www.sec.mk\/sq\/wp-json\/wp\/v2\/categories?post=34069"},{"taxonomy":"post_tag","embeddable":true,"href":"https:\/\/www.sec.mk\/sq\/wp-json\/wp\/v2\/tags?post=34069"}],"curies":[{"name":"wp","href":"https:\/\/api.w.org\/{rel}","templated":true}]}}