{"id":35703,"date":"2022-02-06T19:24:13","date_gmt":"2022-02-06T18:24:13","guid":{"rendered":"https:\/\/www.sec.mk\/?p=35703"},"modified":"2022-02-16T16:39:18","modified_gmt":"2022-02-16T15:39:18","slug":"njoftim-per-regjistrim-dhe-dorezim-te-listave-te-cmimeve-te-mediave-per-reklamim-te-paguar-politik","status":"publish","type":"post","link":"https:\/\/www.sec.mk\/sq\/njoftim-per-regjistrim-dhe-dorezim-te-listave-te-cmimeve-te-mediave-per-reklamim-te-paguar-politik\/","title":{"rendered":"Njoftim p\u00ebr regjistrim dhe dor\u00ebzim t\u00eb listave t\u00eb \u00e7mimeve t\u00eb mediave p\u00ebr reklamim t\u00eb paguar politik"},"content":{"rendered":"\n<p> Komisioni Shtet\u00ebror i Zgjedhjeve i njofton radiodifuzer\u00ebt, mediat e shtypit dhe medit elektronike (portalet e internetit), q\u00eb do t\u00eb sigurojn\u00eb reklamim t\u00eb paguar politik p\u00ebr pjes\u00ebmarr\u00ebsit n\u00eb fushat\u00ebn zgjedhore n\u00eb Zgjedhjet p\u00ebr kryetar t\u00eb komun\u00ebs s\u00eb Mavrov\u00ebs dhe Rostush\u00ebs dhe kryetar t\u00eb komun\u00ebs s\u00eb Qend\u00ebr Zhup\u00ebs n\u00eb vitin 2022, se jan\u00eb t\u00eb obliguar t\u00eb regjistrohen n\u00eb Komisionin Shtet\u00ebror t\u00eb Zgjedhjeve, n\u00eb <strong>afat prej 3 dit\u00ebve nga dita e shpalljes s\u00eb zgjedhjeve<\/strong>.<\/p>\n\n\n\n<p>Radiodifuzer\u00ebt, mediat e shkruara dhe mediat elektronike (portalet e internetit) dor\u00ebzojn\u00eb n\u00eb Komisionin Shtet\u00ebror t\u00eb Zgjedhjeve &#8220;K\u00ebrkes\u00eb p\u00ebr regjistrim n\u00eb regjistrin p\u00ebr radiodifuzer\u00eb, media t\u00eb shtypit dhe media elektronike (portalet e internetit)&#8221;, detyrimisht t\u00eb bashkangjitur n\u00eb shtojc\u00eb gjendjen rrjedh\u00ebse t\u00eb l\u00ebshuar nga Regjistri Qendror i Republik\u00ebs s\u00eb Maqedonis\u00eb s\u00eb Veriut<strong> jo m\u00eb t\u00eb vjet\u00ebr se 30 dit\u00eb<\/strong>.<br><\/p>\n\n\n\n<p>K\u00ebrkesat p\u00ebr regjistrim me gjendjen rrjedh\u00ebse t\u00eb bashkangjitur parashtrohen n\u00eb m\u00ebnyr\u00eb elektronike n\u00eb adres\u00ebn elektronike: <strong>izbori@sec.mk<\/strong> ose <strong>n\u00eb arkivin e KSHZ<\/strong>-s\u00eb n\u00eb bulev.\u201dKirili dhe Metodi\u201d nr.54, 1000 Shkup<strong> (jo m\u00eb von\u00eb se ora 24:00 m\u00eb dat\u00eb 07 shkurt 2022)<\/strong>.<br><\/p>\n\n\n\n<p>N\u00eb baz\u00eb t\u00eb k\u00ebrkesave t\u00eb dor\u00ebzuara p\u00ebr regjistrim, Komisioni Shtet\u00ebror i Zgjedhjeve do t\u00eb p\u00ebrgatis\u00eb \u201cRegjist\u00ebr t\u00eb radiodifuzer\u00ebve, mediave t\u00eb shtypit dhe mediave elektronike (portalet e internetit)\u201d t\u00eb cil\u00ebt do t\u00eb ofroj\u00eb sh\u00ebrbime t\u00eb reklamave t\u00eb paguara politike gjat\u00eb Zgjedhjeve p\u00ebr kryetar t\u00eb komun\u00ebs s\u00eb Mavrov\u00ebs dhe Rostush\u00ebs dhe kryetar t\u00eb komun\u00ebs s\u00eb Qend\u00ebr Zhup\u00ebs n\u00eb vitin 2022. Regjistri me k\u00ebrkesat e parashtruara dhe t\u00eb pranuara p\u00ebr regjistrim n\u00eb regjistrin p\u00ebr radiodifuzer\u00eb, media t\u00eb shtypit dhe media elektronike (internet portalet ) do t\u00eb publikohet publikisht n\u00eb ueb faqen e Komisionit.<\/p>\n\n\n\n<p>Radiodifuzer\u00ebt, mediat e shtypit dhe mediat elektronike (portalet e internetit) <strong>jan\u00eb t\u00eb obliguar q\u00eb n\u00eb afat prej pes\u00eb dit\u00ebsh nga dita e shpalljes s\u00eb zgjedhjeve<\/strong> t\u00eb p\u00ebrcaktojn\u00eb listat e \u00e7mimeve p\u00ebr reklamim t\u00eb paguar politik p\u00ebr pjes\u00ebmarr\u00ebsit n\u00eb procesin zgjedhor (<strong>jo m\u00eb von\u00eb se data 9 shkurt ora 24:00<\/strong>).<\/p>\n\n\n\n<p>Radiodifuzer\u00ebt dhe mediat e shtypit n\u00eb p\u00ebrputhje me Udh\u00ebzimin e miratuar p\u00ebr m\u00ebnyr\u00ebn dhe procedur\u00ebn p\u00ebr konfirmimin e \u00e7mimit t\u00eb arritur mesatar p\u00ebr reklamim t\u00eb paguar politik nr.11-281\/1 t\u00eb dat\u00ebs 04.02.2022 nga Komisioni Shtet\u00ebror i Zgjedhjeve jan\u00eb t\u00eb obliguar q\u00eb listat e \u00e7mimeve p\u00ebr reklamat e paguara politike p\u00ebr \u00e7do media ve\u00e7 e ve\u00e7 t\u2019i aplikojn\u00eb edhe gjat\u00eb fushat\u00ebs zgjedhore dhe n\u00eb k\u00ebt\u00eb rast \u00e7mimi mesatar (mesatarja aritmetrike) p\u00ebr sekond\u00eb p\u00ebr nj\u00eb dit\u00eb t\u00eb fituar sipas periudhave t\u00eb ndryshme t\u00eb \u00e7mimeve dhe reklamave si m\u00eb posht\u00eb: Periudha 1 &#8211; nga ora 00:00 deri n\u00eb ora 08:00, Periudha 2 &#8211; nga ora 08:00 deri n\u00eb ora 16:00 dhe Periudha 3 &#8211; nga ora 16:00 deri n\u00eb ora 24:00 p\u00ebr radiodifuzer\u00ebt p\u00ebr reklama t\u00eb pagaura politike, si dhe \u00e7mimi i qiras\u00eb s\u00eb hap\u00ebsi\u00ebs reklamuese. n\u00eb median e shtypit nuk duhet t\u00eb tejkaloj\u00eb \u00e7mimin e p\u00ebrgjithsh\u00ebm mesatar t\u00eb reklamimit t\u00eb \u00e7do radiodifuzeri t\u00eb llogaritur ve\u00e7mas n\u00eb pes\u00eb ciklet e fundit zgjedhore t\u00eb mbajtura n\u00eb nivelin gjith\u00eb territorit t\u00eb shtetit, nd\u00ebrsa p\u00ebr mediat elektronike (portalet e internetit) \u00e7mimin qiras\u00eb s\u00eb hap\u00ebsir\u00ebs reklamuese n\u00eb portalin e internetit p\u00ebr reklamim t\u00eb paguar politik nuk duhet t\u00eb tejkalojn\u00eb \u00e7mimin mesatar t\u00eb reklamimit t\u00eb llogaritur p\u00ebr pes\u00eb ciklet e fundit zgjedhore.<\/p>\n\n\n\n<p>P\u00ebr radiodifuzer\u00ebt, mediat e shtypit dhe mediat elektronike (portalet e internetit) q\u00eb nuk kan\u00eb marr\u00eb pjes\u00eb n\u00eb t\u00eb gjitha 5 ciklet e kaluara zgjedhore, \u00e7mimi p\u00ebr reklamim t\u00eb paguar politike nuk mund t\u00eb tejkaloj\u00eb \u00e7mimin mesatar t\u00eb reklamimit t\u00eb llogaritur n\u00eb pes\u00eb ciklet e fundit zgjedhore.<\/p>\n\n\n\n<p>Komisioni Shtet\u00ebror i Zgjedhjeve \u00ebsht\u00eb i obliguar q\u00eb t\u2019i konfirmoj\u00eb dhe publikoj\u00eb n\u00eb ueb faqen e tij list\u00ebn e \u00e7mimeve t\u00eb dor\u00ebzuara me \u00e7mimet mesatare t\u00eb llogaritura t\u00eb verifikuara nga radiodifuzer\u00ebt dhe mediat e shtypit, si dhe t\u2019i publikoj\u00eb listat e \u00e7mimeve me \u00e7mimet e verifikuara nga mediat elektronike (portalet e internetit ), n\u00eb pajtim me nenin 75-gj paragrafi (3) dhe (9) t\u00eb Kodit zgjedhor, n\u00eb afat prej 10 dit\u00ebsh nga skadimi i afatit p\u00ebr dor\u00ebzimin e listave t\u00eb \u00e7mimeve t\u00eb p\u00ebrcaktuara n\u00eb paragrafin (3) t\u00eb k\u00ebtij neni.<\/p>\n\n\n\n<p>N\u00ebse Komisioni Shtet\u00ebror i Zgjedhjeve konstaton parregullsi n\u00eb listat e \u00e7mimeve t\u00eb radiodifuzer\u00ebve dhe mediave t\u00eb shtypit, e njofton median p\u00ebrkat\u00ebse q\u00eb brenda 72 or\u00ebve nga marrja e njoftimit t\u00eb b\u00ebjn\u00eb korrigjimin e list\u00ebs s\u00eb \u00e7mimeve.<\/p>\n\n\n\n<p>Arkiva e Komisionit Shtet\u00ebror t\u00eb Zgjedhjeve do t\u00eb b\u00ebj\u00eb pranimin e k\u00ebrkesave p\u00ebr regjistrim n\u00eb Regjistrin p\u00ebr radiodifuzer\u00eb, media t\u00eb shtypit dhe media elektronike (internet portale) m\u00eb dat\u00eb 06.02.2022 (e diel), nga ora 10:00 deri n\u00eb or\u00ebn 18:00..<br><br><br><\/p>\n\n\n\n<p class=\"has-text-align-center\"><strong>KOMISIONI SHTET\u00cbROR I ZGJEDHJEVE<\/strong><\/p>\n\n\n\n<figure class=\"wp-block-table\"><table><tbody><tr><td><\/td><\/tr><\/tbody><\/table><\/figure>\n\n\n\n<p><\/p>\n\n\n\n<p><span  class=\"av_font_icon avia_animate_when_visible avia-icon-animate  av-icon-style-  avia-icon-pos-left \" style=\"color:#a81010; border-color:#a81010;\"><span class='av-icon-char' style='font-size:25px;line-height:25px;' aria-hidden='true' data-av_icon='\ue800' data-av_iconfont='fontello' ><\/span><\/span> <a href=\"https:\/\/drive.google.com\/file\/d\/16g8Jwf3lopSpoYZ09EpBmbUnQe8S32e3\/view?usp=sharing\" target=\"_blank\" rel=\"noreferrer noopener\">Njoftim p\u00ebr regjistrim dhe dor\u00ebzim t\u00eb listave t\u00eb \u00e7mimeve t\u00eb mediave p\u00ebr reklamim t\u00eb paguar politik<\/a><\/p>\n","protected":false},"excerpt":{"rendered":"<p>Komisioni Shtet\u00ebror i Zgjedhjeve i njofton radiodifuzer\u00ebt, mediat e shtypit dhe medit elektronike (portalet e internetit), q\u00eb do t\u00eb sigurojn\u00eb reklamim t\u00eb paguar politik p\u00ebr pjes\u00ebmarr\u00ebsit n\u00eb fushat\u00ebn zgjedhore n\u00eb [&hellip;]<\/p>\n","protected":false},"author":3,"featured_media":29937,"comment_status":"closed","ping_status":"closed","sticky":false,"template":"","format":"standard","meta":{"footnotes":""},"categories":[23,21,58],"tags":[],"class_list":["post-35703","post","type-post","status-publish","format-standard","has-post-thumbnail","hentry","category-njoftime","category-risi","category-seanca"],"yoast_head":"<!-- This site is optimized with the Yoast SEO plugin v26.2 - https:\/\/yoast.com\/wordpress\/plugins\/seo\/ -->\n<title>Njoftim p\u00ebr regjistrim dhe dor\u00ebzim t\u00eb listave t\u00eb \u00e7mimeve t\u00eb mediave p\u00ebr reklamim t\u00eb paguar politik - Komisioni Shtet\u00ebror i Zgjedhjeve<\/title>\n<meta name=\"description\" content=\"Komisioni Shtet\u00ebror i Zgjedhjeve i njofton radiodifuzer\u00ebt, mediat e shtypit dhe medit elektronike (portalet e internetit), q\u00eb do t\u00eb sigurojn\u00eb reklamim t\u00eb\" \/>\n<meta name=\"robots\" content=\"index, follow, max-snippet:-1, max-image-preview:large, max-video-preview:-1\" \/>\n<link rel=\"canonical\" href=\"https:\/\/www.sec.mk\/sq\/njoftim-per-regjistrim-dhe-dorezim-te-listave-te-cmimeve-te-mediave-per-reklamim-te-paguar-politik\/\" \/>\n<meta property=\"og:locale\" content=\"sq_AL\" \/>\n<meta property=\"og:type\" content=\"article\" \/>\n<meta property=\"og:title\" content=\"Njoftim p\u00ebr regjistrim dhe dor\u00ebzim t\u00eb listave t\u00eb \u00e7mimeve t\u00eb mediave p\u00ebr reklamim t\u00eb paguar politik - Komisioni Shtet\u00ebror i Zgjedhjeve\" \/>\n<meta property=\"og:description\" content=\"Komisioni Shtet\u00ebror i Zgjedhjeve i njofton radiodifuzer\u00ebt, mediat e shtypit dhe medit elektronike (portalet e internetit), q\u00eb do t\u00eb sigurojn\u00eb reklamim t\u00eb\" \/>\n<meta property=\"og:url\" content=\"https:\/\/www.sec.mk\/sq\/njoftim-per-regjistrim-dhe-dorezim-te-listave-te-cmimeve-te-mediave-per-reklamim-te-paguar-politik\/\" \/>\n<meta property=\"og:site_name\" content=\"Komisioni Shtet\u00ebror i Zgjedhjeve\" \/>\n<meta property=\"article:published_time\" content=\"2022-02-06T18:24:13+00:00\" \/>\n<meta property=\"article:modified_time\" content=\"2022-02-16T15:39:18+00:00\" \/>\n<meta property=\"og:image\" content=\"http:\/\/www.sec.mk\/wp-content\/uploads\/2021\/08\/post-logo-sec-1.jpg\" \/>\n\t<meta property=\"og:image:width\" content=\"600\" \/>\n\t<meta property=\"og:image:height\" content=\"449\" \/>\n\t<meta property=\"og:image:type\" content=\"image\/jpeg\" \/>\n<meta name=\"author\" content=\"katerina\" \/>\n<meta name=\"twitter:card\" content=\"summary_large_image\" \/>\n<meta name=\"twitter:label1\" content=\"Written by\" \/>\n\t<meta name=\"twitter:data1\" content=\"katerina\" \/>\n\t<meta name=\"twitter:label2\" content=\"Est. reading time\" \/>\n\t<meta name=\"twitter:data2\" content=\"4 minuta\" \/>\n<script type=\"application\/ld+json\" class=\"yoast-schema-graph\">{\"@context\":\"https:\/\/schema.org\",\"@graph\":[{\"@type\":\"WebPage\",\"@id\":\"https:\/\/www.sec.mk\/sq\/njoftim-per-regjistrim-dhe-dorezim-te-listave-te-cmimeve-te-mediave-per-reklamim-te-paguar-politik\/\",\"url\":\"https:\/\/www.sec.mk\/sq\/njoftim-per-regjistrim-dhe-dorezim-te-listave-te-cmimeve-te-mediave-per-reklamim-te-paguar-politik\/\",\"name\":\"Njoftim p\u00ebr regjistrim dhe dor\u00ebzim t\u00eb listave t\u00eb \u00e7mimeve t\u00eb mediave p\u00ebr reklamim t\u00eb paguar politik - Komisioni Shtet\u00ebror i Zgjedhjeve\",\"isPartOf\":{\"@id\":\"https:\/\/www.sec.mk\/#website\"},\"primaryImageOfPage\":{\"@id\":\"https:\/\/www.sec.mk\/sq\/njoftim-per-regjistrim-dhe-dorezim-te-listave-te-cmimeve-te-mediave-per-reklamim-te-paguar-politik\/#primaryimage\"},\"image\":{\"@id\":\"https:\/\/www.sec.mk\/sq\/njoftim-per-regjistrim-dhe-dorezim-te-listave-te-cmimeve-te-mediave-per-reklamim-te-paguar-politik\/#primaryimage\"},\"thumbnailUrl\":\"https:\/\/www.sec.mk\/wp-content\/uploads\/2021\/08\/post-logo-sec-1.jpg\",\"datePublished\":\"2022-02-06T18:24:13+00:00\",\"dateModified\":\"2022-02-16T15:39:18+00:00\",\"author\":{\"@id\":\"https:\/\/www.sec.mk\/#\/schema\/person\/180b99a95caa0823f543ccc771cbb595\"},\"description\":\"Komisioni Shtet\u00ebror i Zgjedhjeve i njofton radiodifuzer\u00ebt, mediat e shtypit dhe medit elektronike (portalet e internetit), q\u00eb do t\u00eb sigurojn\u00eb reklamim t\u00eb\",\"breadcrumb\":{\"@id\":\"https:\/\/www.sec.mk\/sq\/njoftim-per-regjistrim-dhe-dorezim-te-listave-te-cmimeve-te-mediave-per-reklamim-te-paguar-politik\/#breadcrumb\"},\"inLanguage\":\"sq\",\"potentialAction\":[{\"@type\":\"ReadAction\",\"target\":[\"https:\/\/www.sec.mk\/sq\/njoftim-per-regjistrim-dhe-dorezim-te-listave-te-cmimeve-te-mediave-per-reklamim-te-paguar-politik\/\"]}]},{\"@type\":\"ImageObject\",\"inLanguage\":\"sq\",\"@id\":\"https:\/\/www.sec.mk\/sq\/njoftim-per-regjistrim-dhe-dorezim-te-listave-te-cmimeve-te-mediave-per-reklamim-te-paguar-politik\/#primaryimage\",\"url\":\"https:\/\/www.sec.mk\/wp-content\/uploads\/2021\/08\/post-logo-sec-1.jpg\",\"contentUrl\":\"https:\/\/www.sec.mk\/wp-content\/uploads\/2021\/08\/post-logo-sec-1.jpg\",\"width\":600,\"height\":449,\"caption\":\"\u041b\u043e\u0433\u043e \u0414\u0418\u041a \u043d\u043e\u0432\u043e\u0441\u0442\u0438\"},{\"@type\":\"BreadcrumbList\",\"@id\":\"https:\/\/www.sec.mk\/sq\/njoftim-per-regjistrim-dhe-dorezim-te-listave-te-cmimeve-te-mediave-per-reklamim-te-paguar-politik\/#breadcrumb\",\"itemListElement\":[{\"@type\":\"ListItem\",\"position\":1,\"name\":\"Home\",\"item\":\"https:\/\/www.sec.mk\/sq\/home-alb\/\"},{\"@type\":\"ListItem\",\"position\":2,\"name\":\"Njoftim p\u00ebr regjistrim dhe dor\u00ebzim t\u00eb listave t\u00eb \u00e7mimeve t\u00eb mediave p\u00ebr reklamim t\u00eb paguar politik\"}]},{\"@type\":\"WebSite\",\"@id\":\"https:\/\/www.sec.mk\/#website\",\"url\":\"https:\/\/www.sec.mk\/\",\"name\":\"Komisioni Shtet\u00ebror i Zgjedhjeve\",\"description\":\"\",\"potentialAction\":[{\"@type\":\"SearchAction\",\"target\":{\"@type\":\"EntryPoint\",\"urlTemplate\":\"https:\/\/www.sec.mk\/?s={search_term_string}\"},\"query-input\":{\"@type\":\"PropertyValueSpecification\",\"valueRequired\":true,\"valueName\":\"search_term_string\"}}],\"inLanguage\":\"sq\"},{\"@type\":\"Person\",\"@id\":\"https:\/\/www.sec.mk\/#\/schema\/person\/180b99a95caa0823f543ccc771cbb595\",\"name\":\"katerina\",\"image\":{\"@type\":\"ImageObject\",\"inLanguage\":\"sq\",\"@id\":\"https:\/\/www.sec.mk\/#\/schema\/person\/image\/\",\"url\":\"https:\/\/secure.gravatar.com\/avatar\/5cfc365f3132e14b477e0c3cf8010efa73d2d91b0ee4adf8fa2429ddecf4a541?s=96&d=mm&r=g\",\"contentUrl\":\"https:\/\/secure.gravatar.com\/avatar\/5cfc365f3132e14b477e0c3cf8010efa73d2d91b0ee4adf8fa2429ddecf4a541?s=96&d=mm&r=g\",\"caption\":\"katerina\"}}]}<\/script>\n<!-- \/ Yoast SEO plugin. -->","yoast_head_json":{"title":"Njoftim p\u00ebr regjistrim dhe dor\u00ebzim t\u00eb listave t\u00eb \u00e7mimeve t\u00eb mediave p\u00ebr reklamim t\u00eb paguar politik - Komisioni Shtet\u00ebror i Zgjedhjeve","description":"Komisioni Shtet\u00ebror i Zgjedhjeve i njofton radiodifuzer\u00ebt, mediat e shtypit dhe medit elektronike (portalet e internetit), q\u00eb do t\u00eb sigurojn\u00eb reklamim t\u00eb","robots":{"index":"index","follow":"follow","max-snippet":"max-snippet:-1","max-image-preview":"max-image-preview:large","max-video-preview":"max-video-preview:-1"},"canonical":"https:\/\/www.sec.mk\/sq\/njoftim-per-regjistrim-dhe-dorezim-te-listave-te-cmimeve-te-mediave-per-reklamim-te-paguar-politik\/","og_locale":"sq_AL","og_type":"article","og_title":"Njoftim p\u00ebr regjistrim dhe dor\u00ebzim t\u00eb listave t\u00eb \u00e7mimeve t\u00eb mediave p\u00ebr reklamim t\u00eb paguar politik - Komisioni Shtet\u00ebror i Zgjedhjeve","og_description":"Komisioni Shtet\u00ebror i Zgjedhjeve i njofton radiodifuzer\u00ebt, mediat e shtypit dhe medit elektronike (portalet e internetit), q\u00eb do t\u00eb sigurojn\u00eb reklamim t\u00eb","og_url":"https:\/\/www.sec.mk\/sq\/njoftim-per-regjistrim-dhe-dorezim-te-listave-te-cmimeve-te-mediave-per-reklamim-te-paguar-politik\/","og_site_name":"Komisioni Shtet\u00ebror i Zgjedhjeve","article_published_time":"2022-02-06T18:24:13+00:00","article_modified_time":"2022-02-16T15:39:18+00:00","og_image":[{"width":600,"height":449,"url":"http:\/\/www.sec.mk\/wp-content\/uploads\/2021\/08\/post-logo-sec-1.jpg","type":"image\/jpeg"}],"author":"katerina","twitter_card":"summary_large_image","twitter_misc":{"Written by":"katerina","Est. reading time":"4 minuta"},"schema":{"@context":"https:\/\/schema.org","@graph":[{"@type":"WebPage","@id":"https:\/\/www.sec.mk\/sq\/njoftim-per-regjistrim-dhe-dorezim-te-listave-te-cmimeve-te-mediave-per-reklamim-te-paguar-politik\/","url":"https:\/\/www.sec.mk\/sq\/njoftim-per-regjistrim-dhe-dorezim-te-listave-te-cmimeve-te-mediave-per-reklamim-te-paguar-politik\/","name":"Njoftim p\u00ebr regjistrim dhe dor\u00ebzim t\u00eb listave t\u00eb \u00e7mimeve t\u00eb mediave p\u00ebr reklamim t\u00eb paguar politik - Komisioni Shtet\u00ebror i Zgjedhjeve","isPartOf":{"@id":"https:\/\/www.sec.mk\/#website"},"primaryImageOfPage":{"@id":"https:\/\/www.sec.mk\/sq\/njoftim-per-regjistrim-dhe-dorezim-te-listave-te-cmimeve-te-mediave-per-reklamim-te-paguar-politik\/#primaryimage"},"image":{"@id":"https:\/\/www.sec.mk\/sq\/njoftim-per-regjistrim-dhe-dorezim-te-listave-te-cmimeve-te-mediave-per-reklamim-te-paguar-politik\/#primaryimage"},"thumbnailUrl":"https:\/\/www.sec.mk\/wp-content\/uploads\/2021\/08\/post-logo-sec-1.jpg","datePublished":"2022-02-06T18:24:13+00:00","dateModified":"2022-02-16T15:39:18+00:00","author":{"@id":"https:\/\/www.sec.mk\/#\/schema\/person\/180b99a95caa0823f543ccc771cbb595"},"description":"Komisioni Shtet\u00ebror i Zgjedhjeve i njofton radiodifuzer\u00ebt, mediat e shtypit dhe medit elektronike (portalet e internetit), q\u00eb do t\u00eb sigurojn\u00eb reklamim t\u00eb","breadcrumb":{"@id":"https:\/\/www.sec.mk\/sq\/njoftim-per-regjistrim-dhe-dorezim-te-listave-te-cmimeve-te-mediave-per-reklamim-te-paguar-politik\/#breadcrumb"},"inLanguage":"sq","potentialAction":[{"@type":"ReadAction","target":["https:\/\/www.sec.mk\/sq\/njoftim-per-regjistrim-dhe-dorezim-te-listave-te-cmimeve-te-mediave-per-reklamim-te-paguar-politik\/"]}]},{"@type":"ImageObject","inLanguage":"sq","@id":"https:\/\/www.sec.mk\/sq\/njoftim-per-regjistrim-dhe-dorezim-te-listave-te-cmimeve-te-mediave-per-reklamim-te-paguar-politik\/#primaryimage","url":"https:\/\/www.sec.mk\/wp-content\/uploads\/2021\/08\/post-logo-sec-1.jpg","contentUrl":"https:\/\/www.sec.mk\/wp-content\/uploads\/2021\/08\/post-logo-sec-1.jpg","width":600,"height":449,"caption":"\u041b\u043e\u0433\u043e \u0414\u0418\u041a \u043d\u043e\u0432\u043e\u0441\u0442\u0438"},{"@type":"BreadcrumbList","@id":"https:\/\/www.sec.mk\/sq\/njoftim-per-regjistrim-dhe-dorezim-te-listave-te-cmimeve-te-mediave-per-reklamim-te-paguar-politik\/#breadcrumb","itemListElement":[{"@type":"ListItem","position":1,"name":"Home","item":"https:\/\/www.sec.mk\/sq\/home-alb\/"},{"@type":"ListItem","position":2,"name":"Njoftim p\u00ebr regjistrim dhe dor\u00ebzim t\u00eb listave t\u00eb \u00e7mimeve t\u00eb mediave p\u00ebr reklamim t\u00eb paguar politik"}]},{"@type":"WebSite","@id":"https:\/\/www.sec.mk\/#website","url":"https:\/\/www.sec.mk\/","name":"Komisioni Shtet\u00ebror i Zgjedhjeve","description":"","potentialAction":[{"@type":"SearchAction","target":{"@type":"EntryPoint","urlTemplate":"https:\/\/www.sec.mk\/?s={search_term_string}"},"query-input":{"@type":"PropertyValueSpecification","valueRequired":true,"valueName":"search_term_string"}}],"inLanguage":"sq"},{"@type":"Person","@id":"https:\/\/www.sec.mk\/#\/schema\/person\/180b99a95caa0823f543ccc771cbb595","name":"katerina","image":{"@type":"ImageObject","inLanguage":"sq","@id":"https:\/\/www.sec.mk\/#\/schema\/person\/image\/","url":"https:\/\/secure.gravatar.com\/avatar\/5cfc365f3132e14b477e0c3cf8010efa73d2d91b0ee4adf8fa2429ddecf4a541?s=96&d=mm&r=g","contentUrl":"https:\/\/secure.gravatar.com\/avatar\/5cfc365f3132e14b477e0c3cf8010efa73d2d91b0ee4adf8fa2429ddecf4a541?s=96&d=mm&r=g","caption":"katerina"}}]}},"_links":{"self":[{"href":"https:\/\/www.sec.mk\/sq\/wp-json\/wp\/v2\/posts\/35703","targetHints":{"allow":["GET"]}}],"collection":[{"href":"https:\/\/www.sec.mk\/sq\/wp-json\/wp\/v2\/posts"}],"about":[{"href":"https:\/\/www.sec.mk\/sq\/wp-json\/wp\/v2\/types\/post"}],"author":[{"embeddable":true,"href":"https:\/\/www.sec.mk\/sq\/wp-json\/wp\/v2\/users\/3"}],"replies":[{"embeddable":true,"href":"https:\/\/www.sec.mk\/sq\/wp-json\/wp\/v2\/comments?post=35703"}],"version-history":[{"count":6,"href":"https:\/\/www.sec.mk\/sq\/wp-json\/wp\/v2\/posts\/35703\/revisions"}],"predecessor-version":[{"id":35761,"href":"https:\/\/www.sec.mk\/sq\/wp-json\/wp\/v2\/posts\/35703\/revisions\/35761"}],"wp:featuredmedia":[{"embeddable":true,"href":"https:\/\/www.sec.mk\/sq\/wp-json\/wp\/v2\/media\/29937"}],"wp:attachment":[{"href":"https:\/\/www.sec.mk\/sq\/wp-json\/wp\/v2\/media?parent=35703"}],"wp:term":[{"taxonomy":"category","embeddable":true,"href":"https:\/\/www.sec.mk\/sq\/wp-json\/wp\/v2\/categories?post=35703"},{"taxonomy":"post_tag","embeddable":true,"href":"https:\/\/www.sec.mk\/sq\/wp-json\/wp\/v2\/tags?post=35703"}],"curies":[{"name":"wp","href":"https:\/\/api.w.org\/{rel}","templated":true}]}}