{"id":36013,"date":"2022-03-23T15:10:03","date_gmt":"2022-03-23T14:10:03","guid":{"rendered":"https:\/\/www.sec.mk\/?p=36013"},"modified":"2022-03-23T15:18:41","modified_gmt":"2022-03-23T14:18:41","slug":"njoftim-per-terheqje-te-shortit-per-percaktim-te-listave-te-vetme-te-kandidateve","status":"publish","type":"post","link":"https:\/\/www.sec.mk\/sq\/njoftim-per-terheqje-te-shortit-per-percaktim-te-listave-te-vetme-te-kandidateve\/","title":{"rendered":"Njoftim p\u00ebr t\u00ebrheqje t\u00eb shortit p\u00ebr p\u00ebrcaktim t\u00eb listave t\u00eb vetme t\u00eb kandidat\u00ebve"},"content":{"rendered":"\n<p>         Komisioni Shtet\u00ebror i Zgjedhjeve i njofton p\u00ebrfaq\u00ebsuesit e autorizuar t\u00eb partive politike, t\u00eb koalicioneve dhe t\u00eb grupeve t\u00eb zgjedh\u00ebsve q\u00eb do t\u00eb marrin pjes\u00eb n\u00eb Zgjedhjet p\u00ebr kryetar t\u00eb komun\u00ebs s\u00eb Qend\u00ebr Zhup\u00ebs q\u00eb do t\u00ebmbahen m\u00eb 17 prill 2022, q\u00eb t\u00ebrheqja e shortit p\u00ebr p\u00ebrcaktim t\u00eb renditjes n\u00eb list\u00ebn e vetme t\u00eb kandidat\u00ebve do t\u00eb mbahet m\u00eb  dat\u00eb <strong>24.03.2022<\/strong> me fillim n\u00eb or\u00ebn <strong>12<\/strong>, n\u00eb selin\u00eb e Komisionit Shtet\u00ebror t\u00eb Zgjedhjeve, salla e madhe, kati 4.<\/p>\n\n\n\n<p>                   Nj\u00ebkoh\u00ebsisht, ftojm\u00eb p\u00ebrfaq\u00ebsuesit e autorizuar t\u00eb partive politike q\u00eb do t\u00eb marrin pjes\u00eb n\u00eb Zgjedhjet p\u00ebr Kryetar t\u00eb Komun\u00ebs s\u00eb Qend\u00ebr Zhup\u00ebs, 2022 q\u00eb t\u00eb marrin pjes\u00eb n\u00eb t\u00ebrheqjen e shortit, p\u00ebrkat\u00ebsisht n\u00eb p\u00ebrcaktimin e numrave rendor\u00eb n\u00eb list\u00ebn e vetme t\u00eb kandidat\u00ebve.<\/p>\n\n\n\n<p>P\u00ebrfaq\u00ebsuesit e autorizuar t\u00eb partive politike duhet t\u00eb marrin me vete autorizimin nga parashtruesi i list\u00ebs.<\/p>\n\n\n\n<p><\/p>\n\n\n\n<p><\/p>\n\n\n\n<p class=\"has-text-align-center\"><strong>KOMISIONI SHTET\u00cbROR I ZGJEDHJEVE<\/strong><\/p>\n\n\n\n<figure class=\"wp-block-table\"><table><tbody><tr><td><\/td><\/tr><\/tbody><\/table><\/figure>\n\n\n\n<p><\/p>\n","protected":false},"excerpt":{"rendered":"<p>Komisioni Shtet\u00ebror i Zgjedhjeve i njofton p\u00ebrfaq\u00ebsuesit e autorizuar t\u00eb partive politike, t\u00eb koalicioneve dhe t\u00eb grupeve t\u00eb zgjedh\u00ebsve q\u00eb do t\u00eb marrin pjes\u00eb n\u00eb Zgjedhjet p\u00ebr kryetar t\u00eb komun\u00ebs [&hellip;]<\/p>\n","protected":false},"author":3,"featured_media":29937,"comment_status":"closed","ping_status":"closed","sticky":false,"template":"","format":"standard","meta":{"footnotes":""},"categories":[23,21],"tags":[],"class_list":["post-36013","post","type-post","status-publish","format-standard","has-post-thumbnail","hentry","category-njoftime","category-risi"],"yoast_head":"<!-- This site is optimized with the Yoast SEO plugin v26.2 - https:\/\/yoast.com\/wordpress\/plugins\/seo\/ -->\n<title>Njoftim p\u00ebr t\u00ebrheqje t\u00eb shortit p\u00ebr p\u00ebrcaktim t\u00eb listave t\u00eb vetme t\u00eb kandidat\u00ebve - Komisioni Shtet\u00ebror i Zgjedhjeve<\/title>\n<meta name=\"description\" content=\"Komisioni Shtet\u00ebror i Zgjedhjeve i njofton p\u00ebrfaq\u00ebsuesit e autorizuar t\u00eb partive politike, t\u00eb koalicioneve dhe t\u00eb grupeve t\u00eb zgjedh\u00ebsve q\u00eb do t\u00eb marrin\" \/>\n<meta name=\"robots\" content=\"index, follow, max-snippet:-1, max-image-preview:large, max-video-preview:-1\" \/>\n<link rel=\"canonical\" href=\"https:\/\/www.sec.mk\/sq\/njoftim-per-terheqje-te-shortit-per-percaktim-te-listave-te-vetme-te-kandidateve\/\" \/>\n<meta property=\"og:locale\" content=\"sq_AL\" \/>\n<meta property=\"og:type\" content=\"article\" \/>\n<meta property=\"og:title\" content=\"Njoftim p\u00ebr t\u00ebrheqje t\u00eb shortit p\u00ebr p\u00ebrcaktim t\u00eb listave t\u00eb vetme t\u00eb kandidat\u00ebve - Komisioni Shtet\u00ebror i Zgjedhjeve\" \/>\n<meta property=\"og:description\" content=\"Komisioni Shtet\u00ebror i Zgjedhjeve i njofton p\u00ebrfaq\u00ebsuesit e autorizuar t\u00eb partive politike, t\u00eb koalicioneve dhe t\u00eb grupeve t\u00eb zgjedh\u00ebsve q\u00eb do t\u00eb marrin\" \/>\n<meta property=\"og:url\" content=\"https:\/\/www.sec.mk\/sq\/njoftim-per-terheqje-te-shortit-per-percaktim-te-listave-te-vetme-te-kandidateve\/\" \/>\n<meta property=\"og:site_name\" content=\"Komisioni Shtet\u00ebror i Zgjedhjeve\" \/>\n<meta property=\"article:published_time\" content=\"2022-03-23T14:10:03+00:00\" \/>\n<meta property=\"article:modified_time\" content=\"2022-03-23T14:18:41+00:00\" \/>\n<meta property=\"og:image\" content=\"http:\/\/www.sec.mk\/wp-content\/uploads\/2021\/08\/post-logo-sec-1.jpg\" \/>\n\t<meta property=\"og:image:width\" content=\"600\" \/>\n\t<meta property=\"og:image:height\" content=\"449\" \/>\n\t<meta property=\"og:image:type\" content=\"image\/jpeg\" \/>\n<meta name=\"author\" content=\"katerina\" \/>\n<meta name=\"twitter:card\" content=\"summary_large_image\" \/>\n<meta name=\"twitter:label1\" content=\"Written by\" \/>\n\t<meta name=\"twitter:data1\" content=\"katerina\" \/>\n\t<meta name=\"twitter:label2\" content=\"Est. reading time\" \/>\n\t<meta name=\"twitter:data2\" content=\"1 minut\u00eb\" \/>\n<script type=\"application\/ld+json\" class=\"yoast-schema-graph\">{\"@context\":\"https:\/\/schema.org\",\"@graph\":[{\"@type\":\"WebPage\",\"@id\":\"https:\/\/www.sec.mk\/sq\/njoftim-per-terheqje-te-shortit-per-percaktim-te-listave-te-vetme-te-kandidateve\/\",\"url\":\"https:\/\/www.sec.mk\/sq\/njoftim-per-terheqje-te-shortit-per-percaktim-te-listave-te-vetme-te-kandidateve\/\",\"name\":\"Njoftim p\u00ebr t\u00ebrheqje t\u00eb shortit p\u00ebr p\u00ebrcaktim t\u00eb listave t\u00eb vetme t\u00eb kandidat\u00ebve - Komisioni Shtet\u00ebror i Zgjedhjeve\",\"isPartOf\":{\"@id\":\"https:\/\/www.sec.mk\/#website\"},\"primaryImageOfPage\":{\"@id\":\"https:\/\/www.sec.mk\/sq\/njoftim-per-terheqje-te-shortit-per-percaktim-te-listave-te-vetme-te-kandidateve\/#primaryimage\"},\"image\":{\"@id\":\"https:\/\/www.sec.mk\/sq\/njoftim-per-terheqje-te-shortit-per-percaktim-te-listave-te-vetme-te-kandidateve\/#primaryimage\"},\"thumbnailUrl\":\"https:\/\/www.sec.mk\/wp-content\/uploads\/2021\/08\/post-logo-sec-1.jpg\",\"datePublished\":\"2022-03-23T14:10:03+00:00\",\"dateModified\":\"2022-03-23T14:18:41+00:00\",\"author\":{\"@id\":\"https:\/\/www.sec.mk\/#\/schema\/person\/180b99a95caa0823f543ccc771cbb595\"},\"description\":\"Komisioni Shtet\u00ebror i Zgjedhjeve i njofton p\u00ebrfaq\u00ebsuesit e autorizuar t\u00eb partive politike, t\u00eb koalicioneve dhe t\u00eb grupeve t\u00eb zgjedh\u00ebsve q\u00eb do t\u00eb marrin\",\"breadcrumb\":{\"@id\":\"https:\/\/www.sec.mk\/sq\/njoftim-per-terheqje-te-shortit-per-percaktim-te-listave-te-vetme-te-kandidateve\/#breadcrumb\"},\"inLanguage\":\"sq\",\"potentialAction\":[{\"@type\":\"ReadAction\",\"target\":[\"https:\/\/www.sec.mk\/sq\/njoftim-per-terheqje-te-shortit-per-percaktim-te-listave-te-vetme-te-kandidateve\/\"]}]},{\"@type\":\"ImageObject\",\"inLanguage\":\"sq\",\"@id\":\"https:\/\/www.sec.mk\/sq\/njoftim-per-terheqje-te-shortit-per-percaktim-te-listave-te-vetme-te-kandidateve\/#primaryimage\",\"url\":\"https:\/\/www.sec.mk\/wp-content\/uploads\/2021\/08\/post-logo-sec-1.jpg\",\"contentUrl\":\"https:\/\/www.sec.mk\/wp-content\/uploads\/2021\/08\/post-logo-sec-1.jpg\",\"width\":600,\"height\":449,\"caption\":\"\u041b\u043e\u0433\u043e \u0414\u0418\u041a \u043d\u043e\u0432\u043e\u0441\u0442\u0438\"},{\"@type\":\"BreadcrumbList\",\"@id\":\"https:\/\/www.sec.mk\/sq\/njoftim-per-terheqje-te-shortit-per-percaktim-te-listave-te-vetme-te-kandidateve\/#breadcrumb\",\"itemListElement\":[{\"@type\":\"ListItem\",\"position\":1,\"name\":\"Home\",\"item\":\"https:\/\/www.sec.mk\/sq\/home-alb\/\"},{\"@type\":\"ListItem\",\"position\":2,\"name\":\"Njoftim p\u00ebr t\u00ebrheqje t\u00eb shortit p\u00ebr p\u00ebrcaktim t\u00eb listave t\u00eb vetme t\u00eb kandidat\u00ebve\"}]},{\"@type\":\"WebSite\",\"@id\":\"https:\/\/www.sec.mk\/#website\",\"url\":\"https:\/\/www.sec.mk\/\",\"name\":\"Komisioni Shtet\u00ebror i Zgjedhjeve\",\"description\":\"\",\"potentialAction\":[{\"@type\":\"SearchAction\",\"target\":{\"@type\":\"EntryPoint\",\"urlTemplate\":\"https:\/\/www.sec.mk\/?s={search_term_string}\"},\"query-input\":{\"@type\":\"PropertyValueSpecification\",\"valueRequired\":true,\"valueName\":\"search_term_string\"}}],\"inLanguage\":\"sq\"},{\"@type\":\"Person\",\"@id\":\"https:\/\/www.sec.mk\/#\/schema\/person\/180b99a95caa0823f543ccc771cbb595\",\"name\":\"katerina\",\"image\":{\"@type\":\"ImageObject\",\"inLanguage\":\"sq\",\"@id\":\"https:\/\/www.sec.mk\/#\/schema\/person\/image\/\",\"url\":\"https:\/\/secure.gravatar.com\/avatar\/5cfc365f3132e14b477e0c3cf8010efa73d2d91b0ee4adf8fa2429ddecf4a541?s=96&d=mm&r=g\",\"contentUrl\":\"https:\/\/secure.gravatar.com\/avatar\/5cfc365f3132e14b477e0c3cf8010efa73d2d91b0ee4adf8fa2429ddecf4a541?s=96&d=mm&r=g\",\"caption\":\"katerina\"}}]}<\/script>\n<!-- \/ Yoast SEO plugin. -->","yoast_head_json":{"title":"Njoftim p\u00ebr t\u00ebrheqje t\u00eb shortit p\u00ebr p\u00ebrcaktim t\u00eb listave t\u00eb vetme t\u00eb kandidat\u00ebve - Komisioni Shtet\u00ebror i Zgjedhjeve","description":"Komisioni Shtet\u00ebror i Zgjedhjeve i njofton p\u00ebrfaq\u00ebsuesit e autorizuar t\u00eb partive politike, t\u00eb koalicioneve dhe t\u00eb grupeve t\u00eb zgjedh\u00ebsve q\u00eb do t\u00eb marrin","robots":{"index":"index","follow":"follow","max-snippet":"max-snippet:-1","max-image-preview":"max-image-preview:large","max-video-preview":"max-video-preview:-1"},"canonical":"https:\/\/www.sec.mk\/sq\/njoftim-per-terheqje-te-shortit-per-percaktim-te-listave-te-vetme-te-kandidateve\/","og_locale":"sq_AL","og_type":"article","og_title":"Njoftim p\u00ebr t\u00ebrheqje t\u00eb shortit p\u00ebr p\u00ebrcaktim t\u00eb listave t\u00eb vetme t\u00eb kandidat\u00ebve - Komisioni Shtet\u00ebror i Zgjedhjeve","og_description":"Komisioni Shtet\u00ebror i Zgjedhjeve i njofton p\u00ebrfaq\u00ebsuesit e autorizuar t\u00eb partive politike, t\u00eb koalicioneve dhe t\u00eb grupeve t\u00eb zgjedh\u00ebsve q\u00eb do t\u00eb marrin","og_url":"https:\/\/www.sec.mk\/sq\/njoftim-per-terheqje-te-shortit-per-percaktim-te-listave-te-vetme-te-kandidateve\/","og_site_name":"Komisioni Shtet\u00ebror i Zgjedhjeve","article_published_time":"2022-03-23T14:10:03+00:00","article_modified_time":"2022-03-23T14:18:41+00:00","og_image":[{"width":600,"height":449,"url":"http:\/\/www.sec.mk\/wp-content\/uploads\/2021\/08\/post-logo-sec-1.jpg","type":"image\/jpeg"}],"author":"katerina","twitter_card":"summary_large_image","twitter_misc":{"Written by":"katerina","Est. reading time":"1 minut\u00eb"},"schema":{"@context":"https:\/\/schema.org","@graph":[{"@type":"WebPage","@id":"https:\/\/www.sec.mk\/sq\/njoftim-per-terheqje-te-shortit-per-percaktim-te-listave-te-vetme-te-kandidateve\/","url":"https:\/\/www.sec.mk\/sq\/njoftim-per-terheqje-te-shortit-per-percaktim-te-listave-te-vetme-te-kandidateve\/","name":"Njoftim p\u00ebr t\u00ebrheqje t\u00eb shortit p\u00ebr p\u00ebrcaktim t\u00eb listave t\u00eb vetme t\u00eb kandidat\u00ebve - Komisioni Shtet\u00ebror i Zgjedhjeve","isPartOf":{"@id":"https:\/\/www.sec.mk\/#website"},"primaryImageOfPage":{"@id":"https:\/\/www.sec.mk\/sq\/njoftim-per-terheqje-te-shortit-per-percaktim-te-listave-te-vetme-te-kandidateve\/#primaryimage"},"image":{"@id":"https:\/\/www.sec.mk\/sq\/njoftim-per-terheqje-te-shortit-per-percaktim-te-listave-te-vetme-te-kandidateve\/#primaryimage"},"thumbnailUrl":"https:\/\/www.sec.mk\/wp-content\/uploads\/2021\/08\/post-logo-sec-1.jpg","datePublished":"2022-03-23T14:10:03+00:00","dateModified":"2022-03-23T14:18:41+00:00","author":{"@id":"https:\/\/www.sec.mk\/#\/schema\/person\/180b99a95caa0823f543ccc771cbb595"},"description":"Komisioni Shtet\u00ebror i Zgjedhjeve i njofton p\u00ebrfaq\u00ebsuesit e autorizuar t\u00eb partive politike, t\u00eb koalicioneve dhe t\u00eb grupeve t\u00eb zgjedh\u00ebsve q\u00eb do t\u00eb marrin","breadcrumb":{"@id":"https:\/\/www.sec.mk\/sq\/njoftim-per-terheqje-te-shortit-per-percaktim-te-listave-te-vetme-te-kandidateve\/#breadcrumb"},"inLanguage":"sq","potentialAction":[{"@type":"ReadAction","target":["https:\/\/www.sec.mk\/sq\/njoftim-per-terheqje-te-shortit-per-percaktim-te-listave-te-vetme-te-kandidateve\/"]}]},{"@type":"ImageObject","inLanguage":"sq","@id":"https:\/\/www.sec.mk\/sq\/njoftim-per-terheqje-te-shortit-per-percaktim-te-listave-te-vetme-te-kandidateve\/#primaryimage","url":"https:\/\/www.sec.mk\/wp-content\/uploads\/2021\/08\/post-logo-sec-1.jpg","contentUrl":"https:\/\/www.sec.mk\/wp-content\/uploads\/2021\/08\/post-logo-sec-1.jpg","width":600,"height":449,"caption":"\u041b\u043e\u0433\u043e \u0414\u0418\u041a \u043d\u043e\u0432\u043e\u0441\u0442\u0438"},{"@type":"BreadcrumbList","@id":"https:\/\/www.sec.mk\/sq\/njoftim-per-terheqje-te-shortit-per-percaktim-te-listave-te-vetme-te-kandidateve\/#breadcrumb","itemListElement":[{"@type":"ListItem","position":1,"name":"Home","item":"https:\/\/www.sec.mk\/sq\/home-alb\/"},{"@type":"ListItem","position":2,"name":"Njoftim p\u00ebr t\u00ebrheqje t\u00eb shortit p\u00ebr p\u00ebrcaktim t\u00eb listave t\u00eb vetme t\u00eb kandidat\u00ebve"}]},{"@type":"WebSite","@id":"https:\/\/www.sec.mk\/#website","url":"https:\/\/www.sec.mk\/","name":"Komisioni Shtet\u00ebror i Zgjedhjeve","description":"","potentialAction":[{"@type":"SearchAction","target":{"@type":"EntryPoint","urlTemplate":"https:\/\/www.sec.mk\/?s={search_term_string}"},"query-input":{"@type":"PropertyValueSpecification","valueRequired":true,"valueName":"search_term_string"}}],"inLanguage":"sq"},{"@type":"Person","@id":"https:\/\/www.sec.mk\/#\/schema\/person\/180b99a95caa0823f543ccc771cbb595","name":"katerina","image":{"@type":"ImageObject","inLanguage":"sq","@id":"https:\/\/www.sec.mk\/#\/schema\/person\/image\/","url":"https:\/\/secure.gravatar.com\/avatar\/5cfc365f3132e14b477e0c3cf8010efa73d2d91b0ee4adf8fa2429ddecf4a541?s=96&d=mm&r=g","contentUrl":"https:\/\/secure.gravatar.com\/avatar\/5cfc365f3132e14b477e0c3cf8010efa73d2d91b0ee4adf8fa2429ddecf4a541?s=96&d=mm&r=g","caption":"katerina"}}]}},"_links":{"self":[{"href":"https:\/\/www.sec.mk\/sq\/wp-json\/wp\/v2\/posts\/36013","targetHints":{"allow":["GET"]}}],"collection":[{"href":"https:\/\/www.sec.mk\/sq\/wp-json\/wp\/v2\/posts"}],"about":[{"href":"https:\/\/www.sec.mk\/sq\/wp-json\/wp\/v2\/types\/post"}],"author":[{"embeddable":true,"href":"https:\/\/www.sec.mk\/sq\/wp-json\/wp\/v2\/users\/3"}],"replies":[{"embeddable":true,"href":"https:\/\/www.sec.mk\/sq\/wp-json\/wp\/v2\/comments?post=36013"}],"version-history":[{"count":4,"href":"https:\/\/www.sec.mk\/sq\/wp-json\/wp\/v2\/posts\/36013\/revisions"}],"predecessor-version":[{"id":36018,"href":"https:\/\/www.sec.mk\/sq\/wp-json\/wp\/v2\/posts\/36013\/revisions\/36018"}],"wp:featuredmedia":[{"embeddable":true,"href":"https:\/\/www.sec.mk\/sq\/wp-json\/wp\/v2\/media\/29937"}],"wp:attachment":[{"href":"https:\/\/www.sec.mk\/sq\/wp-json\/wp\/v2\/media?parent=36013"}],"wp:term":[{"taxonomy":"category","embeddable":true,"href":"https:\/\/www.sec.mk\/sq\/wp-json\/wp\/v2\/categories?post=36013"},{"taxonomy":"post_tag","embeddable":true,"href":"https:\/\/www.sec.mk\/sq\/wp-json\/wp\/v2\/tags?post=36013"}],"curies":[{"name":"wp","href":"https:\/\/api.w.org\/{rel}","templated":true}]}}