{"id":38841,"date":"2023-02-27T13:43:04","date_gmt":"2023-02-27T12:43:04","guid":{"rendered":"https:\/\/www.sec.mk\/?p=38841"},"modified":"2023-02-27T13:45:53","modified_gmt":"2023-02-27T12:45:53","slug":"punetori-organizatat-qytetare-dhe-implementimi-i-rekomandimeve-te-odihr-it","status":"publish","type":"post","link":"https:\/\/www.sec.mk\/sq\/punetori-organizatat-qytetare-dhe-implementimi-i-rekomandimeve-te-odihr-it\/","title":{"rendered":"Pun\u00ebtori: Organizatat qytetare dhe implementimi i rekomandimeve t\u00eb ODIHR-it"},"content":{"rendered":"\n<p>Si pjes\u00eb e projektit &#8220;Mb\u00ebshtetja e Reformave Zgjedhore n\u00eb Ballkanin Per\u00ebndimor&#8221;, Zyra p\u00ebr Institucionet Demokratike dhe t\u00eb Drejtat e Njeriut (ODIHR) organizoi pun\u00ebtori&nbsp;n\u00eb Varshav\u00eb m\u00eb dat\u00eb&nbsp;21 dhe 22 shkurt 2022 p\u00ebr t\u00eb hapur nj\u00eb diskutim mbi sfidat kryesore n\u00eb implementimin e rekomandimeve&nbsp;t\u00eb ODIHR-it&nbsp;dhe mund\u00ebsive &nbsp;p\u00ebr angazhimin e organizatave qytetare n\u00eb monitorimin e zgjedhjeve.<\/p>\n\n\n\n<p>Pjes\u00ebmarr\u00ebs n\u00eb pun\u00ebtori ishin p\u00ebrfaq\u00ebsues t\u00eb organizatave nd\u00ebrkomb\u00ebtare, komisioneve zgjedhore nga rajoni, si dhe organizata&nbsp;qytetare&nbsp;dhe aktivist\u00eb.<\/p>\n\n\n\n<p>N\u00eb pun\u00ebtori mor\u00ebn pjes\u00eb an\u00ebtar\u00eb t\u00eb Komisionit Shtet\u00ebror t\u00eb Zgjedhjeve, nd\u00ebrsa n\u00eb sesionin p\u00ebr zbatimin e rekomandimeve nga raportet e ODIHR-it p\u00ebr pjes\u00ebmarrjen e grupeve jo mjaftuesh\u00ebm&nbsp;t\u00eb&nbsp;p\u00ebrfaq\u00ebsuara n\u00eb zgjedhje, prezantuan t\u00eb arriturat e Komisionit Shtet\u00ebror t\u00eb Zgjedhjeve n\u00eb drejtim t\u00eb promovimit t\u00eb pjes\u00ebmarrjes s\u00eb grave dhe personave me aft\u00ebsi t\u00eb kufizuara.<\/p>\n\n\n\n<p>Diskutimi mes pjes\u00ebmarr\u00ebsve solli p\u00ebrfundime se si t\u00eb konsolidohet prania dhe q\u00ebndrueshm\u00ebria e organizatave qytetarele (OQ) gjat\u00eb ciklit zgjedhor si nj\u00eb nd\u00ebr aktor\u00ebt kryesor\u00eb n\u00eb reformat zgjedhore dhe promovimin e demokracis\u00eb n\u00eb t\u00eb gjith\u00eb Ballkanin Per\u00ebndimor.<\/p>\n\n\n\n<figure class=\"wp-block-table\"><table><tbody><tr><td><\/td><\/tr><\/tbody><\/table><\/figure>\n\n\n\n<figure class=\"wp-block-gallery columns-3 is-cropped wp-block-gallery-1 is-layout-flex wp-block-gallery-is-layout-flex\"><ul class=\"blocks-gallery-grid\"><li class=\"blocks-gallery-item\"><figure><a href=\"http:\/\/www.sec.mk\/wp-content\/uploads\/2023\/02\/viber_image_2023-02-24_08-50-51-176.jpg\"><img decoding=\"async\" width=\"1030\" height=\"464\" src=\"http:\/\/www.sec.mk\/wp-content\/uploads\/2023\/02\/viber_image_2023-02-24_08-50-51-176-1030x464.jpg\" alt=\"\" data-id=\"38848\" data-full-url=\"http:\/\/www.sec.mk\/wp-content\/uploads\/2023\/02\/viber_image_2023-02-24_08-50-51-176.jpg\" data-link=\"https:\/\/www.sec.mk\/?attachment_id=38848\" class=\"wp-image-38849\" srcset=\"https:\/\/www.sec.mk\/wp-content\/uploads\/2023\/02\/viber_image_2023-02-24_08-50-51-176-1030x464.jpg 1030w, https:\/\/www.sec.mk\/wp-content\/uploads\/2023\/02\/viber_image_2023-02-24_08-50-51-176-300x135.jpg 300w, https:\/\/www.sec.mk\/wp-content\/uploads\/2023\/02\/viber_image_2023-02-24_08-50-51-176-1536x691.jpg 1536w, https:\/\/www.sec.mk\/wp-content\/uploads\/2023\/02\/viber_image_2023-02-24_08-50-51-176-1500x675.jpg 1500w, https:\/\/www.sec.mk\/wp-content\/uploads\/2023\/02\/viber_image_2023-02-24_08-50-51-176-705x317.jpg 705w, https:\/\/www.sec.mk\/wp-content\/uploads\/2023\/02\/viber_image_2023-02-24_08-50-51-176.jpg 1600w\" sizes=\"(max-width: 1030px) 100vw, 1030px\" \/><\/a><\/figure><\/li><li class=\"blocks-gallery-item\"><figure><a href=\"http:\/\/www.sec.mk\/wp-content\/uploads\/2023\/02\/viber_image_2023-02-24_08-50-50-092.jpg\"><img decoding=\"async\" width=\"1030\" height=\"464\" src=\"http:\/\/www.sec.mk\/wp-content\/uploads\/2023\/02\/viber_image_2023-02-24_08-50-50-092-1030x464.jpg\" alt=\"\" data-id=\"38846\" data-full-url=\"http:\/\/www.sec.mk\/wp-content\/uploads\/2023\/02\/viber_image_2023-02-24_08-50-50-092.jpg\" data-link=\"https:\/\/www.sec.mk\/?attachment_id=38846\" class=\"wp-image-38847\" srcset=\"https:\/\/www.sec.mk\/wp-content\/uploads\/2023\/02\/viber_image_2023-02-24_08-50-50-092-1030x464.jpg 1030w, https:\/\/www.sec.mk\/wp-content\/uploads\/2023\/02\/viber_image_2023-02-24_08-50-50-092-300x135.jpg 300w, https:\/\/www.sec.mk\/wp-content\/uploads\/2023\/02\/viber_image_2023-02-24_08-50-50-092-1536x691.jpg 1536w, https:\/\/www.sec.mk\/wp-content\/uploads\/2023\/02\/viber_image_2023-02-24_08-50-50-092-1500x675.jpg 1500w, https:\/\/www.sec.mk\/wp-content\/uploads\/2023\/02\/viber_image_2023-02-24_08-50-50-092-705x317.jpg 705w, https:\/\/www.sec.mk\/wp-content\/uploads\/2023\/02\/viber_image_2023-02-24_08-50-50-092.jpg 1600w\" sizes=\"(max-width: 1030px) 100vw, 1030px\" \/><\/a><\/figure><\/li><li class=\"blocks-gallery-item\"><figure><a href=\"http:\/\/www.sec.mk\/wp-content\/uploads\/2023\/02\/viber_image_2023-02-24_08-51-26-011.jpg\"><img decoding=\"async\" width=\"1030\" height=\"773\" src=\"http:\/\/www.sec.mk\/wp-content\/uploads\/2023\/02\/viber_image_2023-02-24_08-51-26-011-1030x773.jpg\" alt=\"\" data-id=\"38850\" data-full-url=\"http:\/\/www.sec.mk\/wp-content\/uploads\/2023\/02\/viber_image_2023-02-24_08-51-26-011.jpg\" data-link=\"https:\/\/www.sec.mk\/?attachment_id=38850\" class=\"wp-image-38851\" srcset=\"https:\/\/www.sec.mk\/wp-content\/uploads\/2023\/02\/viber_image_2023-02-24_08-51-26-011-1030x773.jpg 1030w, https:\/\/www.sec.mk\/wp-content\/uploads\/2023\/02\/viber_image_2023-02-24_08-51-26-011-300x225.jpg 300w, https:\/\/www.sec.mk\/wp-content\/uploads\/2023\/02\/viber_image_2023-02-24_08-51-26-011-1536x1152.jpg 1536w, https:\/\/www.sec.mk\/wp-content\/uploads\/2023\/02\/viber_image_2023-02-24_08-51-26-011-1500x1125.jpg 1500w, https:\/\/www.sec.mk\/wp-content\/uploads\/2023\/02\/viber_image_2023-02-24_08-51-26-011-705x529.jpg 705w, https:\/\/www.sec.mk\/wp-content\/uploads\/2023\/02\/viber_image_2023-02-24_08-51-26-011.jpg 1600w\" sizes=\"(max-width: 1030px) 100vw, 1030px\" \/><\/a><\/figure><\/li><li class=\"blocks-gallery-item\"><figure><a href=\"http:\/\/www.sec.mk\/wp-content\/uploads\/2023\/02\/viber_image_2023-02-24_08-51-26-025.jpg\"><img decoding=\"async\" width=\"1030\" height=\"773\" src=\"http:\/\/www.sec.mk\/wp-content\/uploads\/2023\/02\/viber_image_2023-02-24_08-51-26-025-1030x773.jpg\" alt=\"\" data-id=\"38852\" data-full-url=\"http:\/\/www.sec.mk\/wp-content\/uploads\/2023\/02\/viber_image_2023-02-24_08-51-26-025.jpg\" data-link=\"https:\/\/www.sec.mk\/?attachment_id=38852\" class=\"wp-image-38853\" srcset=\"https:\/\/www.sec.mk\/wp-content\/uploads\/2023\/02\/viber_image_2023-02-24_08-51-26-025-1030x773.jpg 1030w, https:\/\/www.sec.mk\/wp-content\/uploads\/2023\/02\/viber_image_2023-02-24_08-51-26-025-300x225.jpg 300w, https:\/\/www.sec.mk\/wp-content\/uploads\/2023\/02\/viber_image_2023-02-24_08-51-26-025-1536x1152.jpg 1536w, https:\/\/www.sec.mk\/wp-content\/uploads\/2023\/02\/viber_image_2023-02-24_08-51-26-025-1500x1125.jpg 1500w, https:\/\/www.sec.mk\/wp-content\/uploads\/2023\/02\/viber_image_2023-02-24_08-51-26-025-705x529.jpg 705w, https:\/\/www.sec.mk\/wp-content\/uploads\/2023\/02\/viber_image_2023-02-24_08-51-26-025.jpg 1600w\" sizes=\"(max-width: 1030px) 100vw, 1030px\" \/><\/a><\/figure><\/li><li class=\"blocks-gallery-item\"><figure><a href=\"http:\/\/www.sec.mk\/wp-content\/uploads\/2023\/02\/FpfXYllXoAQtdit.jpg\"><img decoding=\"async\" width=\"1030\" height=\"682\" src=\"http:\/\/www.sec.mk\/wp-content\/uploads\/2023\/02\/FpfXYllXoAQtdit-1030x682.jpg\" alt=\"\" data-id=\"38844\" data-full-url=\"http:\/\/www.sec.mk\/wp-content\/uploads\/2023\/02\/FpfXYllXoAQtdit.jpg\" data-link=\"https:\/\/www.sec.mk\/?attachment_id=38844\" class=\"wp-image-38845\" srcset=\"https:\/\/www.sec.mk\/wp-content\/uploads\/2023\/02\/FpfXYllXoAQtdit-1030x682.jpg 1030w, https:\/\/www.sec.mk\/wp-content\/uploads\/2023\/02\/FpfXYllXoAQtdit-300x199.jpg 300w, https:\/\/www.sec.mk\/wp-content\/uploads\/2023\/02\/FpfXYllXoAQtdit-705x467.jpg 705w, https:\/\/www.sec.mk\/wp-content\/uploads\/2023\/02\/FpfXYllXoAQtdit.jpg 1232w\" sizes=\"(max-width: 1030px) 100vw, 1030px\" \/><\/a><\/figure><\/li><\/ul><\/figure>\n\n\n\n<p class=\"has-text-align-center\"><strong>KOMISIONI SHTET\u00cbROR I ZGJEDHJEVE<\/strong><\/p>\n","protected":false},"excerpt":{"rendered":"<p>Si pjes\u00eb e projektit &#8220;Mb\u00ebshtetja e Reformave Zgjedhore n\u00eb Ballkanin Per\u00ebndimor&#8221;, Zyra p\u00ebr Institucionet Demokratike dhe t\u00eb Drejtat e Njeriut (ODIHR) organizoi pun\u00ebtori&nbsp;n\u00eb Varshav\u00eb m\u00eb dat\u00eb&nbsp;21 dhe 22 shkurt 2022 [&hellip;]<\/p>\n","protected":false},"author":3,"featured_media":38849,"comment_status":"closed","ping_status":"closed","sticky":false,"template":"","format":"standard","meta":{"footnotes":""},"categories":[23,21],"tags":[],"class_list":["post-38841","post","type-post","status-publish","format-standard","has-post-thumbnail","hentry","category-njoftime","category-risi"],"yoast_head":"<!-- This site is optimized with the Yoast SEO plugin v26.2 - https:\/\/yoast.com\/wordpress\/plugins\/seo\/ -->\n<title>Pun\u00ebtori: Organizatat qytetare dhe implementimi i rekomandimeve t\u00eb ODIHR-it - Komisioni Shtet\u00ebror i Zgjedhjeve<\/title>\n<meta name=\"description\" content=\"Si pjes\u00eb e projektit &quot;Mb\u00ebshtetja e Reformave Zgjedhore n\u00eb Ballkanin Per\u00ebndimor&quot;, Zyra p\u00ebr Institucionet Demokratike dhe t\u00eb Drejtat e Njeriut (ODIHR)\" \/>\n<meta name=\"robots\" content=\"index, follow, max-snippet:-1, max-image-preview:large, max-video-preview:-1\" \/>\n<link rel=\"canonical\" href=\"https:\/\/www.sec.mk\/sq\/punetori-organizatat-qytetare-dhe-implementimi-i-rekomandimeve-te-odihr-it\/\" \/>\n<meta property=\"og:locale\" content=\"sq_AL\" \/>\n<meta property=\"og:type\" content=\"article\" \/>\n<meta property=\"og:title\" content=\"Pun\u00ebtori: Organizatat qytetare dhe implementimi i rekomandimeve t\u00eb ODIHR-it - Komisioni Shtet\u00ebror i Zgjedhjeve\" \/>\n<meta property=\"og:description\" content=\"Si pjes\u00eb e projektit &quot;Mb\u00ebshtetja e Reformave Zgjedhore n\u00eb Ballkanin Per\u00ebndimor&quot;, Zyra p\u00ebr Institucionet Demokratike dhe t\u00eb Drejtat e Njeriut (ODIHR)\" \/>\n<meta property=\"og:url\" content=\"https:\/\/www.sec.mk\/sq\/punetori-organizatat-qytetare-dhe-implementimi-i-rekomandimeve-te-odihr-it\/\" \/>\n<meta property=\"og:site_name\" content=\"Komisioni Shtet\u00ebror i Zgjedhjeve\" \/>\n<meta property=\"article:published_time\" content=\"2023-02-27T12:43:04+00:00\" \/>\n<meta property=\"article:modified_time\" content=\"2023-02-27T12:45:53+00:00\" \/>\n<meta property=\"og:image\" content=\"http:\/\/www.sec.mk\/wp-content\/uploads\/2023\/02\/viber_image_2023-02-24_08-50-51-176.jpg\" \/>\n\t<meta property=\"og:image:width\" content=\"1600\" \/>\n\t<meta property=\"og:image:height\" content=\"720\" \/>\n\t<meta property=\"og:image:type\" content=\"image\/jpeg\" \/>\n<meta name=\"author\" content=\"katerina\" \/>\n<meta name=\"twitter:card\" content=\"summary_large_image\" \/>\n<meta name=\"twitter:label1\" content=\"Written by\" \/>\n\t<meta name=\"twitter:data1\" content=\"katerina\" \/>\n\t<meta name=\"twitter:label2\" content=\"Est. reading time\" \/>\n\t<meta name=\"twitter:data2\" content=\"2 minuta\" \/>\n<script type=\"application\/ld+json\" class=\"yoast-schema-graph\">{\"@context\":\"https:\/\/schema.org\",\"@graph\":[{\"@type\":\"WebPage\",\"@id\":\"https:\/\/www.sec.mk\/sq\/punetori-organizatat-qytetare-dhe-implementimi-i-rekomandimeve-te-odihr-it\/\",\"url\":\"https:\/\/www.sec.mk\/sq\/punetori-organizatat-qytetare-dhe-implementimi-i-rekomandimeve-te-odihr-it\/\",\"name\":\"Pun\u00ebtori: Organizatat qytetare dhe implementimi i rekomandimeve t\u00eb ODIHR-it - Komisioni Shtet\u00ebror i Zgjedhjeve\",\"isPartOf\":{\"@id\":\"https:\/\/www.sec.mk\/#website\"},\"primaryImageOfPage\":{\"@id\":\"https:\/\/www.sec.mk\/sq\/punetori-organizatat-qytetare-dhe-implementimi-i-rekomandimeve-te-odihr-it\/#primaryimage\"},\"image\":{\"@id\":\"https:\/\/www.sec.mk\/sq\/punetori-organizatat-qytetare-dhe-implementimi-i-rekomandimeve-te-odihr-it\/#primaryimage\"},\"thumbnailUrl\":\"https:\/\/www.sec.mk\/wp-content\/uploads\/2023\/02\/viber_image_2023-02-24_08-50-51-176.jpg\",\"datePublished\":\"2023-02-27T12:43:04+00:00\",\"dateModified\":\"2023-02-27T12:45:53+00:00\",\"author\":{\"@id\":\"https:\/\/www.sec.mk\/#\/schema\/person\/180b99a95caa0823f543ccc771cbb595\"},\"description\":\"Si pjes\u00eb e projektit \\\"Mb\u00ebshtetja e Reformave Zgjedhore n\u00eb Ballkanin Per\u00ebndimor\\\", Zyra p\u00ebr Institucionet Demokratike dhe t\u00eb Drejtat e Njeriut (ODIHR)\",\"breadcrumb\":{\"@id\":\"https:\/\/www.sec.mk\/sq\/punetori-organizatat-qytetare-dhe-implementimi-i-rekomandimeve-te-odihr-it\/#breadcrumb\"},\"inLanguage\":\"sq\",\"potentialAction\":[{\"@type\":\"ReadAction\",\"target\":[\"https:\/\/www.sec.mk\/sq\/punetori-organizatat-qytetare-dhe-implementimi-i-rekomandimeve-te-odihr-it\/\"]}]},{\"@type\":\"ImageObject\",\"inLanguage\":\"sq\",\"@id\":\"https:\/\/www.sec.mk\/sq\/punetori-organizatat-qytetare-dhe-implementimi-i-rekomandimeve-te-odihr-it\/#primaryimage\",\"url\":\"https:\/\/www.sec.mk\/wp-content\/uploads\/2023\/02\/viber_image_2023-02-24_08-50-51-176.jpg\",\"contentUrl\":\"https:\/\/www.sec.mk\/wp-content\/uploads\/2023\/02\/viber_image_2023-02-24_08-50-51-176.jpg\",\"width\":1600,\"height\":720},{\"@type\":\"BreadcrumbList\",\"@id\":\"https:\/\/www.sec.mk\/sq\/punetori-organizatat-qytetare-dhe-implementimi-i-rekomandimeve-te-odihr-it\/#breadcrumb\",\"itemListElement\":[{\"@type\":\"ListItem\",\"position\":1,\"name\":\"Home\",\"item\":\"https:\/\/www.sec.mk\/sq\/home-alb\/\"},{\"@type\":\"ListItem\",\"position\":2,\"name\":\"Pun\u00ebtori: Organizatat qytetare dhe implementimi i rekomandimeve t\u00eb ODIHR-it\"}]},{\"@type\":\"WebSite\",\"@id\":\"https:\/\/www.sec.mk\/#website\",\"url\":\"https:\/\/www.sec.mk\/\",\"name\":\"Komisioni Shtet\u00ebror i Zgjedhjeve\",\"description\":\"\",\"potentialAction\":[{\"@type\":\"SearchAction\",\"target\":{\"@type\":\"EntryPoint\",\"urlTemplate\":\"https:\/\/www.sec.mk\/?s={search_term_string}\"},\"query-input\":{\"@type\":\"PropertyValueSpecification\",\"valueRequired\":true,\"valueName\":\"search_term_string\"}}],\"inLanguage\":\"sq\"},{\"@type\":\"Person\",\"@id\":\"https:\/\/www.sec.mk\/#\/schema\/person\/180b99a95caa0823f543ccc771cbb595\",\"name\":\"katerina\",\"image\":{\"@type\":\"ImageObject\",\"inLanguage\":\"sq\",\"@id\":\"https:\/\/www.sec.mk\/#\/schema\/person\/image\/\",\"url\":\"https:\/\/secure.gravatar.com\/avatar\/5cfc365f3132e14b477e0c3cf8010efa73d2d91b0ee4adf8fa2429ddecf4a541?s=96&d=mm&r=g\",\"contentUrl\":\"https:\/\/secure.gravatar.com\/avatar\/5cfc365f3132e14b477e0c3cf8010efa73d2d91b0ee4adf8fa2429ddecf4a541?s=96&d=mm&r=g\",\"caption\":\"katerina\"}}]}<\/script>\n<!-- \/ Yoast SEO plugin. -->","yoast_head_json":{"title":"Pun\u00ebtori: Organizatat qytetare dhe implementimi i rekomandimeve t\u00eb ODIHR-it - Komisioni Shtet\u00ebror i Zgjedhjeve","description":"Si pjes\u00eb e projektit \"Mb\u00ebshtetja e Reformave Zgjedhore n\u00eb Ballkanin Per\u00ebndimor\", Zyra p\u00ebr Institucionet Demokratike dhe t\u00eb Drejtat e Njeriut (ODIHR)","robots":{"index":"index","follow":"follow","max-snippet":"max-snippet:-1","max-image-preview":"max-image-preview:large","max-video-preview":"max-video-preview:-1"},"canonical":"https:\/\/www.sec.mk\/sq\/punetori-organizatat-qytetare-dhe-implementimi-i-rekomandimeve-te-odihr-it\/","og_locale":"sq_AL","og_type":"article","og_title":"Pun\u00ebtori: Organizatat qytetare dhe implementimi i rekomandimeve t\u00eb ODIHR-it - Komisioni Shtet\u00ebror i Zgjedhjeve","og_description":"Si pjes\u00eb e projektit \"Mb\u00ebshtetja e Reformave Zgjedhore n\u00eb Ballkanin Per\u00ebndimor\", Zyra p\u00ebr Institucionet Demokratike dhe t\u00eb Drejtat e Njeriut (ODIHR)","og_url":"https:\/\/www.sec.mk\/sq\/punetori-organizatat-qytetare-dhe-implementimi-i-rekomandimeve-te-odihr-it\/","og_site_name":"Komisioni Shtet\u00ebror i Zgjedhjeve","article_published_time":"2023-02-27T12:43:04+00:00","article_modified_time":"2023-02-27T12:45:53+00:00","og_image":[{"width":1600,"height":720,"url":"http:\/\/www.sec.mk\/wp-content\/uploads\/2023\/02\/viber_image_2023-02-24_08-50-51-176.jpg","type":"image\/jpeg"}],"author":"katerina","twitter_card":"summary_large_image","twitter_misc":{"Written by":"katerina","Est. reading time":"2 minuta"},"schema":{"@context":"https:\/\/schema.org","@graph":[{"@type":"WebPage","@id":"https:\/\/www.sec.mk\/sq\/punetori-organizatat-qytetare-dhe-implementimi-i-rekomandimeve-te-odihr-it\/","url":"https:\/\/www.sec.mk\/sq\/punetori-organizatat-qytetare-dhe-implementimi-i-rekomandimeve-te-odihr-it\/","name":"Pun\u00ebtori: Organizatat qytetare dhe implementimi i rekomandimeve t\u00eb ODIHR-it - Komisioni Shtet\u00ebror i Zgjedhjeve","isPartOf":{"@id":"https:\/\/www.sec.mk\/#website"},"primaryImageOfPage":{"@id":"https:\/\/www.sec.mk\/sq\/punetori-organizatat-qytetare-dhe-implementimi-i-rekomandimeve-te-odihr-it\/#primaryimage"},"image":{"@id":"https:\/\/www.sec.mk\/sq\/punetori-organizatat-qytetare-dhe-implementimi-i-rekomandimeve-te-odihr-it\/#primaryimage"},"thumbnailUrl":"https:\/\/www.sec.mk\/wp-content\/uploads\/2023\/02\/viber_image_2023-02-24_08-50-51-176.jpg","datePublished":"2023-02-27T12:43:04+00:00","dateModified":"2023-02-27T12:45:53+00:00","author":{"@id":"https:\/\/www.sec.mk\/#\/schema\/person\/180b99a95caa0823f543ccc771cbb595"},"description":"Si pjes\u00eb e projektit \"Mb\u00ebshtetja e Reformave Zgjedhore n\u00eb Ballkanin Per\u00ebndimor\", Zyra p\u00ebr Institucionet Demokratike dhe t\u00eb Drejtat e Njeriut (ODIHR)","breadcrumb":{"@id":"https:\/\/www.sec.mk\/sq\/punetori-organizatat-qytetare-dhe-implementimi-i-rekomandimeve-te-odihr-it\/#breadcrumb"},"inLanguage":"sq","potentialAction":[{"@type":"ReadAction","target":["https:\/\/www.sec.mk\/sq\/punetori-organizatat-qytetare-dhe-implementimi-i-rekomandimeve-te-odihr-it\/"]}]},{"@type":"ImageObject","inLanguage":"sq","@id":"https:\/\/www.sec.mk\/sq\/punetori-organizatat-qytetare-dhe-implementimi-i-rekomandimeve-te-odihr-it\/#primaryimage","url":"https:\/\/www.sec.mk\/wp-content\/uploads\/2023\/02\/viber_image_2023-02-24_08-50-51-176.jpg","contentUrl":"https:\/\/www.sec.mk\/wp-content\/uploads\/2023\/02\/viber_image_2023-02-24_08-50-51-176.jpg","width":1600,"height":720},{"@type":"BreadcrumbList","@id":"https:\/\/www.sec.mk\/sq\/punetori-organizatat-qytetare-dhe-implementimi-i-rekomandimeve-te-odihr-it\/#breadcrumb","itemListElement":[{"@type":"ListItem","position":1,"name":"Home","item":"https:\/\/www.sec.mk\/sq\/home-alb\/"},{"@type":"ListItem","position":2,"name":"Pun\u00ebtori: Organizatat qytetare dhe implementimi i rekomandimeve t\u00eb ODIHR-it"}]},{"@type":"WebSite","@id":"https:\/\/www.sec.mk\/#website","url":"https:\/\/www.sec.mk\/","name":"Komisioni Shtet\u00ebror i Zgjedhjeve","description":"","potentialAction":[{"@type":"SearchAction","target":{"@type":"EntryPoint","urlTemplate":"https:\/\/www.sec.mk\/?s={search_term_string}"},"query-input":{"@type":"PropertyValueSpecification","valueRequired":true,"valueName":"search_term_string"}}],"inLanguage":"sq"},{"@type":"Person","@id":"https:\/\/www.sec.mk\/#\/schema\/person\/180b99a95caa0823f543ccc771cbb595","name":"katerina","image":{"@type":"ImageObject","inLanguage":"sq","@id":"https:\/\/www.sec.mk\/#\/schema\/person\/image\/","url":"https:\/\/secure.gravatar.com\/avatar\/5cfc365f3132e14b477e0c3cf8010efa73d2d91b0ee4adf8fa2429ddecf4a541?s=96&d=mm&r=g","contentUrl":"https:\/\/secure.gravatar.com\/avatar\/5cfc365f3132e14b477e0c3cf8010efa73d2d91b0ee4adf8fa2429ddecf4a541?s=96&d=mm&r=g","caption":"katerina"}}]}},"_links":{"self":[{"href":"https:\/\/www.sec.mk\/sq\/wp-json\/wp\/v2\/posts\/38841","targetHints":{"allow":["GET"]}}],"collection":[{"href":"https:\/\/www.sec.mk\/sq\/wp-json\/wp\/v2\/posts"}],"about":[{"href":"https:\/\/www.sec.mk\/sq\/wp-json\/wp\/v2\/types\/post"}],"author":[{"embeddable":true,"href":"https:\/\/www.sec.mk\/sq\/wp-json\/wp\/v2\/users\/3"}],"replies":[{"embeddable":true,"href":"https:\/\/www.sec.mk\/sq\/wp-json\/wp\/v2\/comments?post=38841"}],"version-history":[{"count":4,"href":"https:\/\/www.sec.mk\/sq\/wp-json\/wp\/v2\/posts\/38841\/revisions"}],"predecessor-version":[{"id":38860,"href":"https:\/\/www.sec.mk\/sq\/wp-json\/wp\/v2\/posts\/38841\/revisions\/38860"}],"wp:featuredmedia":[{"embeddable":true,"href":"https:\/\/www.sec.mk\/sq\/wp-json\/wp\/v2\/media\/38849"}],"wp:attachment":[{"href":"https:\/\/www.sec.mk\/sq\/wp-json\/wp\/v2\/media?parent=38841"}],"wp:term":[{"taxonomy":"category","embeddable":true,"href":"https:\/\/www.sec.mk\/sq\/wp-json\/wp\/v2\/categories?post=38841"},{"taxonomy":"post_tag","embeddable":true,"href":"https:\/\/www.sec.mk\/sq\/wp-json\/wp\/v2\/tags?post=38841"}],"curies":[{"name":"wp","href":"https:\/\/api.w.org\/{rel}","templated":true}]}}