{"id":39082,"date":"2023-07-17T16:08:08","date_gmt":"2023-07-17T14:08:08","guid":{"rendered":"https:\/\/www.sec.mk\/?p=39082"},"modified":"2023-07-18T10:36:56","modified_gmt":"2023-07-18T08:36:56","slug":"nenshkruhet-memorandum-mirekuptimi-midis-komisionit-shteteror-zgjedhor-dhe-osbe-se","status":"publish","type":"post","link":"https:\/\/www.sec.mk\/sq\/nenshkruhet-memorandum-mirekuptimi-midis-komisionit-shteteror-zgjedhor-dhe-osbe-se\/","title":{"rendered":"N\u00ebnshkruhet memorandum mir\u00ebkuptimi midis Komisionit shtet\u00ebror zgjedhor dhe OSBE-s\u00eb"},"content":{"rendered":"\n<p>N\u00eb hap\u00ebsirat e Komisionit Shtet\u00ebror t\u00eb Zgjedhjeve sot \u00ebsht\u00eb n\u00ebnshkruar Memorandumi i Mir\u00ebkuptimit nd\u00ebrmjet Komisionit Shtet\u00ebror t\u00eb Zgjedhjeve dhe Misionit t\u00eb OSBE-s\u00eb n\u00eb Shkup, p\u00ebr realizimin e aktiviteteve t\u00eb p\u00ebrbashk\u00ebta n\u00eb periudh\u00ebn 2023-2026.<\/p>\n\n\n\n<p>Me k\u00ebt\u00eb Memorandum, t\u00eb dyja pal\u00ebt pajtohen p\u00ebr bashk\u00ebpunim t\u00eb nd\u00ebrsjell\u00eb p\u00ebr forcimin e m\u00ebtejsh\u00ebm t\u00eb procesit zgjedhor, sigurimin e ekspertiz\u00ebs nd\u00ebrkomb\u00ebtare dhe vendore p\u00ebr realizimin e aktiviteteve t\u00eb p\u00ebrbashk\u00ebta, shk\u00ebmbimin e praktikave t\u00eb mira dhe bashk\u00ebpunimin me komisionet e tjera zgjedhore dhe pal\u00ebt e interesuara, organizimin e trajnimeve dhe zhvillimin e materialeve p\u00ebr trajnime.<\/p>\n\n\n\n<p>N\u00eb takim, kryetari Aleksandar Dashtevski dhe an\u00ebtar\u00ebt e pranish\u00ebm t\u00eb Komisionit Shtet\u00ebror t\u00eb Zgjedhjeve, me ambasadorin Kilijan Val, shef i misionit t\u00eb OSBE-s\u00eb n\u00eb Shkup, biseduan p\u00ebr sfidat me t\u00eb cilat p\u00ebrballet KSHZ-ja, p\u00ebr reformat zgjedhore dhe n\u00eb p\u00ebrgjith\u00ebsi p\u00ebr avancimin e proceseve zgjedhjeve n\u00eb shtetin ton\u00eb.<\/p>\n\n\n\n<figure class=\"wp-block-gallery columns-3 is-cropped wp-block-gallery-1 is-layout-flex wp-block-gallery-is-layout-flex\"><ul class=\"blocks-gallery-grid\"><li class=\"blocks-gallery-item\"><figure><a href=\"http:\/\/www.sec.mk\/wp-content\/uploads\/2023\/07\/\u0441\u043b\u0438\u043a\u0430-1.jpg\"><img decoding=\"async\" width=\"1024\" height=\"648\" src=\"http:\/\/www.sec.mk\/wp-content\/uploads\/2023\/07\/\u0441\u043b\u0438\u043a\u0430-1.jpg\" alt=\"\" data-id=\"39085\" data-full-url=\"http:\/\/www.sec.mk\/wp-content\/uploads\/2023\/07\/\u0441\u043b\u0438\u043a\u0430-1.jpg\" data-link=\"https:\/\/www.sec.mk\/?attachment_id=39085\" class=\"wp-image-39086\" srcset=\"https:\/\/www.sec.mk\/wp-content\/uploads\/2023\/07\/\u0441\u043b\u0438\u043a\u0430-1.jpg 1024w, https:\/\/www.sec.mk\/wp-content\/uploads\/2023\/07\/\u0441\u043b\u0438\u043a\u0430-1-300x190.jpg 300w, https:\/\/www.sec.mk\/wp-content\/uploads\/2023\/07\/\u0441\u043b\u0438\u043a\u0430-1-705x446.jpg 705w\" sizes=\"(max-width: 1024px) 100vw, 1024px\" \/><\/a><\/figure><\/li><li class=\"blocks-gallery-item\"><figure><a href=\"http:\/\/www.sec.mk\/wp-content\/uploads\/2023\/07\/\u0441\u043b\u0438\u043a\u0430-2.jpg\"><img decoding=\"async\" width=\"1024\" height=\"480\" src=\"http:\/\/www.sec.mk\/wp-content\/uploads\/2023\/07\/\u0441\u043b\u0438\u043a\u0430-2.jpg\" alt=\"\" data-id=\"39087\" data-full-url=\"http:\/\/www.sec.mk\/wp-content\/uploads\/2023\/07\/\u0441\u043b\u0438\u043a\u0430-2.jpg\" data-link=\"https:\/\/www.sec.mk\/?attachment_id=39087\" class=\"wp-image-39088\" srcset=\"https:\/\/www.sec.mk\/wp-content\/uploads\/2023\/07\/\u0441\u043b\u0438\u043a\u0430-2.jpg 1024w, https:\/\/www.sec.mk\/wp-content\/uploads\/2023\/07\/\u0441\u043b\u0438\u043a\u0430-2-300x141.jpg 300w, https:\/\/www.sec.mk\/wp-content\/uploads\/2023\/07\/\u0441\u043b\u0438\u043a\u0430-2-705x330.jpg 705w\" sizes=\"(max-width: 1024px) 100vw, 1024px\" \/><\/a><\/figure><\/li><li class=\"blocks-gallery-item\"><figure><a href=\"http:\/\/www.sec.mk\/wp-content\/uploads\/2023\/07\/\u0441\u043b\u0438\u043a\u0430-3.jpg\"><img decoding=\"async\" width=\"1024\" height=\"607\" src=\"http:\/\/www.sec.mk\/wp-content\/uploads\/2023\/07\/\u0441\u043b\u0438\u043a\u0430-3.jpg\" alt=\"\" data-id=\"39089\" data-full-url=\"http:\/\/www.sec.mk\/wp-content\/uploads\/2023\/07\/\u0441\u043b\u0438\u043a\u0430-3.jpg\" data-link=\"https:\/\/www.sec.mk\/?attachment_id=39089\" class=\"wp-image-39090\" srcset=\"https:\/\/www.sec.mk\/wp-content\/uploads\/2023\/07\/\u0441\u043b\u0438\u043a\u0430-3.jpg 1024w, https:\/\/www.sec.mk\/wp-content\/uploads\/2023\/07\/\u0441\u043b\u0438\u043a\u0430-3-300x178.jpg 300w, https:\/\/www.sec.mk\/wp-content\/uploads\/2023\/07\/\u0441\u043b\u0438\u043a\u0430-3-705x418.jpg 705w\" sizes=\"(max-width: 1024px) 100vw, 1024px\" \/><\/a><\/figure><\/li><\/ul><\/figure>\n\n\n\n<p class=\"has-text-align-center\"><strong>KOMISIONI SHTET\u00cbROR I ZGJEDHJEVE<\/strong><\/p>\n","protected":false},"excerpt":{"rendered":"<p>N\u00eb hap\u00ebsirat e Komisionit Shtet\u00ebror t\u00eb Zgjedhjeve sot \u00ebsht\u00eb n\u00ebnshkruar Memorandumi i Mir\u00ebkuptimit nd\u00ebrmjet Komisionit Shtet\u00ebror t\u00eb Zgjedhjeve dhe Misionit t\u00eb OSBE-s\u00eb n\u00eb Shkup, p\u00ebr realizimin e aktiviteteve t\u00eb p\u00ebrbashk\u00ebta [&hellip;]<\/p>\n","protected":false},"author":3,"featured_media":39086,"comment_status":"closed","ping_status":"closed","sticky":false,"template":"","format":"standard","meta":{"footnotes":""},"categories":[23,21],"tags":[],"class_list":["post-39082","post","type-post","status-publish","format-standard","has-post-thumbnail","hentry","category-njoftime","category-risi"],"yoast_head":"<!-- This site is optimized with the Yoast SEO plugin v26.2 - https:\/\/yoast.com\/wordpress\/plugins\/seo\/ -->\n<title>N\u00ebnshkruhet memorandum mir\u00ebkuptimi midis Komisionit shtet\u00ebror zgjedhor dhe OSBE-s\u00eb - Komisioni Shtet\u00ebror i Zgjedhjeve<\/title>\n<meta name=\"description\" content=\"N\u00eb hap\u00ebsirat e Komisionit Shtet\u00ebror t\u00eb Zgjedhjeve sot \u00ebsht\u00eb n\u00ebnshkruar Memorandumi i Mir\u00ebkuptimit nd\u00ebrmjet Komisionit Shtet\u00ebror t\u00eb Zgjedhjeve dhe Misionit\" \/>\n<meta name=\"robots\" content=\"index, follow, max-snippet:-1, max-image-preview:large, max-video-preview:-1\" \/>\n<link rel=\"canonical\" href=\"https:\/\/www.sec.mk\/sq\/nenshkruhet-memorandum-mirekuptimi-midis-komisionit-shteteror-zgjedhor-dhe-osbe-se\/\" \/>\n<meta property=\"og:locale\" content=\"sq_AL\" \/>\n<meta property=\"og:type\" content=\"article\" \/>\n<meta property=\"og:title\" content=\"N\u00ebnshkruhet memorandum mir\u00ebkuptimi midis Komisionit shtet\u00ebror zgjedhor dhe OSBE-s\u00eb - Komisioni Shtet\u00ebror i Zgjedhjeve\" \/>\n<meta property=\"og:description\" content=\"N\u00eb hap\u00ebsirat e Komisionit Shtet\u00ebror t\u00eb Zgjedhjeve sot \u00ebsht\u00eb n\u00ebnshkruar Memorandumi i Mir\u00ebkuptimit nd\u00ebrmjet Komisionit Shtet\u00ebror t\u00eb Zgjedhjeve dhe Misionit\" \/>\n<meta property=\"og:url\" content=\"https:\/\/www.sec.mk\/sq\/nenshkruhet-memorandum-mirekuptimi-midis-komisionit-shteteror-zgjedhor-dhe-osbe-se\/\" \/>\n<meta property=\"og:site_name\" content=\"Komisioni Shtet\u00ebror i Zgjedhjeve\" \/>\n<meta property=\"article:published_time\" content=\"2023-07-17T14:08:08+00:00\" \/>\n<meta property=\"article:modified_time\" content=\"2023-07-18T08:36:56+00:00\" \/>\n<meta property=\"og:image\" content=\"http:\/\/www.sec.mk\/wp-content\/uploads\/2023\/07\/\u0441\u043b\u0438\u043a\u0430-1.jpg\" \/>\n\t<meta property=\"og:image:width\" content=\"1024\" \/>\n\t<meta property=\"og:image:height\" content=\"648\" \/>\n\t<meta property=\"og:image:type\" content=\"image\/jpeg\" \/>\n<meta name=\"author\" content=\"katerina\" \/>\n<meta name=\"twitter:card\" content=\"summary_large_image\" \/>\n<meta name=\"twitter:label1\" content=\"Written by\" \/>\n\t<meta name=\"twitter:data1\" content=\"katerina\" \/>\n\t<meta name=\"twitter:label2\" content=\"Est. reading time\" \/>\n\t<meta name=\"twitter:data2\" content=\"2 minuta\" \/>\n<script type=\"application\/ld+json\" class=\"yoast-schema-graph\">{\"@context\":\"https:\/\/schema.org\",\"@graph\":[{\"@type\":\"WebPage\",\"@id\":\"https:\/\/www.sec.mk\/sq\/nenshkruhet-memorandum-mirekuptimi-midis-komisionit-shteteror-zgjedhor-dhe-osbe-se\/\",\"url\":\"https:\/\/www.sec.mk\/sq\/nenshkruhet-memorandum-mirekuptimi-midis-komisionit-shteteror-zgjedhor-dhe-osbe-se\/\",\"name\":\"N\u00ebnshkruhet memorandum mir\u00ebkuptimi midis Komisionit shtet\u00ebror zgjedhor dhe OSBE-s\u00eb - Komisioni Shtet\u00ebror i Zgjedhjeve\",\"isPartOf\":{\"@id\":\"https:\/\/www.sec.mk\/#website\"},\"primaryImageOfPage\":{\"@id\":\"https:\/\/www.sec.mk\/sq\/nenshkruhet-memorandum-mirekuptimi-midis-komisionit-shteteror-zgjedhor-dhe-osbe-se\/#primaryimage\"},\"image\":{\"@id\":\"https:\/\/www.sec.mk\/sq\/nenshkruhet-memorandum-mirekuptimi-midis-komisionit-shteteror-zgjedhor-dhe-osbe-se\/#primaryimage\"},\"thumbnailUrl\":\"https:\/\/www.sec.mk\/wp-content\/uploads\/2023\/07\/\u0441\u043b\u0438\u043a\u0430-1.jpg\",\"datePublished\":\"2023-07-17T14:08:08+00:00\",\"dateModified\":\"2023-07-18T08:36:56+00:00\",\"author\":{\"@id\":\"https:\/\/www.sec.mk\/#\/schema\/person\/180b99a95caa0823f543ccc771cbb595\"},\"description\":\"N\u00eb hap\u00ebsirat e Komisionit Shtet\u00ebror t\u00eb Zgjedhjeve sot \u00ebsht\u00eb n\u00ebnshkruar Memorandumi i Mir\u00ebkuptimit nd\u00ebrmjet Komisionit Shtet\u00ebror t\u00eb Zgjedhjeve dhe Misionit\",\"breadcrumb\":{\"@id\":\"https:\/\/www.sec.mk\/sq\/nenshkruhet-memorandum-mirekuptimi-midis-komisionit-shteteror-zgjedhor-dhe-osbe-se\/#breadcrumb\"},\"inLanguage\":\"sq\",\"potentialAction\":[{\"@type\":\"ReadAction\",\"target\":[\"https:\/\/www.sec.mk\/sq\/nenshkruhet-memorandum-mirekuptimi-midis-komisionit-shteteror-zgjedhor-dhe-osbe-se\/\"]}]},{\"@type\":\"ImageObject\",\"inLanguage\":\"sq\",\"@id\":\"https:\/\/www.sec.mk\/sq\/nenshkruhet-memorandum-mirekuptimi-midis-komisionit-shteteror-zgjedhor-dhe-osbe-se\/#primaryimage\",\"url\":\"https:\/\/www.sec.mk\/wp-content\/uploads\/2023\/07\/\u0441\u043b\u0438\u043a\u0430-1.jpg\",\"contentUrl\":\"https:\/\/www.sec.mk\/wp-content\/uploads\/2023\/07\/\u0441\u043b\u0438\u043a\u0430-1.jpg\",\"width\":1024,\"height\":648},{\"@type\":\"BreadcrumbList\",\"@id\":\"https:\/\/www.sec.mk\/sq\/nenshkruhet-memorandum-mirekuptimi-midis-komisionit-shteteror-zgjedhor-dhe-osbe-se\/#breadcrumb\",\"itemListElement\":[{\"@type\":\"ListItem\",\"position\":1,\"name\":\"Home\",\"item\":\"https:\/\/www.sec.mk\/sq\/home-alb\/\"},{\"@type\":\"ListItem\",\"position\":2,\"name\":\"N\u00ebnshkruhet memorandum mir\u00ebkuptimi midis Komisionit shtet\u00ebror zgjedhor dhe OSBE-s\u00eb\"}]},{\"@type\":\"WebSite\",\"@id\":\"https:\/\/www.sec.mk\/#website\",\"url\":\"https:\/\/www.sec.mk\/\",\"name\":\"Komisioni Shtet\u00ebror i Zgjedhjeve\",\"description\":\"\",\"potentialAction\":[{\"@type\":\"SearchAction\",\"target\":{\"@type\":\"EntryPoint\",\"urlTemplate\":\"https:\/\/www.sec.mk\/?s={search_term_string}\"},\"query-input\":{\"@type\":\"PropertyValueSpecification\",\"valueRequired\":true,\"valueName\":\"search_term_string\"}}],\"inLanguage\":\"sq\"},{\"@type\":\"Person\",\"@id\":\"https:\/\/www.sec.mk\/#\/schema\/person\/180b99a95caa0823f543ccc771cbb595\",\"name\":\"katerina\",\"image\":{\"@type\":\"ImageObject\",\"inLanguage\":\"sq\",\"@id\":\"https:\/\/www.sec.mk\/#\/schema\/person\/image\/\",\"url\":\"https:\/\/secure.gravatar.com\/avatar\/5cfc365f3132e14b477e0c3cf8010efa73d2d91b0ee4adf8fa2429ddecf4a541?s=96&d=mm&r=g\",\"contentUrl\":\"https:\/\/secure.gravatar.com\/avatar\/5cfc365f3132e14b477e0c3cf8010efa73d2d91b0ee4adf8fa2429ddecf4a541?s=96&d=mm&r=g\",\"caption\":\"katerina\"}}]}<\/script>\n<!-- \/ Yoast SEO plugin. -->","yoast_head_json":{"title":"N\u00ebnshkruhet memorandum mir\u00ebkuptimi midis Komisionit shtet\u00ebror zgjedhor dhe OSBE-s\u00eb - Komisioni Shtet\u00ebror i Zgjedhjeve","description":"N\u00eb hap\u00ebsirat e Komisionit Shtet\u00ebror t\u00eb Zgjedhjeve sot \u00ebsht\u00eb n\u00ebnshkruar Memorandumi i Mir\u00ebkuptimit nd\u00ebrmjet Komisionit Shtet\u00ebror t\u00eb Zgjedhjeve dhe Misionit","robots":{"index":"index","follow":"follow","max-snippet":"max-snippet:-1","max-image-preview":"max-image-preview:large","max-video-preview":"max-video-preview:-1"},"canonical":"https:\/\/www.sec.mk\/sq\/nenshkruhet-memorandum-mirekuptimi-midis-komisionit-shteteror-zgjedhor-dhe-osbe-se\/","og_locale":"sq_AL","og_type":"article","og_title":"N\u00ebnshkruhet memorandum mir\u00ebkuptimi midis Komisionit shtet\u00ebror zgjedhor dhe OSBE-s\u00eb - Komisioni Shtet\u00ebror i Zgjedhjeve","og_description":"N\u00eb hap\u00ebsirat e Komisionit Shtet\u00ebror t\u00eb Zgjedhjeve sot \u00ebsht\u00eb n\u00ebnshkruar Memorandumi i Mir\u00ebkuptimit nd\u00ebrmjet Komisionit Shtet\u00ebror t\u00eb Zgjedhjeve dhe Misionit","og_url":"https:\/\/www.sec.mk\/sq\/nenshkruhet-memorandum-mirekuptimi-midis-komisionit-shteteror-zgjedhor-dhe-osbe-se\/","og_site_name":"Komisioni Shtet\u00ebror i Zgjedhjeve","article_published_time":"2023-07-17T14:08:08+00:00","article_modified_time":"2023-07-18T08:36:56+00:00","og_image":[{"width":1024,"height":648,"url":"http:\/\/www.sec.mk\/wp-content\/uploads\/2023\/07\/\u0441\u043b\u0438\u043a\u0430-1.jpg","type":"image\/jpeg"}],"author":"katerina","twitter_card":"summary_large_image","twitter_misc":{"Written by":"katerina","Est. reading time":"2 minuta"},"schema":{"@context":"https:\/\/schema.org","@graph":[{"@type":"WebPage","@id":"https:\/\/www.sec.mk\/sq\/nenshkruhet-memorandum-mirekuptimi-midis-komisionit-shteteror-zgjedhor-dhe-osbe-se\/","url":"https:\/\/www.sec.mk\/sq\/nenshkruhet-memorandum-mirekuptimi-midis-komisionit-shteteror-zgjedhor-dhe-osbe-se\/","name":"N\u00ebnshkruhet memorandum mir\u00ebkuptimi midis Komisionit shtet\u00ebror zgjedhor dhe OSBE-s\u00eb - Komisioni Shtet\u00ebror i Zgjedhjeve","isPartOf":{"@id":"https:\/\/www.sec.mk\/#website"},"primaryImageOfPage":{"@id":"https:\/\/www.sec.mk\/sq\/nenshkruhet-memorandum-mirekuptimi-midis-komisionit-shteteror-zgjedhor-dhe-osbe-se\/#primaryimage"},"image":{"@id":"https:\/\/www.sec.mk\/sq\/nenshkruhet-memorandum-mirekuptimi-midis-komisionit-shteteror-zgjedhor-dhe-osbe-se\/#primaryimage"},"thumbnailUrl":"https:\/\/www.sec.mk\/wp-content\/uploads\/2023\/07\/\u0441\u043b\u0438\u043a\u0430-1.jpg","datePublished":"2023-07-17T14:08:08+00:00","dateModified":"2023-07-18T08:36:56+00:00","author":{"@id":"https:\/\/www.sec.mk\/#\/schema\/person\/180b99a95caa0823f543ccc771cbb595"},"description":"N\u00eb hap\u00ebsirat e Komisionit Shtet\u00ebror t\u00eb Zgjedhjeve sot \u00ebsht\u00eb n\u00ebnshkruar Memorandumi i Mir\u00ebkuptimit nd\u00ebrmjet Komisionit Shtet\u00ebror t\u00eb Zgjedhjeve dhe Misionit","breadcrumb":{"@id":"https:\/\/www.sec.mk\/sq\/nenshkruhet-memorandum-mirekuptimi-midis-komisionit-shteteror-zgjedhor-dhe-osbe-se\/#breadcrumb"},"inLanguage":"sq","potentialAction":[{"@type":"ReadAction","target":["https:\/\/www.sec.mk\/sq\/nenshkruhet-memorandum-mirekuptimi-midis-komisionit-shteteror-zgjedhor-dhe-osbe-se\/"]}]},{"@type":"ImageObject","inLanguage":"sq","@id":"https:\/\/www.sec.mk\/sq\/nenshkruhet-memorandum-mirekuptimi-midis-komisionit-shteteror-zgjedhor-dhe-osbe-se\/#primaryimage","url":"https:\/\/www.sec.mk\/wp-content\/uploads\/2023\/07\/\u0441\u043b\u0438\u043a\u0430-1.jpg","contentUrl":"https:\/\/www.sec.mk\/wp-content\/uploads\/2023\/07\/\u0441\u043b\u0438\u043a\u0430-1.jpg","width":1024,"height":648},{"@type":"BreadcrumbList","@id":"https:\/\/www.sec.mk\/sq\/nenshkruhet-memorandum-mirekuptimi-midis-komisionit-shteteror-zgjedhor-dhe-osbe-se\/#breadcrumb","itemListElement":[{"@type":"ListItem","position":1,"name":"Home","item":"https:\/\/www.sec.mk\/sq\/home-alb\/"},{"@type":"ListItem","position":2,"name":"N\u00ebnshkruhet memorandum mir\u00ebkuptimi midis Komisionit shtet\u00ebror zgjedhor dhe OSBE-s\u00eb"}]},{"@type":"WebSite","@id":"https:\/\/www.sec.mk\/#website","url":"https:\/\/www.sec.mk\/","name":"Komisioni Shtet\u00ebror i Zgjedhjeve","description":"","potentialAction":[{"@type":"SearchAction","target":{"@type":"EntryPoint","urlTemplate":"https:\/\/www.sec.mk\/?s={search_term_string}"},"query-input":{"@type":"PropertyValueSpecification","valueRequired":true,"valueName":"search_term_string"}}],"inLanguage":"sq"},{"@type":"Person","@id":"https:\/\/www.sec.mk\/#\/schema\/person\/180b99a95caa0823f543ccc771cbb595","name":"katerina","image":{"@type":"ImageObject","inLanguage":"sq","@id":"https:\/\/www.sec.mk\/#\/schema\/person\/image\/","url":"https:\/\/secure.gravatar.com\/avatar\/5cfc365f3132e14b477e0c3cf8010efa73d2d91b0ee4adf8fa2429ddecf4a541?s=96&d=mm&r=g","contentUrl":"https:\/\/secure.gravatar.com\/avatar\/5cfc365f3132e14b477e0c3cf8010efa73d2d91b0ee4adf8fa2429ddecf4a541?s=96&d=mm&r=g","caption":"katerina"}}]}},"_links":{"self":[{"href":"https:\/\/www.sec.mk\/sq\/wp-json\/wp\/v2\/posts\/39082","targetHints":{"allow":["GET"]}}],"collection":[{"href":"https:\/\/www.sec.mk\/sq\/wp-json\/wp\/v2\/posts"}],"about":[{"href":"https:\/\/www.sec.mk\/sq\/wp-json\/wp\/v2\/types\/post"}],"author":[{"embeddable":true,"href":"https:\/\/www.sec.mk\/sq\/wp-json\/wp\/v2\/users\/3"}],"replies":[{"embeddable":true,"href":"https:\/\/www.sec.mk\/sq\/wp-json\/wp\/v2\/comments?post=39082"}],"version-history":[{"count":5,"href":"https:\/\/www.sec.mk\/sq\/wp-json\/wp\/v2\/posts\/39082\/revisions"}],"predecessor-version":[{"id":39097,"href":"https:\/\/www.sec.mk\/sq\/wp-json\/wp\/v2\/posts\/39082\/revisions\/39097"}],"wp:featuredmedia":[{"embeddable":true,"href":"https:\/\/www.sec.mk\/sq\/wp-json\/wp\/v2\/media\/39086"}],"wp:attachment":[{"href":"https:\/\/www.sec.mk\/sq\/wp-json\/wp\/v2\/media?parent=39082"}],"wp:term":[{"taxonomy":"category","embeddable":true,"href":"https:\/\/www.sec.mk\/sq\/wp-json\/wp\/v2\/categories?post=39082"},{"taxonomy":"post_tag","embeddable":true,"href":"https:\/\/www.sec.mk\/sq\/wp-json\/wp\/v2\/tags?post=39082"}],"curies":[{"name":"wp","href":"https:\/\/api.w.org\/{rel}","templated":true}]}}