{"id":39317,"date":"2023-11-17T11:34:54","date_gmt":"2023-11-17T10:34:54","guid":{"rendered":"https:\/\/www.sec.mk\/?p=39317"},"modified":"2023-11-17T11:53:04","modified_gmt":"2023-11-17T10:53:04","slug":"takimi-vjetor-i-rrjetit-te-drejtesise-zgjedhore","status":"publish","type":"post","link":"https:\/\/www.sec.mk\/sq\/takimi-vjetor-i-rrjetit-te-drejtesise-zgjedhore\/","title":{"rendered":"Takimi vjetor i rrjetit t\u00eb drejt\u00ebsis\u00eb zgjedhore"},"content":{"rendered":"\n<div class=\"wp-block-image is-style-default\"><figure class=\"aligncenter size-full\"><img decoding=\"async\" width=\"940\" height=\"788\" src=\"http:\/\/www.sec.mk\/wp-content\/uploads\/2023\/11\/\u0424\u043e\u0442\u043e-\u041f\u0430\u0440\u0438\u0437-1.jpg\" alt=\"\" class=\"wp-image-39335\" srcset=\"https:\/\/www.sec.mk\/wp-content\/uploads\/2023\/11\/\u0424\u043e\u0442\u043e-\u041f\u0430\u0440\u0438\u0437-1.jpg 940w, https:\/\/www.sec.mk\/wp-content\/uploads\/2023\/11\/\u0424\u043e\u0442\u043e-\u041f\u0430\u0440\u0438\u0437-1-300x251.jpg 300w, https:\/\/www.sec.mk\/wp-content\/uploads\/2023\/11\/\u0424\u043e\u0442\u043e-\u041f\u0430\u0440\u0438\u0437-1-705x591.jpg 705w\" sizes=\"(max-width: 940px) 100vw, 940px\" \/><\/figure><\/div>\n\n\n\n<p>Komisioni Shtet\u00ebror Zgjedhor mori pjes\u00eb n\u00eb takimin vjetor t\u00eb Rrjetit t\u00eb Drejt\u00ebsis\u00eb Zgjedhore, i cili u mbajt n\u00eb Paris n\u00eb 17 tetorit.<\/p>\n\n\n\n<p>N\u00eb takim u diskutua p\u00ebr sfidat me t\u00eb cilat p\u00ebrballen autoritetet zgjedhore dhe gjykatat administrative n\u00eb ruajtjen e integritetit t\u00eb zgjedhjeve, si dhe r\u00ebnd\u00ebsin\u00eb e transparenc\u00ebs n\u00eb financimin e fushatave zgjedhore.<\/p>\n\n\n\n<p class=\"has-text-align-center\"><strong>KOMISIONI SHTET\u00cbROR I ZGJEDHJEVE<\/strong><\/p>\n\n\n\n<p><\/p>\n\n\n\n<figure class=\"wp-block-table\"><table><tbody><tr><td><\/td><\/tr><\/tbody><\/table><\/figure>\n","protected":false},"excerpt":{"rendered":"<p>Komisioni Shtet\u00ebror Zgjedhor mori pjes\u00eb n\u00eb takimin vjetor t\u00eb Rrjetit t\u00eb Drejt\u00ebsis\u00eb Zgjedhore, i cili u mbajt n\u00eb Paris n\u00eb 17 tetorit. N\u00eb takim u diskutua p\u00ebr sfidat me t\u00eb [&hellip;]<\/p>\n","protected":false},"author":3,"featured_media":39320,"comment_status":"closed","ping_status":"closed","sticky":false,"template":"","format":"standard","meta":{"footnotes":""},"categories":[23,21],"tags":[],"class_list":["post-39317","post","type-post","status-publish","format-standard","has-post-thumbnail","hentry","category-njoftime","category-risi"],"yoast_head":"<!-- This site is optimized with the Yoast SEO plugin v26.2 - https:\/\/yoast.com\/wordpress\/plugins\/seo\/ -->\n<title>Takimi vjetor i rrjetit t\u00eb drejt\u00ebsis\u00eb zgjedhore - Komisioni Shtet\u00ebror i Zgjedhjeve<\/title>\n<meta name=\"description\" content=\"Komisioni Shtet\u00ebror Zgjedhor mori pjes\u00eb n\u00eb takimin vjetor t\u00eb Rrjetit t\u00eb Drejt\u00ebsis\u00eb Zgjedhore, i cili u mbajt n\u00eb Paris n\u00eb 17 tetorit. N\u00eb takim u diskutua\" \/>\n<meta name=\"robots\" content=\"index, follow, max-snippet:-1, max-image-preview:large, max-video-preview:-1\" \/>\n<link rel=\"canonical\" href=\"https:\/\/www.sec.mk\/sq\/takimi-vjetor-i-rrjetit-te-drejtesise-zgjedhore\/\" \/>\n<meta property=\"og:locale\" content=\"sq_AL\" \/>\n<meta property=\"og:type\" content=\"article\" \/>\n<meta property=\"og:title\" content=\"Takimi vjetor i rrjetit t\u00eb drejt\u00ebsis\u00eb zgjedhore - Komisioni Shtet\u00ebror i Zgjedhjeve\" \/>\n<meta property=\"og:description\" content=\"Komisioni Shtet\u00ebror Zgjedhor mori pjes\u00eb n\u00eb takimin vjetor t\u00eb Rrjetit t\u00eb Drejt\u00ebsis\u00eb Zgjedhore, i cili u mbajt n\u00eb Paris n\u00eb 17 tetorit. N\u00eb takim u diskutua\" \/>\n<meta property=\"og:url\" content=\"https:\/\/www.sec.mk\/sq\/takimi-vjetor-i-rrjetit-te-drejtesise-zgjedhore\/\" \/>\n<meta property=\"og:site_name\" content=\"Komisioni Shtet\u00ebror i Zgjedhjeve\" \/>\n<meta property=\"article:published_time\" content=\"2023-11-17T10:34:54+00:00\" \/>\n<meta property=\"article:modified_time\" content=\"2023-11-17T10:53:04+00:00\" \/>\n<meta property=\"og:image\" content=\"http:\/\/www.sec.mk\/wp-content\/uploads\/2023\/11\/\u0424\u043e\u0442\u043e-\u041f\u0430\u0440\u0438\u0437-e1700217925510.jpg\" \/>\n\t<meta property=\"og:image:width\" content=\"940\" \/>\n\t<meta property=\"og:image:height\" content=\"788\" \/>\n\t<meta property=\"og:image:type\" content=\"image\/jpeg\" \/>\n<meta name=\"author\" content=\"katerina\" \/>\n<meta name=\"twitter:card\" content=\"summary_large_image\" \/>\n<meta name=\"twitter:label1\" content=\"Written by\" \/>\n\t<meta name=\"twitter:data1\" content=\"katerina\" \/>\n\t<meta name=\"twitter:label2\" content=\"Est. reading time\" \/>\n\t<meta name=\"twitter:data2\" content=\"1 minut\u00eb\" \/>\n<script type=\"application\/ld+json\" class=\"yoast-schema-graph\">{\"@context\":\"https:\/\/schema.org\",\"@graph\":[{\"@type\":\"WebPage\",\"@id\":\"https:\/\/www.sec.mk\/sq\/takimi-vjetor-i-rrjetit-te-drejtesise-zgjedhore\/\",\"url\":\"https:\/\/www.sec.mk\/sq\/takimi-vjetor-i-rrjetit-te-drejtesise-zgjedhore\/\",\"name\":\"Takimi vjetor i rrjetit t\u00eb drejt\u00ebsis\u00eb zgjedhore - Komisioni Shtet\u00ebror i Zgjedhjeve\",\"isPartOf\":{\"@id\":\"https:\/\/www.sec.mk\/#website\"},\"primaryImageOfPage\":{\"@id\":\"https:\/\/www.sec.mk\/sq\/takimi-vjetor-i-rrjetit-te-drejtesise-zgjedhore\/#primaryimage\"},\"image\":{\"@id\":\"https:\/\/www.sec.mk\/sq\/takimi-vjetor-i-rrjetit-te-drejtesise-zgjedhore\/#primaryimage\"},\"thumbnailUrl\":\"https:\/\/www.sec.mk\/wp-content\/uploads\/2023\/11\/\u0424\u043e\u0442\u043e-\u041f\u0430\u0440\u0438\u0437-e1700217925510.jpg\",\"datePublished\":\"2023-11-17T10:34:54+00:00\",\"dateModified\":\"2023-11-17T10:53:04+00:00\",\"author\":{\"@id\":\"https:\/\/www.sec.mk\/#\/schema\/person\/180b99a95caa0823f543ccc771cbb595\"},\"description\":\"Komisioni Shtet\u00ebror Zgjedhor mori pjes\u00eb n\u00eb takimin vjetor t\u00eb Rrjetit t\u00eb Drejt\u00ebsis\u00eb Zgjedhore, i cili u mbajt n\u00eb Paris n\u00eb 17 tetorit. N\u00eb takim u diskutua\",\"breadcrumb\":{\"@id\":\"https:\/\/www.sec.mk\/sq\/takimi-vjetor-i-rrjetit-te-drejtesise-zgjedhore\/#breadcrumb\"},\"inLanguage\":\"sq\",\"potentialAction\":[{\"@type\":\"ReadAction\",\"target\":[\"https:\/\/www.sec.mk\/sq\/takimi-vjetor-i-rrjetit-te-drejtesise-zgjedhore\/\"]}]},{\"@type\":\"ImageObject\",\"inLanguage\":\"sq\",\"@id\":\"https:\/\/www.sec.mk\/sq\/takimi-vjetor-i-rrjetit-te-drejtesise-zgjedhore\/#primaryimage\",\"url\":\"https:\/\/www.sec.mk\/wp-content\/uploads\/2023\/11\/\u0424\u043e\u0442\u043e-\u041f\u0430\u0440\u0438\u0437-e1700217925510.jpg\",\"contentUrl\":\"https:\/\/www.sec.mk\/wp-content\/uploads\/2023\/11\/\u0424\u043e\u0442\u043e-\u041f\u0430\u0440\u0438\u0437-e1700217925510.jpg\",\"width\":940,\"height\":788},{\"@type\":\"BreadcrumbList\",\"@id\":\"https:\/\/www.sec.mk\/sq\/takimi-vjetor-i-rrjetit-te-drejtesise-zgjedhore\/#breadcrumb\",\"itemListElement\":[{\"@type\":\"ListItem\",\"position\":1,\"name\":\"Home\",\"item\":\"https:\/\/www.sec.mk\/sq\/home-alb\/\"},{\"@type\":\"ListItem\",\"position\":2,\"name\":\"Takimi vjetor i rrjetit t\u00eb drejt\u00ebsis\u00eb zgjedhore\"}]},{\"@type\":\"WebSite\",\"@id\":\"https:\/\/www.sec.mk\/#website\",\"url\":\"https:\/\/www.sec.mk\/\",\"name\":\"Komisioni Shtet\u00ebror i Zgjedhjeve\",\"description\":\"\",\"potentialAction\":[{\"@type\":\"SearchAction\",\"target\":{\"@type\":\"EntryPoint\",\"urlTemplate\":\"https:\/\/www.sec.mk\/?s={search_term_string}\"},\"query-input\":{\"@type\":\"PropertyValueSpecification\",\"valueRequired\":true,\"valueName\":\"search_term_string\"}}],\"inLanguage\":\"sq\"},{\"@type\":\"Person\",\"@id\":\"https:\/\/www.sec.mk\/#\/schema\/person\/180b99a95caa0823f543ccc771cbb595\",\"name\":\"katerina\",\"image\":{\"@type\":\"ImageObject\",\"inLanguage\":\"sq\",\"@id\":\"https:\/\/www.sec.mk\/#\/schema\/person\/image\/\",\"url\":\"https:\/\/secure.gravatar.com\/avatar\/5cfc365f3132e14b477e0c3cf8010efa73d2d91b0ee4adf8fa2429ddecf4a541?s=96&d=mm&r=g\",\"contentUrl\":\"https:\/\/secure.gravatar.com\/avatar\/5cfc365f3132e14b477e0c3cf8010efa73d2d91b0ee4adf8fa2429ddecf4a541?s=96&d=mm&r=g\",\"caption\":\"katerina\"}}]}<\/script>\n<!-- \/ Yoast SEO plugin. -->","yoast_head_json":{"title":"Takimi vjetor i rrjetit t\u00eb drejt\u00ebsis\u00eb zgjedhore - Komisioni Shtet\u00ebror i Zgjedhjeve","description":"Komisioni Shtet\u00ebror Zgjedhor mori pjes\u00eb n\u00eb takimin vjetor t\u00eb Rrjetit t\u00eb Drejt\u00ebsis\u00eb Zgjedhore, i cili u mbajt n\u00eb Paris n\u00eb 17 tetorit. N\u00eb takim u diskutua","robots":{"index":"index","follow":"follow","max-snippet":"max-snippet:-1","max-image-preview":"max-image-preview:large","max-video-preview":"max-video-preview:-1"},"canonical":"https:\/\/www.sec.mk\/sq\/takimi-vjetor-i-rrjetit-te-drejtesise-zgjedhore\/","og_locale":"sq_AL","og_type":"article","og_title":"Takimi vjetor i rrjetit t\u00eb drejt\u00ebsis\u00eb zgjedhore - Komisioni Shtet\u00ebror i Zgjedhjeve","og_description":"Komisioni Shtet\u00ebror Zgjedhor mori pjes\u00eb n\u00eb takimin vjetor t\u00eb Rrjetit t\u00eb Drejt\u00ebsis\u00eb Zgjedhore, i cili u mbajt n\u00eb Paris n\u00eb 17 tetorit. N\u00eb takim u diskutua","og_url":"https:\/\/www.sec.mk\/sq\/takimi-vjetor-i-rrjetit-te-drejtesise-zgjedhore\/","og_site_name":"Komisioni Shtet\u00ebror i Zgjedhjeve","article_published_time":"2023-11-17T10:34:54+00:00","article_modified_time":"2023-11-17T10:53:04+00:00","og_image":[{"width":940,"height":788,"url":"http:\/\/www.sec.mk\/wp-content\/uploads\/2023\/11\/\u0424\u043e\u0442\u043e-\u041f\u0430\u0440\u0438\u0437-e1700217925510.jpg","type":"image\/jpeg"}],"author":"katerina","twitter_card":"summary_large_image","twitter_misc":{"Written by":"katerina","Est. reading time":"1 minut\u00eb"},"schema":{"@context":"https:\/\/schema.org","@graph":[{"@type":"WebPage","@id":"https:\/\/www.sec.mk\/sq\/takimi-vjetor-i-rrjetit-te-drejtesise-zgjedhore\/","url":"https:\/\/www.sec.mk\/sq\/takimi-vjetor-i-rrjetit-te-drejtesise-zgjedhore\/","name":"Takimi vjetor i rrjetit t\u00eb drejt\u00ebsis\u00eb zgjedhore - Komisioni Shtet\u00ebror i Zgjedhjeve","isPartOf":{"@id":"https:\/\/www.sec.mk\/#website"},"primaryImageOfPage":{"@id":"https:\/\/www.sec.mk\/sq\/takimi-vjetor-i-rrjetit-te-drejtesise-zgjedhore\/#primaryimage"},"image":{"@id":"https:\/\/www.sec.mk\/sq\/takimi-vjetor-i-rrjetit-te-drejtesise-zgjedhore\/#primaryimage"},"thumbnailUrl":"https:\/\/www.sec.mk\/wp-content\/uploads\/2023\/11\/\u0424\u043e\u0442\u043e-\u041f\u0430\u0440\u0438\u0437-e1700217925510.jpg","datePublished":"2023-11-17T10:34:54+00:00","dateModified":"2023-11-17T10:53:04+00:00","author":{"@id":"https:\/\/www.sec.mk\/#\/schema\/person\/180b99a95caa0823f543ccc771cbb595"},"description":"Komisioni Shtet\u00ebror Zgjedhor mori pjes\u00eb n\u00eb takimin vjetor t\u00eb Rrjetit t\u00eb Drejt\u00ebsis\u00eb Zgjedhore, i cili u mbajt n\u00eb Paris n\u00eb 17 tetorit. N\u00eb takim u diskutua","breadcrumb":{"@id":"https:\/\/www.sec.mk\/sq\/takimi-vjetor-i-rrjetit-te-drejtesise-zgjedhore\/#breadcrumb"},"inLanguage":"sq","potentialAction":[{"@type":"ReadAction","target":["https:\/\/www.sec.mk\/sq\/takimi-vjetor-i-rrjetit-te-drejtesise-zgjedhore\/"]}]},{"@type":"ImageObject","inLanguage":"sq","@id":"https:\/\/www.sec.mk\/sq\/takimi-vjetor-i-rrjetit-te-drejtesise-zgjedhore\/#primaryimage","url":"https:\/\/www.sec.mk\/wp-content\/uploads\/2023\/11\/\u0424\u043e\u0442\u043e-\u041f\u0430\u0440\u0438\u0437-e1700217925510.jpg","contentUrl":"https:\/\/www.sec.mk\/wp-content\/uploads\/2023\/11\/\u0424\u043e\u0442\u043e-\u041f\u0430\u0440\u0438\u0437-e1700217925510.jpg","width":940,"height":788},{"@type":"BreadcrumbList","@id":"https:\/\/www.sec.mk\/sq\/takimi-vjetor-i-rrjetit-te-drejtesise-zgjedhore\/#breadcrumb","itemListElement":[{"@type":"ListItem","position":1,"name":"Home","item":"https:\/\/www.sec.mk\/sq\/home-alb\/"},{"@type":"ListItem","position":2,"name":"Takimi vjetor i rrjetit t\u00eb drejt\u00ebsis\u00eb zgjedhore"}]},{"@type":"WebSite","@id":"https:\/\/www.sec.mk\/#website","url":"https:\/\/www.sec.mk\/","name":"Komisioni Shtet\u00ebror i Zgjedhjeve","description":"","potentialAction":[{"@type":"SearchAction","target":{"@type":"EntryPoint","urlTemplate":"https:\/\/www.sec.mk\/?s={search_term_string}"},"query-input":{"@type":"PropertyValueSpecification","valueRequired":true,"valueName":"search_term_string"}}],"inLanguage":"sq"},{"@type":"Person","@id":"https:\/\/www.sec.mk\/#\/schema\/person\/180b99a95caa0823f543ccc771cbb595","name":"katerina","image":{"@type":"ImageObject","inLanguage":"sq","@id":"https:\/\/www.sec.mk\/#\/schema\/person\/image\/","url":"https:\/\/secure.gravatar.com\/avatar\/5cfc365f3132e14b477e0c3cf8010efa73d2d91b0ee4adf8fa2429ddecf4a541?s=96&d=mm&r=g","contentUrl":"https:\/\/secure.gravatar.com\/avatar\/5cfc365f3132e14b477e0c3cf8010efa73d2d91b0ee4adf8fa2429ddecf4a541?s=96&d=mm&r=g","caption":"katerina"}}]}},"_links":{"self":[{"href":"https:\/\/www.sec.mk\/sq\/wp-json\/wp\/v2\/posts\/39317","targetHints":{"allow":["GET"]}}],"collection":[{"href":"https:\/\/www.sec.mk\/sq\/wp-json\/wp\/v2\/posts"}],"about":[{"href":"https:\/\/www.sec.mk\/sq\/wp-json\/wp\/v2\/types\/post"}],"author":[{"embeddable":true,"href":"https:\/\/www.sec.mk\/sq\/wp-json\/wp\/v2\/users\/3"}],"replies":[{"embeddable":true,"href":"https:\/\/www.sec.mk\/sq\/wp-json\/wp\/v2\/comments?post=39317"}],"version-history":[{"count":5,"href":"https:\/\/www.sec.mk\/sq\/wp-json\/wp\/v2\/posts\/39317\/revisions"}],"predecessor-version":[{"id":39341,"href":"https:\/\/www.sec.mk\/sq\/wp-json\/wp\/v2\/posts\/39317\/revisions\/39341"}],"wp:featuredmedia":[{"embeddable":true,"href":"https:\/\/www.sec.mk\/sq\/wp-json\/wp\/v2\/media\/39320"}],"wp:attachment":[{"href":"https:\/\/www.sec.mk\/sq\/wp-json\/wp\/v2\/media?parent=39317"}],"wp:term":[{"taxonomy":"category","embeddable":true,"href":"https:\/\/www.sec.mk\/sq\/wp-json\/wp\/v2\/categories?post=39317"},{"taxonomy":"post_tag","embeddable":true,"href":"https:\/\/www.sec.mk\/sq\/wp-json\/wp\/v2\/tags?post=39317"}],"curies":[{"name":"wp","href":"https:\/\/api.w.org\/{rel}","templated":true}]}}