{"id":39347,"date":"2023-11-17T13:02:06","date_gmt":"2023-11-17T12:02:06","guid":{"rendered":"https:\/\/www.sec.mk\/?p=39347"},"modified":"2023-11-17T13:15:36","modified_gmt":"2023-11-17T12:15:36","slug":"kuvendi-i-pergjithshem-dhe-konferenca-plenare-e-wem-international","status":"publish","type":"post","link":"https:\/\/www.sec.mk\/sq\/kuvendi-i-pergjithshem-dhe-konferenca-plenare-e-wem-international\/","title":{"rendered":"Kuvendi i p\u00ebrgjithsh\u00ebm dhe konferenca plenare e WEM-International"},"content":{"rendered":"\n<p>Asambleja e P\u00ebrgjithshme dhe Konferenca Plenare e Shoqat\u00ebs Nd\u00ebrkomb\u00ebtare t\u00eb Grave p\u00ebr Administrimin Zgjedhor (WEM-International) u mbajt n\u00eb Prag\u00eb, Republika \u00c7eke, m\u00eb 8-9 n\u00ebntor 2023.<\/p>\n\n\n\n<p>Mbledhja statutore, e organizuar nga IFES Ukraine me mb\u00ebshtetjen e Zyr\u00ebs Rajonale Evropiane t\u00eb IFES, mblodhi s\u00eb bashku p\u00ebrfaq\u00ebsues t\u00eb shquar t\u00eb autoriteteve zgjedhore nga 18 vende t\u00eb bot\u00ebs, duke p\u00ebrfshir\u00eb nj\u00eb p\u00ebrfaq\u00ebsues nga Komisioni Shtet\u00ebror Zgjedhor.<\/p>\n\n\n\n<p>Pjes\u00ebmarr\u00ebsit shk\u00ebmbyen praktikat m\u00eb t\u00eb mira p\u00ebr integrimin e perspektivave gjinore n\u00eb pun\u00ebn e organeve zgjedhore, duke shk\u00ebmbyer p\u00ebrvoja frym\u00ebzuese t\u00eb lidershipit t\u00eb grave n\u00eb administrat\u00ebn zgjedhore. N\u00eb k\u00ebt\u00eb aktivitet an\u00ebtar\u00ebsimit t\u00eb WEM-International iu bashkuan organet e reja zgjedhore dhe u zgjodh Kryesia e Komitetit Ekzekutiv. Pjes\u00ebmarr\u00ebsit bashk\u00ebrisht zhvilluan vizionin strategjik t\u00eb shoqat\u00ebs p\u00ebr dy vitet e ardhshme.<\/p>\n\n\n\n<p>Gjat\u00eb aktivitetit u organizua pun\u00ebtoria &#8220;Aleat\u00ebt p\u00ebr Barazi&#8221; nga RENEWE &#8211; Rrjeti Rajonal Evropian p\u00ebr Fuqizimin e Grave n\u00eb Zgjedhje.<\/p>\n\n\n\n<p>N\u00ebp\u00ebrmjet disa sesioneve interaktive, pjes\u00ebmarr\u00ebsit fituan njohuri dhe aft\u00ebsi p\u00ebr trajtimin e llojeve t\u00eb ndryshme t\u00eb dhun\u00ebs me baz\u00eb gjinore dhe ofrimin e mb\u00ebshtetjes p\u00ebr viktimat e dhun\u00ebs s\u00eb till\u00eb, ve\u00e7an\u00ebrisht n\u00eb hap\u00ebsir\u00ebn online.<\/p>\n\n\n\n<p><\/p>\n\n\n\n<figure class=\"wp-block-gallery columns-5 is-cropped wp-block-gallery-1 is-layout-flex wp-block-gallery-is-layout-flex\"><ul class=\"blocks-gallery-grid\"><li class=\"blocks-gallery-item\"><figure><a href=\"http:\/\/www.sec.mk\/wp-content\/uploads\/2023\/11\/group-photo.jpg\"><img decoding=\"async\" width=\"845\" height=\"684\" src=\"http:\/\/www.sec.mk\/wp-content\/uploads\/2023\/11\/group-photo-845x684.jpg\" alt=\"\" data-id=\"39349\" data-full-url=\"http:\/\/www.sec.mk\/wp-content\/uploads\/2023\/11\/group-photo.jpg\" data-link=\"https:\/\/www.sec.mk\/?attachment_id=39349\" class=\"wp-image-39350\" srcset=\"https:\/\/www.sec.mk\/wp-content\/uploads\/2023\/11\/group-photo-845x684.jpg 845w, https:\/\/www.sec.mk\/wp-content\/uploads\/2023\/11\/group-photo-495x400.jpg 495w\" sizes=\"(max-width: 845px) 100vw, 845px\" \/><\/a><\/figure><\/li><li class=\"blocks-gallery-item\"><figure><a href=\"http:\/\/www.sec.mk\/wp-content\/uploads\/2023\/11\/phot-4.jpg\"><img decoding=\"async\" width=\"845\" height=\"684\" src=\"http:\/\/www.sec.mk\/wp-content\/uploads\/2023\/11\/phot-4-845x684.jpg\" alt=\"\" data-id=\"39351\" data-full-url=\"http:\/\/www.sec.mk\/wp-content\/uploads\/2023\/11\/phot-4.jpg\" data-link=\"https:\/\/www.sec.mk\/?attachment_id=39351\" class=\"wp-image-39352\" srcset=\"https:\/\/www.sec.mk\/wp-content\/uploads\/2023\/11\/phot-4-845x684.jpg 845w, https:\/\/www.sec.mk\/wp-content\/uploads\/2023\/11\/phot-4-495x400.jpg 495w\" sizes=\"(max-width: 845px) 100vw, 845px\" \/><\/a><\/figure><\/li><li class=\"blocks-gallery-item\"><figure><a href=\"http:\/\/www.sec.mk\/wp-content\/uploads\/2023\/11\/photo-1.jpg\"><img decoding=\"async\" width=\"845\" height=\"684\" src=\"http:\/\/www.sec.mk\/wp-content\/uploads\/2023\/11\/photo-1-845x684.jpg\" alt=\"\" data-id=\"39353\" data-full-url=\"http:\/\/www.sec.mk\/wp-content\/uploads\/2023\/11\/photo-1.jpg\" data-link=\"https:\/\/www.sec.mk\/?attachment_id=39353\" class=\"wp-image-39354\" srcset=\"https:\/\/www.sec.mk\/wp-content\/uploads\/2023\/11\/photo-1-845x684.jpg 845w, https:\/\/www.sec.mk\/wp-content\/uploads\/2023\/11\/photo-1-495x400.jpg 495w\" sizes=\"(max-width: 845px) 100vw, 845px\" \/><\/a><\/figure><\/li><li class=\"blocks-gallery-item\"><figure><a href=\"http:\/\/www.sec.mk\/wp-content\/uploads\/2023\/11\/photo-2.jpg\"><img decoding=\"async\" width=\"845\" height=\"684\" src=\"http:\/\/www.sec.mk\/wp-content\/uploads\/2023\/11\/photo-2-845x684.jpg\" alt=\"\" data-id=\"39355\" data-full-url=\"http:\/\/www.sec.mk\/wp-content\/uploads\/2023\/11\/photo-2.jpg\" data-link=\"https:\/\/www.sec.mk\/?attachment_id=39355\" class=\"wp-image-39356\" srcset=\"https:\/\/www.sec.mk\/wp-content\/uploads\/2023\/11\/photo-2-845x684.jpg 845w, https:\/\/www.sec.mk\/wp-content\/uploads\/2023\/11\/photo-2-495x400.jpg 495w\" sizes=\"(max-width: 845px) 100vw, 845px\" \/><\/a><\/figure><\/li><li class=\"blocks-gallery-item\"><figure><a href=\"http:\/\/www.sec.mk\/wp-content\/uploads\/2023\/11\/photo-3.jpg\"><img decoding=\"async\" width=\"845\" height=\"684\" src=\"http:\/\/www.sec.mk\/wp-content\/uploads\/2023\/11\/photo-3-845x684.jpg\" alt=\"\" data-id=\"39357\" data-full-url=\"http:\/\/www.sec.mk\/wp-content\/uploads\/2023\/11\/photo-3.jpg\" data-link=\"https:\/\/www.sec.mk\/?attachment_id=39357\" class=\"wp-image-39358\" srcset=\"https:\/\/www.sec.mk\/wp-content\/uploads\/2023\/11\/photo-3-845x684.jpg 845w, https:\/\/www.sec.mk\/wp-content\/uploads\/2023\/11\/photo-3-495x400.jpg 495w\" sizes=\"(max-width: 845px) 100vw, 845px\" \/><\/a><\/figure><\/li><\/ul><\/figure>\n\n\n\n<p class=\"has-text-align-center\"><strong>KOMISIONI SHTET\u00cbROR I ZGJEDHJEVE<\/strong><\/p>\n","protected":false},"excerpt":{"rendered":"<p>Asambleja e P\u00ebrgjithshme dhe Konferenca Plenare e Shoqat\u00ebs Nd\u00ebrkomb\u00ebtare t\u00eb Grave p\u00ebr Administrimin Zgjedhor (WEM-International) u mbajt n\u00eb Prag\u00eb, Republika \u00c7eke, m\u00eb 8-9 n\u00ebntor 2023. Mbledhja statutore, e organizuar nga [&hellip;]<\/p>\n","protected":false},"author":3,"featured_media":39350,"comment_status":"closed","ping_status":"closed","sticky":false,"template":"","format":"standard","meta":{"footnotes":""},"categories":[23,21],"tags":[],"class_list":["post-39347","post","type-post","status-publish","format-standard","has-post-thumbnail","hentry","category-njoftime","category-risi"],"yoast_head":"<!-- This site is optimized with the Yoast SEO plugin v26.2 - https:\/\/yoast.com\/wordpress\/plugins\/seo\/ -->\n<title>Kuvendi i p\u00ebrgjithsh\u00ebm dhe konferenca plenare e WEM-International - Komisioni Shtet\u00ebror i Zgjedhjeve<\/title>\n<meta name=\"description\" content=\"Asambleja e P\u00ebrgjithshme dhe Konferenca Plenare e Shoqat\u00ebs Nd\u00ebrkomb\u00ebtare t\u00eb Grave p\u00ebr Administrimin Zgjedhor (WEM-International) u mbajt n\u00eb Prag\u00eb,\" \/>\n<meta name=\"robots\" content=\"index, follow, max-snippet:-1, max-image-preview:large, max-video-preview:-1\" \/>\n<link rel=\"canonical\" href=\"https:\/\/www.sec.mk\/sq\/kuvendi-i-pergjithshem-dhe-konferenca-plenare-e-wem-international\/\" \/>\n<meta property=\"og:locale\" content=\"sq_AL\" \/>\n<meta property=\"og:type\" content=\"article\" \/>\n<meta property=\"og:title\" content=\"Kuvendi i p\u00ebrgjithsh\u00ebm dhe konferenca plenare e WEM-International - Komisioni Shtet\u00ebror i Zgjedhjeve\" \/>\n<meta property=\"og:description\" content=\"Asambleja e P\u00ebrgjithshme dhe Konferenca Plenare e Shoqat\u00ebs Nd\u00ebrkomb\u00ebtare t\u00eb Grave p\u00ebr Administrimin Zgjedhor (WEM-International) u mbajt n\u00eb Prag\u00eb,\" \/>\n<meta property=\"og:url\" content=\"https:\/\/www.sec.mk\/sq\/kuvendi-i-pergjithshem-dhe-konferenca-plenare-e-wem-international\/\" \/>\n<meta property=\"og:site_name\" content=\"Komisioni Shtet\u00ebror i Zgjedhjeve\" \/>\n<meta property=\"article:published_time\" content=\"2023-11-17T12:02:06+00:00\" \/>\n<meta property=\"article:modified_time\" content=\"2023-11-17T12:15:36+00:00\" \/>\n<meta property=\"og:image\" content=\"http:\/\/www.sec.mk\/wp-content\/uploads\/2023\/11\/group-photo.jpg\" \/>\n\t<meta property=\"og:image:width\" content=\"1500\" \/>\n\t<meta property=\"og:image:height\" content=\"1000\" \/>\n\t<meta property=\"og:image:type\" content=\"image\/jpeg\" \/>\n<meta name=\"author\" content=\"katerina\" \/>\n<meta name=\"twitter:card\" content=\"summary_large_image\" \/>\n<meta name=\"twitter:label1\" content=\"Written by\" \/>\n\t<meta name=\"twitter:data1\" content=\"katerina\" \/>\n\t<meta name=\"twitter:label2\" content=\"Est. reading time\" \/>\n\t<meta name=\"twitter:data2\" content=\"2 minuta\" \/>\n<script type=\"application\/ld+json\" class=\"yoast-schema-graph\">{\"@context\":\"https:\/\/schema.org\",\"@graph\":[{\"@type\":\"WebPage\",\"@id\":\"https:\/\/www.sec.mk\/sq\/kuvendi-i-pergjithshem-dhe-konferenca-plenare-e-wem-international\/\",\"url\":\"https:\/\/www.sec.mk\/sq\/kuvendi-i-pergjithshem-dhe-konferenca-plenare-e-wem-international\/\",\"name\":\"Kuvendi i p\u00ebrgjithsh\u00ebm dhe konferenca plenare e WEM-International - Komisioni Shtet\u00ebror i Zgjedhjeve\",\"isPartOf\":{\"@id\":\"https:\/\/www.sec.mk\/#website\"},\"primaryImageOfPage\":{\"@id\":\"https:\/\/www.sec.mk\/sq\/kuvendi-i-pergjithshem-dhe-konferenca-plenare-e-wem-international\/#primaryimage\"},\"image\":{\"@id\":\"https:\/\/www.sec.mk\/sq\/kuvendi-i-pergjithshem-dhe-konferenca-plenare-e-wem-international\/#primaryimage\"},\"thumbnailUrl\":\"https:\/\/www.sec.mk\/wp-content\/uploads\/2023\/11\/group-photo.jpg\",\"datePublished\":\"2023-11-17T12:02:06+00:00\",\"dateModified\":\"2023-11-17T12:15:36+00:00\",\"author\":{\"@id\":\"https:\/\/www.sec.mk\/#\/schema\/person\/180b99a95caa0823f543ccc771cbb595\"},\"description\":\"Asambleja e P\u00ebrgjithshme dhe Konferenca Plenare e Shoqat\u00ebs Nd\u00ebrkomb\u00ebtare t\u00eb Grave p\u00ebr Administrimin Zgjedhor (WEM-International) u mbajt n\u00eb Prag\u00eb,\",\"breadcrumb\":{\"@id\":\"https:\/\/www.sec.mk\/sq\/kuvendi-i-pergjithshem-dhe-konferenca-plenare-e-wem-international\/#breadcrumb\"},\"inLanguage\":\"sq\",\"potentialAction\":[{\"@type\":\"ReadAction\",\"target\":[\"https:\/\/www.sec.mk\/sq\/kuvendi-i-pergjithshem-dhe-konferenca-plenare-e-wem-international\/\"]}]},{\"@type\":\"ImageObject\",\"inLanguage\":\"sq\",\"@id\":\"https:\/\/www.sec.mk\/sq\/kuvendi-i-pergjithshem-dhe-konferenca-plenare-e-wem-international\/#primaryimage\",\"url\":\"https:\/\/www.sec.mk\/wp-content\/uploads\/2023\/11\/group-photo.jpg\",\"contentUrl\":\"https:\/\/www.sec.mk\/wp-content\/uploads\/2023\/11\/group-photo.jpg\",\"width\":1500,\"height\":1000},{\"@type\":\"BreadcrumbList\",\"@id\":\"https:\/\/www.sec.mk\/sq\/kuvendi-i-pergjithshem-dhe-konferenca-plenare-e-wem-international\/#breadcrumb\",\"itemListElement\":[{\"@type\":\"ListItem\",\"position\":1,\"name\":\"Home\",\"item\":\"https:\/\/www.sec.mk\/sq\/home-alb\/\"},{\"@type\":\"ListItem\",\"position\":2,\"name\":\"Kuvendi i p\u00ebrgjithsh\u00ebm dhe konferenca plenare e WEM-International\"}]},{\"@type\":\"WebSite\",\"@id\":\"https:\/\/www.sec.mk\/#website\",\"url\":\"https:\/\/www.sec.mk\/\",\"name\":\"Komisioni Shtet\u00ebror i Zgjedhjeve\",\"description\":\"\",\"potentialAction\":[{\"@type\":\"SearchAction\",\"target\":{\"@type\":\"EntryPoint\",\"urlTemplate\":\"https:\/\/www.sec.mk\/?s={search_term_string}\"},\"query-input\":{\"@type\":\"PropertyValueSpecification\",\"valueRequired\":true,\"valueName\":\"search_term_string\"}}],\"inLanguage\":\"sq\"},{\"@type\":\"Person\",\"@id\":\"https:\/\/www.sec.mk\/#\/schema\/person\/180b99a95caa0823f543ccc771cbb595\",\"name\":\"katerina\",\"image\":{\"@type\":\"ImageObject\",\"inLanguage\":\"sq\",\"@id\":\"https:\/\/www.sec.mk\/#\/schema\/person\/image\/\",\"url\":\"https:\/\/secure.gravatar.com\/avatar\/5cfc365f3132e14b477e0c3cf8010efa73d2d91b0ee4adf8fa2429ddecf4a541?s=96&d=mm&r=g\",\"contentUrl\":\"https:\/\/secure.gravatar.com\/avatar\/5cfc365f3132e14b477e0c3cf8010efa73d2d91b0ee4adf8fa2429ddecf4a541?s=96&d=mm&r=g\",\"caption\":\"katerina\"}}]}<\/script>\n<!-- \/ Yoast SEO plugin. -->","yoast_head_json":{"title":"Kuvendi i p\u00ebrgjithsh\u00ebm dhe konferenca plenare e WEM-International - Komisioni Shtet\u00ebror i Zgjedhjeve","description":"Asambleja e P\u00ebrgjithshme dhe Konferenca Plenare e Shoqat\u00ebs Nd\u00ebrkomb\u00ebtare t\u00eb Grave p\u00ebr Administrimin Zgjedhor (WEM-International) u mbajt n\u00eb Prag\u00eb,","robots":{"index":"index","follow":"follow","max-snippet":"max-snippet:-1","max-image-preview":"max-image-preview:large","max-video-preview":"max-video-preview:-1"},"canonical":"https:\/\/www.sec.mk\/sq\/kuvendi-i-pergjithshem-dhe-konferenca-plenare-e-wem-international\/","og_locale":"sq_AL","og_type":"article","og_title":"Kuvendi i p\u00ebrgjithsh\u00ebm dhe konferenca plenare e WEM-International - Komisioni Shtet\u00ebror i Zgjedhjeve","og_description":"Asambleja e P\u00ebrgjithshme dhe Konferenca Plenare e Shoqat\u00ebs Nd\u00ebrkomb\u00ebtare t\u00eb Grave p\u00ebr Administrimin Zgjedhor (WEM-International) u mbajt n\u00eb Prag\u00eb,","og_url":"https:\/\/www.sec.mk\/sq\/kuvendi-i-pergjithshem-dhe-konferenca-plenare-e-wem-international\/","og_site_name":"Komisioni Shtet\u00ebror i Zgjedhjeve","article_published_time":"2023-11-17T12:02:06+00:00","article_modified_time":"2023-11-17T12:15:36+00:00","og_image":[{"width":1500,"height":1000,"url":"http:\/\/www.sec.mk\/wp-content\/uploads\/2023\/11\/group-photo.jpg","type":"image\/jpeg"}],"author":"katerina","twitter_card":"summary_large_image","twitter_misc":{"Written by":"katerina","Est. reading time":"2 minuta"},"schema":{"@context":"https:\/\/schema.org","@graph":[{"@type":"WebPage","@id":"https:\/\/www.sec.mk\/sq\/kuvendi-i-pergjithshem-dhe-konferenca-plenare-e-wem-international\/","url":"https:\/\/www.sec.mk\/sq\/kuvendi-i-pergjithshem-dhe-konferenca-plenare-e-wem-international\/","name":"Kuvendi i p\u00ebrgjithsh\u00ebm dhe konferenca plenare e WEM-International - Komisioni Shtet\u00ebror i Zgjedhjeve","isPartOf":{"@id":"https:\/\/www.sec.mk\/#website"},"primaryImageOfPage":{"@id":"https:\/\/www.sec.mk\/sq\/kuvendi-i-pergjithshem-dhe-konferenca-plenare-e-wem-international\/#primaryimage"},"image":{"@id":"https:\/\/www.sec.mk\/sq\/kuvendi-i-pergjithshem-dhe-konferenca-plenare-e-wem-international\/#primaryimage"},"thumbnailUrl":"https:\/\/www.sec.mk\/wp-content\/uploads\/2023\/11\/group-photo.jpg","datePublished":"2023-11-17T12:02:06+00:00","dateModified":"2023-11-17T12:15:36+00:00","author":{"@id":"https:\/\/www.sec.mk\/#\/schema\/person\/180b99a95caa0823f543ccc771cbb595"},"description":"Asambleja e P\u00ebrgjithshme dhe Konferenca Plenare e Shoqat\u00ebs Nd\u00ebrkomb\u00ebtare t\u00eb Grave p\u00ebr Administrimin Zgjedhor (WEM-International) u mbajt n\u00eb Prag\u00eb,","breadcrumb":{"@id":"https:\/\/www.sec.mk\/sq\/kuvendi-i-pergjithshem-dhe-konferenca-plenare-e-wem-international\/#breadcrumb"},"inLanguage":"sq","potentialAction":[{"@type":"ReadAction","target":["https:\/\/www.sec.mk\/sq\/kuvendi-i-pergjithshem-dhe-konferenca-plenare-e-wem-international\/"]}]},{"@type":"ImageObject","inLanguage":"sq","@id":"https:\/\/www.sec.mk\/sq\/kuvendi-i-pergjithshem-dhe-konferenca-plenare-e-wem-international\/#primaryimage","url":"https:\/\/www.sec.mk\/wp-content\/uploads\/2023\/11\/group-photo.jpg","contentUrl":"https:\/\/www.sec.mk\/wp-content\/uploads\/2023\/11\/group-photo.jpg","width":1500,"height":1000},{"@type":"BreadcrumbList","@id":"https:\/\/www.sec.mk\/sq\/kuvendi-i-pergjithshem-dhe-konferenca-plenare-e-wem-international\/#breadcrumb","itemListElement":[{"@type":"ListItem","position":1,"name":"Home","item":"https:\/\/www.sec.mk\/sq\/home-alb\/"},{"@type":"ListItem","position":2,"name":"Kuvendi i p\u00ebrgjithsh\u00ebm dhe konferenca plenare e WEM-International"}]},{"@type":"WebSite","@id":"https:\/\/www.sec.mk\/#website","url":"https:\/\/www.sec.mk\/","name":"Komisioni Shtet\u00ebror i Zgjedhjeve","description":"","potentialAction":[{"@type":"SearchAction","target":{"@type":"EntryPoint","urlTemplate":"https:\/\/www.sec.mk\/?s={search_term_string}"},"query-input":{"@type":"PropertyValueSpecification","valueRequired":true,"valueName":"search_term_string"}}],"inLanguage":"sq"},{"@type":"Person","@id":"https:\/\/www.sec.mk\/#\/schema\/person\/180b99a95caa0823f543ccc771cbb595","name":"katerina","image":{"@type":"ImageObject","inLanguage":"sq","@id":"https:\/\/www.sec.mk\/#\/schema\/person\/image\/","url":"https:\/\/secure.gravatar.com\/avatar\/5cfc365f3132e14b477e0c3cf8010efa73d2d91b0ee4adf8fa2429ddecf4a541?s=96&d=mm&r=g","contentUrl":"https:\/\/secure.gravatar.com\/avatar\/5cfc365f3132e14b477e0c3cf8010efa73d2d91b0ee4adf8fa2429ddecf4a541?s=96&d=mm&r=g","caption":"katerina"}}]}},"_links":{"self":[{"href":"https:\/\/www.sec.mk\/sq\/wp-json\/wp\/v2\/posts\/39347","targetHints":{"allow":["GET"]}}],"collection":[{"href":"https:\/\/www.sec.mk\/sq\/wp-json\/wp\/v2\/posts"}],"about":[{"href":"https:\/\/www.sec.mk\/sq\/wp-json\/wp\/v2\/types\/post"}],"author":[{"embeddable":true,"href":"https:\/\/www.sec.mk\/sq\/wp-json\/wp\/v2\/users\/3"}],"replies":[{"embeddable":true,"href":"https:\/\/www.sec.mk\/sq\/wp-json\/wp\/v2\/comments?post=39347"}],"version-history":[{"count":4,"href":"https:\/\/www.sec.mk\/sq\/wp-json\/wp\/v2\/posts\/39347\/revisions"}],"predecessor-version":[{"id":39368,"href":"https:\/\/www.sec.mk\/sq\/wp-json\/wp\/v2\/posts\/39347\/revisions\/39368"}],"wp:featuredmedia":[{"embeddable":true,"href":"https:\/\/www.sec.mk\/sq\/wp-json\/wp\/v2\/media\/39350"}],"wp:attachment":[{"href":"https:\/\/www.sec.mk\/sq\/wp-json\/wp\/v2\/media?parent=39347"}],"wp:term":[{"taxonomy":"category","embeddable":true,"href":"https:\/\/www.sec.mk\/sq\/wp-json\/wp\/v2\/categories?post=39347"},{"taxonomy":"post_tag","embeddable":true,"href":"https:\/\/www.sec.mk\/sq\/wp-json\/wp\/v2\/tags?post=39347"}],"curies":[{"name":"wp","href":"https:\/\/api.w.org\/{rel}","templated":true}]}}