{"id":39410,"date":"2023-12-06T15:39:13","date_gmt":"2023-12-06T14:39:13","guid":{"rendered":"https:\/\/www.sec.mk\/?p=39410"},"modified":"2023-12-06T15:42:32","modified_gmt":"2023-12-06T14:42:32","slug":"konferenca-nderkombetare-roli-i-qendrave-te-trajnimit-zgjedhor","status":"publish","type":"post","link":"https:\/\/www.sec.mk\/sq\/konferenca-nderkombetare-roli-i-qendrave-te-trajnimit-zgjedhor\/","title":{"rendered":"Konferenca nd\u00ebrkomb\u00ebtare &#8220;Roli i qendrave t\u00eb trajnimit zgjedhor&#8221;"},"content":{"rendered":"\n<p>Organizuar nga K\u00ebshilli i Evrop\u00ebs &#8211; Departamenti p\u00ebr Zgjedhje dhe Pjes\u00ebmarrje demokracis\u00eb , n\u00eb fund t\u00eb n\u00ebntorit u mbajt nj\u00eb nd\u00ebrkomb\u00ebtar n\u00eb Strasburg konferenc\u00eb me tem\u00eb &#8220;Roli i qendrave t\u00eb trajnimit zgjedhor &#8221; n\u00eb p\u00ebrmir\u00ebsimin e proceseve zgjedhore dhe zgjedhjeve.<\/p>\n\n\n\n<p>Gjat\u00eb Konferenc\u00ebs , fol\u00ebsit dhe pjes\u00ebmarr\u00ebsit , nd\u00ebr t\u00eb tjera , ndan\u00eb p\u00ebrvojat e tyre dhe praktikat m\u00eb t\u00eb mira , diskutuan se si t\u00eb mund t\u00eb strukturohej qendrat e trajnimit zgjedhor , cili \u00ebsht\u00eb roli, misioni dhe burimet e tyre. Ata diskutuan gjithashtu r\u00ebnd\u00ebsin\u00eb dhe ndikimin e trajnimeve n\u00eb mjedisin zgjedhor dhe zhvillimin kulturor , si mund t\u00eb zbatohen ato . politikat e trajnimit , sfidat kryesore , tendencat dhe teknologjit\u00eb globale n\u00eb procesin zgjedhor, si dhe shk\u00ebmbimi i perspektivave kryesore p\u00ebr forcimin e bashk\u00ebpunimit n\u00eb k\u00ebto fusha nd\u00ebrmjet shteteve an\u00ebtare t\u00eb K\u00ebshillit t\u00eb Evrop\u00ebs .<\/p>\n\n\n\n<p>Komisioni Shtet\u00ebror i Zgjedhjeve mori pjes\u00eb n\u00eb k\u00ebt\u00eb konferenc\u00eb p\u00ebrmes p\u00ebrfaq\u00ebsuesit t\u00eb tij. P\u00ebrfaq\u00ebsuesi i KSHZ-s\u00eb n\u00eb nj\u00eb seanc\u00eb paneli prezantoi progresin e Komisionit Shtet\u00ebror t\u00eb Zgjedhjeve n\u00eb dy vitet e fundit n\u00eb drejtim t\u00eb themelimit t\u00eb nj\u00eb qendre trajnimi p\u00ebr zgjedhje. N\u00ebp\u00ebrmjet prezantimit, ajo b\u00ebri nj\u00eb pasqyr\u00eb t\u00eb t\u00eb gjith\u00eb procesit, duke filluar nga zbatimi i studimit t\u00eb fizibilitetit, p\u00ebrmes udh\u00ebrr\u00ebfyesit dhe planit t\u00eb veprimit, p\u00ebrgatitjes s\u00eb t\u00eb gjitha dokumenteve t\u00eb nevojshme, deri n\u00eb paraqitjen e amendamenteve t\u00eb propozuara n\u00eb Kodi Zgjedhor, t\u00eb cil\u00ebt parashikojn\u00eb ngritjen e nj\u00eb qendre t\u00eb till\u00eb.<\/p>\n\n\n\n<p>Autoritetet zgjedhore luajn\u00eb nj\u00eb rol ky\u00e7 n\u00eb sigurimin e duhur funksionimin e institucioneve demokratike. Respektimi i parimeve t\u00eb pavar\u00ebsis\u00eb , integritetit, transparenc\u00ebs dhe efikasitetit \u00ebsht\u00eb i nj\u00eb r\u00ebnd\u00ebsie thelb\u00ebsore p\u00ebr ta , s\u00eb bashku me ofrimin e trajnimeve profesionale p\u00ebr an\u00ebtar\u00ebt e administrat\u00ebs zgjedhore dhe pal\u00ebt e tjera t\u00eb interesuara t\u00eb p\u00ebrfshira n\u00eb procesin zgjedhor. Kjo u theksua edhe gjat\u00eb t\u00eb kat\u00ebrtit Samiti i K\u00ebshillit t\u00eb Evrop\u00ebs , ku krer\u00ebt e shteteve theksuan nevoj\u00ebn p\u00ebr rikthimin e besimit n\u00eb proceset zgjedhore dhe zhvillimin e zgjedhjeve sipas standardeve nd\u00ebrkomb\u00ebtare.<\/p>\n\n\n\n<p><\/p>\n\n\n\n<figure class=\"wp-block-gallery columns-4 is-cropped wp-block-gallery-1 is-layout-flex wp-block-gallery-is-layout-flex\"><ul class=\"blocks-gallery-grid\"><li class=\"blocks-gallery-item\"><figure><a href=\"http:\/\/www.sec.mk\/wp-content\/uploads\/2023\/12\/1_54955_0011_S.jpg\"><img decoding=\"async\" width=\"845\" height=\"684\" src=\"http:\/\/www.sec.mk\/wp-content\/uploads\/2023\/12\/1_54955_0011_S-845x684.jpg\" alt=\"\" data-id=\"39412\" data-full-url=\"http:\/\/www.sec.mk\/wp-content\/uploads\/2023\/12\/1_54955_0011_S.jpg\" data-link=\"https:\/\/www.sec.mk\/?attachment_id=39412\" class=\"wp-image-39413\" srcset=\"https:\/\/www.sec.mk\/wp-content\/uploads\/2023\/12\/1_54955_0011_S-845x684.jpg 845w, https:\/\/www.sec.mk\/wp-content\/uploads\/2023\/12\/1_54955_0011_S-495x400.jpg 495w\" sizes=\"(max-width: 845px) 100vw, 845px\" \/><\/a><\/figure><\/li><li class=\"blocks-gallery-item\"><figure><a href=\"http:\/\/www.sec.mk\/wp-content\/uploads\/2023\/12\/1701268638122.jpg\"><img decoding=\"async\" width=\"845\" height=\"684\" src=\"http:\/\/www.sec.mk\/wp-content\/uploads\/2023\/12\/1701268638122-845x684.jpg\" alt=\"\" data-id=\"39416\" data-full-url=\"http:\/\/www.sec.mk\/wp-content\/uploads\/2023\/12\/1701268638122.jpg\" data-link=\"https:\/\/www.sec.mk\/?attachment_id=39416\" class=\"wp-image-39417\" srcset=\"https:\/\/www.sec.mk\/wp-content\/uploads\/2023\/12\/1701268638122-845x684.jpg 845w, https:\/\/www.sec.mk\/wp-content\/uploads\/2023\/12\/1701268638122-495x400.jpg 495w\" sizes=\"(max-width: 845px) 100vw, 845px\" \/><\/a><\/figure><\/li><li class=\"blocks-gallery-item\"><figure><a href=\"http:\/\/www.sec.mk\/wp-content\/uploads\/2023\/12\/20231128_140538-scaled.jpg\"><img decoding=\"async\" width=\"845\" height=\"684\" src=\"https:\/\/www.sec.mk\/wp-content\/uploads\/2023\/12\/20231128_140538-845x684.jpg\" alt=\"\" data-id=\"39414\" data-full-url=\"http:\/\/www.sec.mk\/wp-content\/uploads\/2023\/12\/20231128_140538-scaled.jpg\" data-link=\"https:\/\/www.sec.mk\/?attachment_id=39414\" class=\"wp-image-39414\" srcset=\"https:\/\/www.sec.mk\/wp-content\/uploads\/2023\/12\/20231128_140538-845x684.jpg 845w, https:\/\/www.sec.mk\/wp-content\/uploads\/2023\/12\/20231128_140538-495x400.jpg 495w\" sizes=\"(max-width: 845px) 100vw, 845px\" \/><\/a><\/figure><\/li><li class=\"blocks-gallery-item\"><figure><a href=\"http:\/\/www.sec.mk\/wp-content\/uploads\/2023\/12\/IMG-20231128-WA0010.jpg\"><img decoding=\"async\" width=\"845\" height=\"684\" src=\"http:\/\/www.sec.mk\/wp-content\/uploads\/2023\/12\/IMG-20231128-WA0010-845x684.jpg\" alt=\"\" data-id=\"39418\" data-full-url=\"http:\/\/www.sec.mk\/wp-content\/uploads\/2023\/12\/IMG-20231128-WA0010.jpg\" data-link=\"https:\/\/www.sec.mk\/?attachment_id=39418\" class=\"wp-image-39419\" srcset=\"https:\/\/www.sec.mk\/wp-content\/uploads\/2023\/12\/IMG-20231128-WA0010-845x684.jpg 845w, https:\/\/www.sec.mk\/wp-content\/uploads\/2023\/12\/IMG-20231128-WA0010-495x400.jpg 495w\" sizes=\"(max-width: 845px) 100vw, 845px\" \/><\/a><\/figure><\/li><\/ul><\/figure>\n\n\n\n<p class=\"has-text-align-center\"><strong>KOMISIONI SHTET\u00cbROR I ZGJEDHJEVE<\/strong><\/p>\n","protected":false},"excerpt":{"rendered":"<p>Organizuar nga K\u00ebshilli i Evrop\u00ebs &#8211; Departamenti p\u00ebr Zgjedhje dhe Pjes\u00ebmarrje demokracis\u00eb , n\u00eb fund t\u00eb n\u00ebntorit u mbajt nj\u00eb nd\u00ebrkomb\u00ebtar n\u00eb Strasburg konferenc\u00eb me tem\u00eb &#8220;Roli i qendrave t\u00eb [&hellip;]<\/p>\n","protected":false},"author":3,"featured_media":39413,"comment_status":"closed","ping_status":"closed","sticky":false,"template":"","format":"standard","meta":{"footnotes":""},"categories":[23,21],"tags":[],"class_list":["post-39410","post","type-post","status-publish","format-standard","has-post-thumbnail","hentry","category-njoftime","category-risi"],"yoast_head":"<!-- This site is optimized with the Yoast SEO plugin v26.2 - https:\/\/yoast.com\/wordpress\/plugins\/seo\/ -->\n<title>Konferenca nd\u00ebrkomb\u00ebtare &quot;Roli i qendrave t\u00eb trajnimit zgjedhor&quot; - Komisioni Shtet\u00ebror i Zgjedhjeve<\/title>\n<meta name=\"description\" content=\"Organizuar nga K\u00ebshilli i Evrop\u00ebs - Departamenti p\u00ebr Zgjedhje dhe Pjes\u00ebmarrje demokracis\u00eb , n\u00eb fund t\u00eb n\u00ebntorit u mbajt nj\u00eb nd\u00ebrkomb\u00ebtar n\u00eb Strasburg\" \/>\n<meta name=\"robots\" content=\"index, follow, max-snippet:-1, max-image-preview:large, max-video-preview:-1\" \/>\n<link rel=\"canonical\" href=\"https:\/\/www.sec.mk\/sq\/konferenca-nderkombetare-roli-i-qendrave-te-trajnimit-zgjedhor\/\" \/>\n<meta property=\"og:locale\" content=\"sq_AL\" \/>\n<meta property=\"og:type\" content=\"article\" \/>\n<meta property=\"og:title\" content=\"Konferenca nd\u00ebrkomb\u00ebtare &quot;Roli i qendrave t\u00eb trajnimit zgjedhor&quot; - Komisioni Shtet\u00ebror i Zgjedhjeve\" \/>\n<meta property=\"og:description\" content=\"Organizuar nga K\u00ebshilli i Evrop\u00ebs - Departamenti p\u00ebr Zgjedhje dhe Pjes\u00ebmarrje demokracis\u00eb , n\u00eb fund t\u00eb n\u00ebntorit u mbajt nj\u00eb nd\u00ebrkomb\u00ebtar n\u00eb Strasburg\" \/>\n<meta property=\"og:url\" content=\"https:\/\/www.sec.mk\/sq\/konferenca-nderkombetare-roli-i-qendrave-te-trajnimit-zgjedhor\/\" \/>\n<meta property=\"og:site_name\" content=\"Komisioni Shtet\u00ebror i Zgjedhjeve\" \/>\n<meta property=\"article:published_time\" content=\"2023-12-06T14:39:13+00:00\" \/>\n<meta property=\"article:modified_time\" content=\"2023-12-06T14:42:32+00:00\" \/>\n<meta property=\"og:image\" content=\"http:\/\/www.sec.mk\/wp-content\/uploads\/2023\/12\/1_54955_0011_S.jpg\" \/>\n\t<meta property=\"og:image:width\" content=\"1200\" \/>\n\t<meta property=\"og:image:height\" content=\"798\" \/>\n\t<meta property=\"og:image:type\" content=\"image\/jpeg\" \/>\n<meta name=\"author\" content=\"katerina\" \/>\n<meta name=\"twitter:card\" content=\"summary_large_image\" \/>\n<meta name=\"twitter:label1\" content=\"Written by\" \/>\n\t<meta name=\"twitter:data1\" content=\"katerina\" \/>\n\t<meta name=\"twitter:label2\" content=\"Est. reading time\" \/>\n\t<meta name=\"twitter:data2\" content=\"3 minuta\" \/>\n<script type=\"application\/ld+json\" class=\"yoast-schema-graph\">{\"@context\":\"https:\/\/schema.org\",\"@graph\":[{\"@type\":\"WebPage\",\"@id\":\"https:\/\/www.sec.mk\/sq\/konferenca-nderkombetare-roli-i-qendrave-te-trajnimit-zgjedhor\/\",\"url\":\"https:\/\/www.sec.mk\/sq\/konferenca-nderkombetare-roli-i-qendrave-te-trajnimit-zgjedhor\/\",\"name\":\"Konferenca nd\u00ebrkomb\u00ebtare \\\"Roli i qendrave t\u00eb trajnimit zgjedhor\\\" - Komisioni Shtet\u00ebror i Zgjedhjeve\",\"isPartOf\":{\"@id\":\"https:\/\/www.sec.mk\/#website\"},\"primaryImageOfPage\":{\"@id\":\"https:\/\/www.sec.mk\/sq\/konferenca-nderkombetare-roli-i-qendrave-te-trajnimit-zgjedhor\/#primaryimage\"},\"image\":{\"@id\":\"https:\/\/www.sec.mk\/sq\/konferenca-nderkombetare-roli-i-qendrave-te-trajnimit-zgjedhor\/#primaryimage\"},\"thumbnailUrl\":\"https:\/\/www.sec.mk\/wp-content\/uploads\/2023\/12\/1_54955_0011_S.jpg\",\"datePublished\":\"2023-12-06T14:39:13+00:00\",\"dateModified\":\"2023-12-06T14:42:32+00:00\",\"author\":{\"@id\":\"https:\/\/www.sec.mk\/#\/schema\/person\/180b99a95caa0823f543ccc771cbb595\"},\"description\":\"Organizuar nga K\u00ebshilli i Evrop\u00ebs - Departamenti p\u00ebr Zgjedhje dhe Pjes\u00ebmarrje demokracis\u00eb , n\u00eb fund t\u00eb n\u00ebntorit u mbajt nj\u00eb nd\u00ebrkomb\u00ebtar n\u00eb Strasburg\",\"breadcrumb\":{\"@id\":\"https:\/\/www.sec.mk\/sq\/konferenca-nderkombetare-roli-i-qendrave-te-trajnimit-zgjedhor\/#breadcrumb\"},\"inLanguage\":\"sq\",\"potentialAction\":[{\"@type\":\"ReadAction\",\"target\":[\"https:\/\/www.sec.mk\/sq\/konferenca-nderkombetare-roli-i-qendrave-te-trajnimit-zgjedhor\/\"]}]},{\"@type\":\"ImageObject\",\"inLanguage\":\"sq\",\"@id\":\"https:\/\/www.sec.mk\/sq\/konferenca-nderkombetare-roli-i-qendrave-te-trajnimit-zgjedhor\/#primaryimage\",\"url\":\"https:\/\/www.sec.mk\/wp-content\/uploads\/2023\/12\/1_54955_0011_S.jpg\",\"contentUrl\":\"https:\/\/www.sec.mk\/wp-content\/uploads\/2023\/12\/1_54955_0011_S.jpg\",\"width\":1200,\"height\":798,\"caption\":\"Group photo\"},{\"@type\":\"BreadcrumbList\",\"@id\":\"https:\/\/www.sec.mk\/sq\/konferenca-nderkombetare-roli-i-qendrave-te-trajnimit-zgjedhor\/#breadcrumb\",\"itemListElement\":[{\"@type\":\"ListItem\",\"position\":1,\"name\":\"Home\",\"item\":\"https:\/\/www.sec.mk\/sq\/home-alb\/\"},{\"@type\":\"ListItem\",\"position\":2,\"name\":\"Konferenca nd\u00ebrkomb\u00ebtare &#8220;Roli i qendrave t\u00eb trajnimit zgjedhor&#8221;\"}]},{\"@type\":\"WebSite\",\"@id\":\"https:\/\/www.sec.mk\/#website\",\"url\":\"https:\/\/www.sec.mk\/\",\"name\":\"Komisioni Shtet\u00ebror i Zgjedhjeve\",\"description\":\"\",\"potentialAction\":[{\"@type\":\"SearchAction\",\"target\":{\"@type\":\"EntryPoint\",\"urlTemplate\":\"https:\/\/www.sec.mk\/?s={search_term_string}\"},\"query-input\":{\"@type\":\"PropertyValueSpecification\",\"valueRequired\":true,\"valueName\":\"search_term_string\"}}],\"inLanguage\":\"sq\"},{\"@type\":\"Person\",\"@id\":\"https:\/\/www.sec.mk\/#\/schema\/person\/180b99a95caa0823f543ccc771cbb595\",\"name\":\"katerina\",\"image\":{\"@type\":\"ImageObject\",\"inLanguage\":\"sq\",\"@id\":\"https:\/\/www.sec.mk\/#\/schema\/person\/image\/\",\"url\":\"https:\/\/secure.gravatar.com\/avatar\/5cfc365f3132e14b477e0c3cf8010efa73d2d91b0ee4adf8fa2429ddecf4a541?s=96&d=mm&r=g\",\"contentUrl\":\"https:\/\/secure.gravatar.com\/avatar\/5cfc365f3132e14b477e0c3cf8010efa73d2d91b0ee4adf8fa2429ddecf4a541?s=96&d=mm&r=g\",\"caption\":\"katerina\"}}]}<\/script>\n<!-- \/ Yoast SEO plugin. -->","yoast_head_json":{"title":"Konferenca nd\u00ebrkomb\u00ebtare \"Roli i qendrave t\u00eb trajnimit zgjedhor\" - Komisioni Shtet\u00ebror i Zgjedhjeve","description":"Organizuar nga K\u00ebshilli i Evrop\u00ebs - Departamenti p\u00ebr Zgjedhje dhe Pjes\u00ebmarrje demokracis\u00eb , n\u00eb fund t\u00eb n\u00ebntorit u mbajt nj\u00eb nd\u00ebrkomb\u00ebtar n\u00eb Strasburg","robots":{"index":"index","follow":"follow","max-snippet":"max-snippet:-1","max-image-preview":"max-image-preview:large","max-video-preview":"max-video-preview:-1"},"canonical":"https:\/\/www.sec.mk\/sq\/konferenca-nderkombetare-roli-i-qendrave-te-trajnimit-zgjedhor\/","og_locale":"sq_AL","og_type":"article","og_title":"Konferenca nd\u00ebrkomb\u00ebtare \"Roli i qendrave t\u00eb trajnimit zgjedhor\" - Komisioni Shtet\u00ebror i Zgjedhjeve","og_description":"Organizuar nga K\u00ebshilli i Evrop\u00ebs - Departamenti p\u00ebr Zgjedhje dhe Pjes\u00ebmarrje demokracis\u00eb , n\u00eb fund t\u00eb n\u00ebntorit u mbajt nj\u00eb nd\u00ebrkomb\u00ebtar n\u00eb Strasburg","og_url":"https:\/\/www.sec.mk\/sq\/konferenca-nderkombetare-roli-i-qendrave-te-trajnimit-zgjedhor\/","og_site_name":"Komisioni Shtet\u00ebror i Zgjedhjeve","article_published_time":"2023-12-06T14:39:13+00:00","article_modified_time":"2023-12-06T14:42:32+00:00","og_image":[{"width":1200,"height":798,"url":"http:\/\/www.sec.mk\/wp-content\/uploads\/2023\/12\/1_54955_0011_S.jpg","type":"image\/jpeg"}],"author":"katerina","twitter_card":"summary_large_image","twitter_misc":{"Written by":"katerina","Est. reading time":"3 minuta"},"schema":{"@context":"https:\/\/schema.org","@graph":[{"@type":"WebPage","@id":"https:\/\/www.sec.mk\/sq\/konferenca-nderkombetare-roli-i-qendrave-te-trajnimit-zgjedhor\/","url":"https:\/\/www.sec.mk\/sq\/konferenca-nderkombetare-roli-i-qendrave-te-trajnimit-zgjedhor\/","name":"Konferenca nd\u00ebrkomb\u00ebtare \"Roli i qendrave t\u00eb trajnimit zgjedhor\" - Komisioni Shtet\u00ebror i Zgjedhjeve","isPartOf":{"@id":"https:\/\/www.sec.mk\/#website"},"primaryImageOfPage":{"@id":"https:\/\/www.sec.mk\/sq\/konferenca-nderkombetare-roli-i-qendrave-te-trajnimit-zgjedhor\/#primaryimage"},"image":{"@id":"https:\/\/www.sec.mk\/sq\/konferenca-nderkombetare-roli-i-qendrave-te-trajnimit-zgjedhor\/#primaryimage"},"thumbnailUrl":"https:\/\/www.sec.mk\/wp-content\/uploads\/2023\/12\/1_54955_0011_S.jpg","datePublished":"2023-12-06T14:39:13+00:00","dateModified":"2023-12-06T14:42:32+00:00","author":{"@id":"https:\/\/www.sec.mk\/#\/schema\/person\/180b99a95caa0823f543ccc771cbb595"},"description":"Organizuar nga K\u00ebshilli i Evrop\u00ebs - Departamenti p\u00ebr Zgjedhje dhe Pjes\u00ebmarrje demokracis\u00eb , n\u00eb fund t\u00eb n\u00ebntorit u mbajt nj\u00eb nd\u00ebrkomb\u00ebtar n\u00eb Strasburg","breadcrumb":{"@id":"https:\/\/www.sec.mk\/sq\/konferenca-nderkombetare-roli-i-qendrave-te-trajnimit-zgjedhor\/#breadcrumb"},"inLanguage":"sq","potentialAction":[{"@type":"ReadAction","target":["https:\/\/www.sec.mk\/sq\/konferenca-nderkombetare-roli-i-qendrave-te-trajnimit-zgjedhor\/"]}]},{"@type":"ImageObject","inLanguage":"sq","@id":"https:\/\/www.sec.mk\/sq\/konferenca-nderkombetare-roli-i-qendrave-te-trajnimit-zgjedhor\/#primaryimage","url":"https:\/\/www.sec.mk\/wp-content\/uploads\/2023\/12\/1_54955_0011_S.jpg","contentUrl":"https:\/\/www.sec.mk\/wp-content\/uploads\/2023\/12\/1_54955_0011_S.jpg","width":1200,"height":798,"caption":"Group photo"},{"@type":"BreadcrumbList","@id":"https:\/\/www.sec.mk\/sq\/konferenca-nderkombetare-roli-i-qendrave-te-trajnimit-zgjedhor\/#breadcrumb","itemListElement":[{"@type":"ListItem","position":1,"name":"Home","item":"https:\/\/www.sec.mk\/sq\/home-alb\/"},{"@type":"ListItem","position":2,"name":"Konferenca nd\u00ebrkomb\u00ebtare &#8220;Roli i qendrave t\u00eb trajnimit zgjedhor&#8221;"}]},{"@type":"WebSite","@id":"https:\/\/www.sec.mk\/#website","url":"https:\/\/www.sec.mk\/","name":"Komisioni Shtet\u00ebror i Zgjedhjeve","description":"","potentialAction":[{"@type":"SearchAction","target":{"@type":"EntryPoint","urlTemplate":"https:\/\/www.sec.mk\/?s={search_term_string}"},"query-input":{"@type":"PropertyValueSpecification","valueRequired":true,"valueName":"search_term_string"}}],"inLanguage":"sq"},{"@type":"Person","@id":"https:\/\/www.sec.mk\/#\/schema\/person\/180b99a95caa0823f543ccc771cbb595","name":"katerina","image":{"@type":"ImageObject","inLanguage":"sq","@id":"https:\/\/www.sec.mk\/#\/schema\/person\/image\/","url":"https:\/\/secure.gravatar.com\/avatar\/5cfc365f3132e14b477e0c3cf8010efa73d2d91b0ee4adf8fa2429ddecf4a541?s=96&d=mm&r=g","contentUrl":"https:\/\/secure.gravatar.com\/avatar\/5cfc365f3132e14b477e0c3cf8010efa73d2d91b0ee4adf8fa2429ddecf4a541?s=96&d=mm&r=g","caption":"katerina"}}]}},"_links":{"self":[{"href":"https:\/\/www.sec.mk\/sq\/wp-json\/wp\/v2\/posts\/39410","targetHints":{"allow":["GET"]}}],"collection":[{"href":"https:\/\/www.sec.mk\/sq\/wp-json\/wp\/v2\/posts"}],"about":[{"href":"https:\/\/www.sec.mk\/sq\/wp-json\/wp\/v2\/types\/post"}],"author":[{"embeddable":true,"href":"https:\/\/www.sec.mk\/sq\/wp-json\/wp\/v2\/users\/3"}],"replies":[{"embeddable":true,"href":"https:\/\/www.sec.mk\/sq\/wp-json\/wp\/v2\/comments?post=39410"}],"version-history":[{"count":4,"href":"https:\/\/www.sec.mk\/sq\/wp-json\/wp\/v2\/posts\/39410\/revisions"}],"predecessor-version":[{"id":39425,"href":"https:\/\/www.sec.mk\/sq\/wp-json\/wp\/v2\/posts\/39410\/revisions\/39425"}],"wp:featuredmedia":[{"embeddable":true,"href":"https:\/\/www.sec.mk\/sq\/wp-json\/wp\/v2\/media\/39413"}],"wp:attachment":[{"href":"https:\/\/www.sec.mk\/sq\/wp-json\/wp\/v2\/media?parent=39410"}],"wp:term":[{"taxonomy":"category","embeddable":true,"href":"https:\/\/www.sec.mk\/sq\/wp-json\/wp\/v2\/categories?post=39410"},{"taxonomy":"post_tag","embeddable":true,"href":"https:\/\/www.sec.mk\/sq\/wp-json\/wp\/v2\/tags?post=39410"}],"curies":[{"name":"wp","href":"https:\/\/api.w.org\/{rel}","templated":true}]}}