{"id":39803,"date":"2024-01-31T16:15:47","date_gmt":"2024-01-31T15:15:47","guid":{"rendered":"https:\/\/www.sec.mk\/?p=39803"},"modified":"2024-01-31T16:21:18","modified_gmt":"2024-01-31T15:21:18","slug":"njoftim-9","status":"publish","type":"post","link":"https:\/\/www.sec.mk\/sq\/njoftim-9\/","title":{"rendered":"Njoftim"},"content":{"rendered":"\n<p>Komisioni Shtet\u00ebror i Zgjedhjeve sot m\u00eb 31 janar 2024 ka mbajtur takim me ministrin e Pun\u00ebve t\u00eb Brendshme, Pan\u00e7e Toshkovski.<\/p>\n\n\n\n<p>Takimi u zhvillua n\u00eb nj\u00eb atmosfer\u00eb konstruktive dhe nga t\u00eb dyja pal\u00ebt u shpreh gatishm\u00ebria p\u00ebr t\u00eb vazhduar bashk\u00ebpunimin n\u00eb drejtim t\u00eb organizimit dhe zhvillimit t\u00eb zgjedhjeve t\u00eb ndershme dhe demokratike.<\/p>\n\n\n\n<figure class=\"wp-block-gallery columns-3 is-cropped wp-block-gallery-1 is-layout-flex wp-block-gallery-is-layout-flex\"><ul class=\"blocks-gallery-grid\"><li class=\"blocks-gallery-item\"><figure><a href=\"http:\/\/www.sec.mk\/wp-content\/uploads\/2024\/01\/MVR2.jpg\"><img decoding=\"async\" width=\"1030\" height=\"773\" src=\"http:\/\/www.sec.mk\/wp-content\/uploads\/2024\/01\/MVR2-1030x773.jpg\" alt=\"\" data-id=\"39807\" data-full-url=\"http:\/\/www.sec.mk\/wp-content\/uploads\/2024\/01\/MVR2.jpg\" data-link=\"https:\/\/www.sec.mk\/?attachment_id=39807\" class=\"wp-image-39808\" srcset=\"https:\/\/www.sec.mk\/wp-content\/uploads\/2024\/01\/MVR2-1030x773.jpg 1030w, https:\/\/www.sec.mk\/wp-content\/uploads\/2024\/01\/MVR2-300x225.jpg 300w, https:\/\/www.sec.mk\/wp-content\/uploads\/2024\/01\/MVR2-1536x1152.jpg 1536w, https:\/\/www.sec.mk\/wp-content\/uploads\/2024\/01\/MVR2-1500x1125.jpg 1500w, https:\/\/www.sec.mk\/wp-content\/uploads\/2024\/01\/MVR2-705x529.jpg 705w, https:\/\/www.sec.mk\/wp-content\/uploads\/2024\/01\/MVR2.jpg 1600w\" sizes=\"(max-width: 1030px) 100vw, 1030px\" \/><\/a><\/figure><\/li><li class=\"blocks-gallery-item\"><figure><a href=\"http:\/\/www.sec.mk\/wp-content\/uploads\/2024\/01\/MVR.jpg\"><img decoding=\"async\" width=\"1030\" height=\"773\" src=\"http:\/\/www.sec.mk\/wp-content\/uploads\/2024\/01\/MVR-1030x773.jpg\" alt=\"\" data-id=\"39805\" data-full-url=\"http:\/\/www.sec.mk\/wp-content\/uploads\/2024\/01\/MVR.jpg\" data-link=\"https:\/\/www.sec.mk\/?attachment_id=39805\" class=\"wp-image-39806\" srcset=\"https:\/\/www.sec.mk\/wp-content\/uploads\/2024\/01\/MVR-1030x773.jpg 1030w, https:\/\/www.sec.mk\/wp-content\/uploads\/2024\/01\/MVR-300x225.jpg 300w, https:\/\/www.sec.mk\/wp-content\/uploads\/2024\/01\/MVR-1536x1152.jpg 1536w, https:\/\/www.sec.mk\/wp-content\/uploads\/2024\/01\/MVR-1500x1125.jpg 1500w, https:\/\/www.sec.mk\/wp-content\/uploads\/2024\/01\/MVR-705x529.jpg 705w, https:\/\/www.sec.mk\/wp-content\/uploads\/2024\/01\/MVR.jpg 1600w\" sizes=\"(max-width: 1030px) 100vw, 1030px\" \/><\/a><\/figure><\/li><li class=\"blocks-gallery-item\"><figure><a href=\"http:\/\/www.sec.mk\/wp-content\/uploads\/2024\/01\/MVR3.jpg\"><img decoding=\"async\" width=\"1030\" height=\"773\" src=\"http:\/\/www.sec.mk\/wp-content\/uploads\/2024\/01\/MVR3-1030x773.jpg\" alt=\"\" data-id=\"39809\" data-full-url=\"http:\/\/www.sec.mk\/wp-content\/uploads\/2024\/01\/MVR3.jpg\" data-link=\"https:\/\/www.sec.mk\/?attachment_id=39809\" class=\"wp-image-39810\" srcset=\"https:\/\/www.sec.mk\/wp-content\/uploads\/2024\/01\/MVR3-1030x773.jpg 1030w, https:\/\/www.sec.mk\/wp-content\/uploads\/2024\/01\/MVR3-300x225.jpg 300w, https:\/\/www.sec.mk\/wp-content\/uploads\/2024\/01\/MVR3-1536x1152.jpg 1536w, https:\/\/www.sec.mk\/wp-content\/uploads\/2024\/01\/MVR3-1500x1125.jpg 1500w, https:\/\/www.sec.mk\/wp-content\/uploads\/2024\/01\/MVR3-705x529.jpg 705w, https:\/\/www.sec.mk\/wp-content\/uploads\/2024\/01\/MVR3.jpg 1600w\" sizes=\"(max-width: 1030px) 100vw, 1030px\" \/><\/a><\/figure><\/li><\/ul><\/figure>\n\n\n\n<p class=\"has-text-align-center\"><strong>KOMISIONI SHTET\u00cbROR I ZGJEDHJEVE<\/strong><\/p>\n","protected":false},"excerpt":{"rendered":"<p>Komisioni Shtet\u00ebror i Zgjedhjeve sot m\u00eb 31 janar 2024 ka mbajtur takim me ministrin e Pun\u00ebve t\u00eb Brendshme, Pan\u00e7e Toshkovski. Takimi u zhvillua n\u00eb nj\u00eb atmosfer\u00eb konstruktive dhe nga t\u00eb [&hellip;]<\/p>\n","protected":false},"author":3,"featured_media":39808,"comment_status":"closed","ping_status":"closed","sticky":false,"template":"","format":"standard","meta":{"footnotes":""},"categories":[23,21],"tags":[],"class_list":["post-39803","post","type-post","status-publish","format-standard","has-post-thumbnail","hentry","category-njoftime","category-risi"],"yoast_head":"<!-- This site is optimized with the Yoast SEO plugin v26.2 - https:\/\/yoast.com\/wordpress\/plugins\/seo\/ -->\n<title>Njoftim - Komisioni Shtet\u00ebror i Zgjedhjeve<\/title>\n<meta name=\"description\" content=\"Komisioni Shtet\u00ebror i Zgjedhjeve sot m\u00eb 31 janar 2024 ka mbajtur takim me ministrin e Pun\u00ebve t\u00eb Brendshme, Pan\u00e7e Toshkovski. Takimi u zhvillua n\u00eb nj\u00eb\" \/>\n<meta name=\"robots\" content=\"index, follow, max-snippet:-1, max-image-preview:large, max-video-preview:-1\" \/>\n<link rel=\"canonical\" href=\"https:\/\/www.sec.mk\/sq\/njoftim-9\/\" \/>\n<meta property=\"og:locale\" content=\"sq_AL\" \/>\n<meta property=\"og:type\" content=\"article\" \/>\n<meta property=\"og:title\" content=\"Njoftim - Komisioni Shtet\u00ebror i Zgjedhjeve\" \/>\n<meta property=\"og:description\" content=\"Komisioni Shtet\u00ebror i Zgjedhjeve sot m\u00eb 31 janar 2024 ka mbajtur takim me ministrin e Pun\u00ebve t\u00eb Brendshme, Pan\u00e7e Toshkovski. Takimi u zhvillua n\u00eb nj\u00eb\" \/>\n<meta property=\"og:url\" content=\"https:\/\/www.sec.mk\/sq\/njoftim-9\/\" \/>\n<meta property=\"og:site_name\" content=\"Komisioni Shtet\u00ebror i Zgjedhjeve\" \/>\n<meta property=\"article:published_time\" content=\"2024-01-31T15:15:47+00:00\" \/>\n<meta property=\"article:modified_time\" content=\"2024-01-31T15:21:18+00:00\" \/>\n<meta property=\"og:image\" content=\"http:\/\/www.sec.mk\/wp-content\/uploads\/2024\/01\/MVR2.jpg\" \/>\n\t<meta property=\"og:image:width\" content=\"1600\" \/>\n\t<meta property=\"og:image:height\" content=\"1200\" \/>\n\t<meta property=\"og:image:type\" content=\"image\/jpeg\" \/>\n<meta name=\"author\" content=\"katerina\" \/>\n<meta name=\"twitter:card\" content=\"summary_large_image\" \/>\n<meta name=\"twitter:label1\" content=\"Written by\" \/>\n\t<meta name=\"twitter:data1\" content=\"katerina\" \/>\n\t<meta name=\"twitter:label2\" content=\"Est. reading time\" \/>\n\t<meta name=\"twitter:data2\" content=\"1 minut\u00eb\" \/>\n<script type=\"application\/ld+json\" class=\"yoast-schema-graph\">{\"@context\":\"https:\/\/schema.org\",\"@graph\":[{\"@type\":\"WebPage\",\"@id\":\"https:\/\/www.sec.mk\/sq\/njoftim-9\/\",\"url\":\"https:\/\/www.sec.mk\/sq\/njoftim-9\/\",\"name\":\"Njoftim - Komisioni Shtet\u00ebror i Zgjedhjeve\",\"isPartOf\":{\"@id\":\"https:\/\/www.sec.mk\/#website\"},\"primaryImageOfPage\":{\"@id\":\"https:\/\/www.sec.mk\/sq\/njoftim-9\/#primaryimage\"},\"image\":{\"@id\":\"https:\/\/www.sec.mk\/sq\/njoftim-9\/#primaryimage\"},\"thumbnailUrl\":\"https:\/\/www.sec.mk\/wp-content\/uploads\/2024\/01\/MVR2.jpg\",\"datePublished\":\"2024-01-31T15:15:47+00:00\",\"dateModified\":\"2024-01-31T15:21:18+00:00\",\"author\":{\"@id\":\"https:\/\/www.sec.mk\/#\/schema\/person\/180b99a95caa0823f543ccc771cbb595\"},\"description\":\"Komisioni Shtet\u00ebror i Zgjedhjeve sot m\u00eb 31 janar 2024 ka mbajtur takim me ministrin e Pun\u00ebve t\u00eb Brendshme, Pan\u00e7e Toshkovski. Takimi u zhvillua n\u00eb nj\u00eb\",\"breadcrumb\":{\"@id\":\"https:\/\/www.sec.mk\/sq\/njoftim-9\/#breadcrumb\"},\"inLanguage\":\"sq\",\"potentialAction\":[{\"@type\":\"ReadAction\",\"target\":[\"https:\/\/www.sec.mk\/sq\/njoftim-9\/\"]}]},{\"@type\":\"ImageObject\",\"inLanguage\":\"sq\",\"@id\":\"https:\/\/www.sec.mk\/sq\/njoftim-9\/#primaryimage\",\"url\":\"https:\/\/www.sec.mk\/wp-content\/uploads\/2024\/01\/MVR2.jpg\",\"contentUrl\":\"https:\/\/www.sec.mk\/wp-content\/uploads\/2024\/01\/MVR2.jpg\",\"width\":1600,\"height\":1200},{\"@type\":\"BreadcrumbList\",\"@id\":\"https:\/\/www.sec.mk\/sq\/njoftim-9\/#breadcrumb\",\"itemListElement\":[{\"@type\":\"ListItem\",\"position\":1,\"name\":\"Home\",\"item\":\"https:\/\/www.sec.mk\/sq\/home-alb\/\"},{\"@type\":\"ListItem\",\"position\":2,\"name\":\"Njoftim\"}]},{\"@type\":\"WebSite\",\"@id\":\"https:\/\/www.sec.mk\/#website\",\"url\":\"https:\/\/www.sec.mk\/\",\"name\":\"Komisioni Shtet\u00ebror i Zgjedhjeve\",\"description\":\"\",\"potentialAction\":[{\"@type\":\"SearchAction\",\"target\":{\"@type\":\"EntryPoint\",\"urlTemplate\":\"https:\/\/www.sec.mk\/?s={search_term_string}\"},\"query-input\":{\"@type\":\"PropertyValueSpecification\",\"valueRequired\":true,\"valueName\":\"search_term_string\"}}],\"inLanguage\":\"sq\"},{\"@type\":\"Person\",\"@id\":\"https:\/\/www.sec.mk\/#\/schema\/person\/180b99a95caa0823f543ccc771cbb595\",\"name\":\"katerina\",\"image\":{\"@type\":\"ImageObject\",\"inLanguage\":\"sq\",\"@id\":\"https:\/\/www.sec.mk\/#\/schema\/person\/image\/\",\"url\":\"https:\/\/secure.gravatar.com\/avatar\/5cfc365f3132e14b477e0c3cf8010efa73d2d91b0ee4adf8fa2429ddecf4a541?s=96&d=mm&r=g\",\"contentUrl\":\"https:\/\/secure.gravatar.com\/avatar\/5cfc365f3132e14b477e0c3cf8010efa73d2d91b0ee4adf8fa2429ddecf4a541?s=96&d=mm&r=g\",\"caption\":\"katerina\"}}]}<\/script>\n<!-- \/ Yoast SEO plugin. -->","yoast_head_json":{"title":"Njoftim - Komisioni Shtet\u00ebror i Zgjedhjeve","description":"Komisioni Shtet\u00ebror i Zgjedhjeve sot m\u00eb 31 janar 2024 ka mbajtur takim me ministrin e Pun\u00ebve t\u00eb Brendshme, Pan\u00e7e Toshkovski. Takimi u zhvillua n\u00eb nj\u00eb","robots":{"index":"index","follow":"follow","max-snippet":"max-snippet:-1","max-image-preview":"max-image-preview:large","max-video-preview":"max-video-preview:-1"},"canonical":"https:\/\/www.sec.mk\/sq\/njoftim-9\/","og_locale":"sq_AL","og_type":"article","og_title":"Njoftim - Komisioni Shtet\u00ebror i Zgjedhjeve","og_description":"Komisioni Shtet\u00ebror i Zgjedhjeve sot m\u00eb 31 janar 2024 ka mbajtur takim me ministrin e Pun\u00ebve t\u00eb Brendshme, Pan\u00e7e Toshkovski. Takimi u zhvillua n\u00eb nj\u00eb","og_url":"https:\/\/www.sec.mk\/sq\/njoftim-9\/","og_site_name":"Komisioni Shtet\u00ebror i Zgjedhjeve","article_published_time":"2024-01-31T15:15:47+00:00","article_modified_time":"2024-01-31T15:21:18+00:00","og_image":[{"width":1600,"height":1200,"url":"http:\/\/www.sec.mk\/wp-content\/uploads\/2024\/01\/MVR2.jpg","type":"image\/jpeg"}],"author":"katerina","twitter_card":"summary_large_image","twitter_misc":{"Written by":"katerina","Est. reading time":"1 minut\u00eb"},"schema":{"@context":"https:\/\/schema.org","@graph":[{"@type":"WebPage","@id":"https:\/\/www.sec.mk\/sq\/njoftim-9\/","url":"https:\/\/www.sec.mk\/sq\/njoftim-9\/","name":"Njoftim - Komisioni Shtet\u00ebror i Zgjedhjeve","isPartOf":{"@id":"https:\/\/www.sec.mk\/#website"},"primaryImageOfPage":{"@id":"https:\/\/www.sec.mk\/sq\/njoftim-9\/#primaryimage"},"image":{"@id":"https:\/\/www.sec.mk\/sq\/njoftim-9\/#primaryimage"},"thumbnailUrl":"https:\/\/www.sec.mk\/wp-content\/uploads\/2024\/01\/MVR2.jpg","datePublished":"2024-01-31T15:15:47+00:00","dateModified":"2024-01-31T15:21:18+00:00","author":{"@id":"https:\/\/www.sec.mk\/#\/schema\/person\/180b99a95caa0823f543ccc771cbb595"},"description":"Komisioni Shtet\u00ebror i Zgjedhjeve sot m\u00eb 31 janar 2024 ka mbajtur takim me ministrin e Pun\u00ebve t\u00eb Brendshme, Pan\u00e7e Toshkovski. Takimi u zhvillua n\u00eb nj\u00eb","breadcrumb":{"@id":"https:\/\/www.sec.mk\/sq\/njoftim-9\/#breadcrumb"},"inLanguage":"sq","potentialAction":[{"@type":"ReadAction","target":["https:\/\/www.sec.mk\/sq\/njoftim-9\/"]}]},{"@type":"ImageObject","inLanguage":"sq","@id":"https:\/\/www.sec.mk\/sq\/njoftim-9\/#primaryimage","url":"https:\/\/www.sec.mk\/wp-content\/uploads\/2024\/01\/MVR2.jpg","contentUrl":"https:\/\/www.sec.mk\/wp-content\/uploads\/2024\/01\/MVR2.jpg","width":1600,"height":1200},{"@type":"BreadcrumbList","@id":"https:\/\/www.sec.mk\/sq\/njoftim-9\/#breadcrumb","itemListElement":[{"@type":"ListItem","position":1,"name":"Home","item":"https:\/\/www.sec.mk\/sq\/home-alb\/"},{"@type":"ListItem","position":2,"name":"Njoftim"}]},{"@type":"WebSite","@id":"https:\/\/www.sec.mk\/#website","url":"https:\/\/www.sec.mk\/","name":"Komisioni Shtet\u00ebror i Zgjedhjeve","description":"","potentialAction":[{"@type":"SearchAction","target":{"@type":"EntryPoint","urlTemplate":"https:\/\/www.sec.mk\/?s={search_term_string}"},"query-input":{"@type":"PropertyValueSpecification","valueRequired":true,"valueName":"search_term_string"}}],"inLanguage":"sq"},{"@type":"Person","@id":"https:\/\/www.sec.mk\/#\/schema\/person\/180b99a95caa0823f543ccc771cbb595","name":"katerina","image":{"@type":"ImageObject","inLanguage":"sq","@id":"https:\/\/www.sec.mk\/#\/schema\/person\/image\/","url":"https:\/\/secure.gravatar.com\/avatar\/5cfc365f3132e14b477e0c3cf8010efa73d2d91b0ee4adf8fa2429ddecf4a541?s=96&d=mm&r=g","contentUrl":"https:\/\/secure.gravatar.com\/avatar\/5cfc365f3132e14b477e0c3cf8010efa73d2d91b0ee4adf8fa2429ddecf4a541?s=96&d=mm&r=g","caption":"katerina"}}]}},"_links":{"self":[{"href":"https:\/\/www.sec.mk\/sq\/wp-json\/wp\/v2\/posts\/39803","targetHints":{"allow":["GET"]}}],"collection":[{"href":"https:\/\/www.sec.mk\/sq\/wp-json\/wp\/v2\/posts"}],"about":[{"href":"https:\/\/www.sec.mk\/sq\/wp-json\/wp\/v2\/types\/post"}],"author":[{"embeddable":true,"href":"https:\/\/www.sec.mk\/sq\/wp-json\/wp\/v2\/users\/3"}],"replies":[{"embeddable":true,"href":"https:\/\/www.sec.mk\/sq\/wp-json\/wp\/v2\/comments?post=39803"}],"version-history":[{"count":4,"href":"https:\/\/www.sec.mk\/sq\/wp-json\/wp\/v2\/posts\/39803\/revisions"}],"predecessor-version":[{"id":39820,"href":"https:\/\/www.sec.mk\/sq\/wp-json\/wp\/v2\/posts\/39803\/revisions\/39820"}],"wp:featuredmedia":[{"embeddable":true,"href":"https:\/\/www.sec.mk\/sq\/wp-json\/wp\/v2\/media\/39808"}],"wp:attachment":[{"href":"https:\/\/www.sec.mk\/sq\/wp-json\/wp\/v2\/media?parent=39803"}],"wp:term":[{"taxonomy":"category","embeddable":true,"href":"https:\/\/www.sec.mk\/sq\/wp-json\/wp\/v2\/categories?post=39803"},{"taxonomy":"post_tag","embeddable":true,"href":"https:\/\/www.sec.mk\/sq\/wp-json\/wp\/v2\/tags?post=39803"}],"curies":[{"name":"wp","href":"https:\/\/api.w.org\/{rel}","templated":true}]}}