{"id":42416,"date":"2024-04-09T15:51:46","date_gmt":"2024-04-09T13:51:46","guid":{"rendered":"https:\/\/www.sec.mk\/?p=42416"},"modified":"2024-04-09T16:12:06","modified_gmt":"2024-04-09T14:12:06","slug":"njoftim-nga-seanca-e-nentedhjete-e-katert-e-komisionit-shteteror-te-zgjedhjeve-e-mbajtur-me-8-prill-2024","status":"publish","type":"post","link":"https:\/\/www.sec.mk\/sq\/njoftim-nga-seanca-e-nentedhjete-e-katert-e-komisionit-shteteror-te-zgjedhjeve-e-mbajtur-me-8-prill-2024\/","title":{"rendered":"Njoftim nga seanca e n\u00ebnt\u00ebdhjet\u00eb e kat\u00ebrt e Komisionit Shtet\u00ebror t\u00eb Zgjedhjeve, e mbajtur m\u00eb 8 prill 2024"},"content":{"rendered":"\n<p>N\u00eb seanc\u00eb, KSHZ vendosi lidhur me k\u00ebrkesat p\u00ebr mospranim t\u00eb kryerjes s\u00eb detyr\u00ebs kryetar, z\u00ebvend\u00ebskryetar, an\u00ebtar dhe z\u00ebvend\u00ebsan\u00ebtar i komisionit komunal zgjedhor dhe lidhur me to u b\u00eb p\u00ebrzgjedhja e r\u00ebndomt\u00eb e kryetar\u00ebve, an\u00ebtar\u00ebve dhe z\u00ebvend\u00ebsve t\u00eb tyre n\u00eb komisionet komunale zgjedhore p\u00ebr t\u00eb cilat, Komisioni Shtet\u00ebror i Zgjedhje i ka pranuar nga k\u00ebrkesat p\u00ebr moskryerje t\u00eb detyrave p\u00ebrkat\u00ebse.<\/p>\n\n\n\n<p>Gjat\u00eb k\u00ebsaj, KSHZ u b\u00ebri apel komisioneve komunale zgjedhore t\u00eb veprojn\u00eb me profesionaliz\u00ebm sa m\u00eb t\u00eb lart\u00eb n\u00eb p\u00ebrmbushjen e detyrave dhe p\u00ebrgjegj\u00ebsive, p\u00ebr t\u00eb cilat e kan\u00eb kompetenc\u00ebn p\u00ebr t\u2019i zbatuar n\u00eb pajtim me Kodin Zgjedhor dhe me aktet n\u00ebnligjore t\u00eb miratuara nga KSHZ-ja.<\/p>\n\n\n\n<p>K\u00ebrkesat e shpeshta p\u00ebr moskryerje t\u00eb detyrave nuk duhet t\u00eb jen\u00eb baz\u00eb p\u00ebr mosaktivitet t\u00eb KKZ-ve p\u00ebr shkak se n\u00eb p\u00ebrb\u00ebrjen e KKZ-ve ka an\u00ebtar\u00eb dhe z\u00ebvend\u00ebsan\u00ebtar\u00eb, nd\u00ebrsa KKZ-t\u00eb mund t\u00eb punojn\u00eb n\u00eb m\u00ebnyr\u00eb efektive me shumic\u00eb t\u00eb an\u00ebtar\u00ebve. R\u00ebnd\u00ebsi t\u00eb ve\u00e7ant\u00eb ka q\u00eb KKZ-t\u00eb p\u00ebrb\u00ebhen nga punonj\u00ebs administrativ\u00eb, t\u00eb cil\u00ebt n\u00eb pajtim me Kodin Zgjedhor, e kan\u00eb p\u00ebr detyr\u00eb t\u2019i zbatojn\u00eb aktivitetet zgjedhore, edhe m\u00eb tep\u00ebr p\u00ebr faktin q\u00eb ata jan\u00eb t\u00eb liruar nga detyrat e pun\u00ebs n\u00eb institucionet ku kan\u00eb t\u00eb themeluar marr\u00ebdh\u00ebnie pune dhe fitojn\u00eb kompensim me para n\u00eb pajtim me rregulloret e KSHZ-s\u00eb, me t\u00eb vetmen arsye q\u00eb puna t\u00eb kryhet n\u00eb m\u00ebnyr\u00eb t\u00eb ligjshme, profesionale dhe pa asnj\u00eb ngecje ose vones\u00eb n\u00eb raport me afatet.<\/p>\n\n\n\n<p>P\u00ebr m\u00eb tep\u00ebr, n\u00eb KSHZ jan\u00eb p\u00ebrcaktuar koordinator\u00eb, t\u00eb cil\u00ebt e kontrollojn\u00eb dhe e leht\u00ebsojn\u00eb pun\u00ebn e KKZ-ve dhe prandaj nevojitet p\u00ebrgjegj\u00ebsi, llogaridh\u00ebnie dhe azhurnitet m\u00eb i lart\u00eb nga ana e tyre.<\/p>\n\n\n\n<p>Gjithashtu, KSHZ e theksoi r\u00ebnd\u00ebsin\u00eb p\u00ebr pjes\u00ebmarrje n\u00eb trajnimet q\u00eb i zbatojn\u00eb trajnuesit e certifikuar, p\u00ebr t\u00eb gjitha KKZ-t\u00eb dhe KZ-t\u00eb, pavar\u00ebsisht n\u00ebse jan\u00eb ose nuk jan\u00eb rishtazi t\u00eb zgjedhur, p\u00ebr shkak se ky proces \u00ebsht\u00eb i detyruesh\u00ebm dhe q\u00ebllimi kryesor i tij \u00ebsht\u00eb profesionalizimi maksimal i organeve zgjedhore.<\/p>\n\n\n\n<p>KSHZ l\u00ebshoi edhe autorizime p\u00ebr v\u00ebzhgim (gjithsej 13) lidhur me k\u00ebrkesat e parashtruara nga Komisioni Qendror Zgjedhor i Republik\u00ebs s\u00eb Kosov\u00ebs p\u00ebr akreditim t\u00eb v\u00ebzhguesve p\u00ebr Zgjedhjet p\u00ebr President t\u00eb Republik\u00ebs s\u00eb Maqedonis\u00eb s\u00eb Veriut 2024 dhe Zgjedhjet p\u00ebr deputet\u00eb n\u00eb Kuvendin e Republik\u00ebs s\u00eb Maqedonis\u00eb s\u00eb Veriut 2024.<\/p>\n\n\n\n<p><\/p>\n\n\n\n<p class=\"has-text-align-center\"><strong>KOMISIONI SHTET\u00cbROR I ZGJEDHJEVE<\/strong><\/p>\n","protected":false},"excerpt":{"rendered":"<p>N\u00eb seanc\u00eb, KSHZ vendosi lidhur me k\u00ebrkesat p\u00ebr mospranim t\u00eb kryerjes s\u00eb detyr\u00ebs kryetar, z\u00ebvend\u00ebskryetar, an\u00ebtar dhe z\u00ebvend\u00ebsan\u00ebtar i komisionit komunal zgjedhor dhe lidhur me to u b\u00eb p\u00ebrzgjedhja e [&hellip;]<\/p>\n","protected":false},"author":3,"featured_media":29937,"comment_status":"closed","ping_status":"closed","sticky":false,"template":"","format":"standard","meta":{"footnotes":""},"categories":[23,21,58],"tags":[],"class_list":["post-42416","post","type-post","status-publish","format-standard","has-post-thumbnail","hentry","category-njoftime","category-risi","category-seanca"],"yoast_head":"<!-- This site is optimized with the Yoast SEO plugin v26.2 - https:\/\/yoast.com\/wordpress\/plugins\/seo\/ -->\n<title>Njoftim nga seanca e n\u00ebnt\u00ebdhjet\u00eb e kat\u00ebrt e Komisionit Shtet\u00ebror t\u00eb Zgjedhjeve, e mbajtur m\u00eb 8 prill 2024 - Komisioni Shtet\u00ebror i Zgjedhjeve<\/title>\n<meta name=\"description\" content=\"N\u00eb seanc\u00eb, KSHZ vendosi lidhur me k\u00ebrkesat p\u00ebr mospranim t\u00eb kryerjes s\u00eb detyr\u00ebs kryetar, z\u00ebvend\u00ebskryetar, an\u00ebtar dhe z\u00ebvend\u00ebsan\u00ebtar i komisionit komunal\" \/>\n<meta name=\"robots\" content=\"index, follow, max-snippet:-1, max-image-preview:large, max-video-preview:-1\" \/>\n<link rel=\"canonical\" href=\"https:\/\/www.sec.mk\/sq\/njoftim-nga-seanca-e-nentedhjete-e-katert-e-komisionit-shteteror-te-zgjedhjeve-e-mbajtur-me-8-prill-2024\/\" \/>\n<meta property=\"og:locale\" content=\"sq_AL\" \/>\n<meta property=\"og:type\" content=\"article\" \/>\n<meta property=\"og:title\" content=\"Njoftim nga seanca e n\u00ebnt\u00ebdhjet\u00eb e kat\u00ebrt e Komisionit Shtet\u00ebror t\u00eb Zgjedhjeve, e mbajtur m\u00eb 8 prill 2024 - Komisioni Shtet\u00ebror i Zgjedhjeve\" \/>\n<meta property=\"og:description\" content=\"N\u00eb seanc\u00eb, KSHZ vendosi lidhur me k\u00ebrkesat p\u00ebr mospranim t\u00eb kryerjes s\u00eb detyr\u00ebs kryetar, z\u00ebvend\u00ebskryetar, an\u00ebtar dhe z\u00ebvend\u00ebsan\u00ebtar i komisionit komunal\" \/>\n<meta property=\"og:url\" content=\"https:\/\/www.sec.mk\/sq\/njoftim-nga-seanca-e-nentedhjete-e-katert-e-komisionit-shteteror-te-zgjedhjeve-e-mbajtur-me-8-prill-2024\/\" \/>\n<meta property=\"og:site_name\" content=\"Komisioni Shtet\u00ebror i Zgjedhjeve\" \/>\n<meta property=\"article:published_time\" content=\"2024-04-09T13:51:46+00:00\" \/>\n<meta property=\"article:modified_time\" content=\"2024-04-09T14:12:06+00:00\" \/>\n<meta property=\"og:image\" content=\"http:\/\/www.sec.mk\/wp-content\/uploads\/2021\/08\/post-logo-sec-1.jpg\" \/>\n\t<meta property=\"og:image:width\" content=\"600\" \/>\n\t<meta property=\"og:image:height\" content=\"449\" \/>\n\t<meta property=\"og:image:type\" content=\"image\/jpeg\" \/>\n<meta name=\"author\" content=\"katerina\" \/>\n<meta name=\"twitter:card\" content=\"summary_large_image\" \/>\n<meta name=\"twitter:label1\" content=\"Written by\" \/>\n\t<meta name=\"twitter:data1\" content=\"katerina\" \/>\n\t<meta name=\"twitter:label2\" content=\"Est. reading time\" \/>\n\t<meta name=\"twitter:data2\" content=\"2 minuta\" \/>\n<script type=\"application\/ld+json\" class=\"yoast-schema-graph\">{\"@context\":\"https:\/\/schema.org\",\"@graph\":[{\"@type\":\"WebPage\",\"@id\":\"https:\/\/www.sec.mk\/sq\/njoftim-nga-seanca-e-nentedhjete-e-katert-e-komisionit-shteteror-te-zgjedhjeve-e-mbajtur-me-8-prill-2024\/\",\"url\":\"https:\/\/www.sec.mk\/sq\/njoftim-nga-seanca-e-nentedhjete-e-katert-e-komisionit-shteteror-te-zgjedhjeve-e-mbajtur-me-8-prill-2024\/\",\"name\":\"Njoftim nga seanca e n\u00ebnt\u00ebdhjet\u00eb e kat\u00ebrt e Komisionit Shtet\u00ebror t\u00eb Zgjedhjeve, e mbajtur m\u00eb 8 prill 2024 - Komisioni Shtet\u00ebror i Zgjedhjeve\",\"isPartOf\":{\"@id\":\"https:\/\/www.sec.mk\/#website\"},\"primaryImageOfPage\":{\"@id\":\"https:\/\/www.sec.mk\/sq\/njoftim-nga-seanca-e-nentedhjete-e-katert-e-komisionit-shteteror-te-zgjedhjeve-e-mbajtur-me-8-prill-2024\/#primaryimage\"},\"image\":{\"@id\":\"https:\/\/www.sec.mk\/sq\/njoftim-nga-seanca-e-nentedhjete-e-katert-e-komisionit-shteteror-te-zgjedhjeve-e-mbajtur-me-8-prill-2024\/#primaryimage\"},\"thumbnailUrl\":\"https:\/\/www.sec.mk\/wp-content\/uploads\/2021\/08\/post-logo-sec-1.jpg\",\"datePublished\":\"2024-04-09T13:51:46+00:00\",\"dateModified\":\"2024-04-09T14:12:06+00:00\",\"author\":{\"@id\":\"https:\/\/www.sec.mk\/#\/schema\/person\/180b99a95caa0823f543ccc771cbb595\"},\"description\":\"N\u00eb seanc\u00eb, KSHZ vendosi lidhur me k\u00ebrkesat p\u00ebr mospranim t\u00eb kryerjes s\u00eb detyr\u00ebs kryetar, z\u00ebvend\u00ebskryetar, an\u00ebtar dhe z\u00ebvend\u00ebsan\u00ebtar i komisionit komunal\",\"breadcrumb\":{\"@id\":\"https:\/\/www.sec.mk\/sq\/njoftim-nga-seanca-e-nentedhjete-e-katert-e-komisionit-shteteror-te-zgjedhjeve-e-mbajtur-me-8-prill-2024\/#breadcrumb\"},\"inLanguage\":\"sq\",\"potentialAction\":[{\"@type\":\"ReadAction\",\"target\":[\"https:\/\/www.sec.mk\/sq\/njoftim-nga-seanca-e-nentedhjete-e-katert-e-komisionit-shteteror-te-zgjedhjeve-e-mbajtur-me-8-prill-2024\/\"]}]},{\"@type\":\"ImageObject\",\"inLanguage\":\"sq\",\"@id\":\"https:\/\/www.sec.mk\/sq\/njoftim-nga-seanca-e-nentedhjete-e-katert-e-komisionit-shteteror-te-zgjedhjeve-e-mbajtur-me-8-prill-2024\/#primaryimage\",\"url\":\"https:\/\/www.sec.mk\/wp-content\/uploads\/2021\/08\/post-logo-sec-1.jpg\",\"contentUrl\":\"https:\/\/www.sec.mk\/wp-content\/uploads\/2021\/08\/post-logo-sec-1.jpg\",\"width\":600,\"height\":449,\"caption\":\"\u041b\u043e\u0433\u043e \u0414\u0418\u041a \u043d\u043e\u0432\u043e\u0441\u0442\u0438\"},{\"@type\":\"BreadcrumbList\",\"@id\":\"https:\/\/www.sec.mk\/sq\/njoftim-nga-seanca-e-nentedhjete-e-katert-e-komisionit-shteteror-te-zgjedhjeve-e-mbajtur-me-8-prill-2024\/#breadcrumb\",\"itemListElement\":[{\"@type\":\"ListItem\",\"position\":1,\"name\":\"Home\",\"item\":\"https:\/\/www.sec.mk\/sq\/home-alb\/\"},{\"@type\":\"ListItem\",\"position\":2,\"name\":\"Njoftim nga seanca e n\u00ebnt\u00ebdhjet\u00eb e kat\u00ebrt e Komisionit Shtet\u00ebror t\u00eb Zgjedhjeve, e mbajtur m\u00eb 8 prill 2024\"}]},{\"@type\":\"WebSite\",\"@id\":\"https:\/\/www.sec.mk\/#website\",\"url\":\"https:\/\/www.sec.mk\/\",\"name\":\"Komisioni Shtet\u00ebror i Zgjedhjeve\",\"description\":\"\",\"potentialAction\":[{\"@type\":\"SearchAction\",\"target\":{\"@type\":\"EntryPoint\",\"urlTemplate\":\"https:\/\/www.sec.mk\/?s={search_term_string}\"},\"query-input\":{\"@type\":\"PropertyValueSpecification\",\"valueRequired\":true,\"valueName\":\"search_term_string\"}}],\"inLanguage\":\"sq\"},{\"@type\":\"Person\",\"@id\":\"https:\/\/www.sec.mk\/#\/schema\/person\/180b99a95caa0823f543ccc771cbb595\",\"name\":\"katerina\",\"image\":{\"@type\":\"ImageObject\",\"inLanguage\":\"sq\",\"@id\":\"https:\/\/www.sec.mk\/#\/schema\/person\/image\/\",\"url\":\"https:\/\/secure.gravatar.com\/avatar\/5cfc365f3132e14b477e0c3cf8010efa73d2d91b0ee4adf8fa2429ddecf4a541?s=96&d=mm&r=g\",\"contentUrl\":\"https:\/\/secure.gravatar.com\/avatar\/5cfc365f3132e14b477e0c3cf8010efa73d2d91b0ee4adf8fa2429ddecf4a541?s=96&d=mm&r=g\",\"caption\":\"katerina\"}}]}<\/script>\n<!-- \/ Yoast SEO plugin. -->","yoast_head_json":{"title":"Njoftim nga seanca e n\u00ebnt\u00ebdhjet\u00eb e kat\u00ebrt e Komisionit Shtet\u00ebror t\u00eb Zgjedhjeve, e mbajtur m\u00eb 8 prill 2024 - Komisioni Shtet\u00ebror i Zgjedhjeve","description":"N\u00eb seanc\u00eb, KSHZ vendosi lidhur me k\u00ebrkesat p\u00ebr mospranim t\u00eb kryerjes s\u00eb detyr\u00ebs kryetar, z\u00ebvend\u00ebskryetar, an\u00ebtar dhe z\u00ebvend\u00ebsan\u00ebtar i komisionit komunal","robots":{"index":"index","follow":"follow","max-snippet":"max-snippet:-1","max-image-preview":"max-image-preview:large","max-video-preview":"max-video-preview:-1"},"canonical":"https:\/\/www.sec.mk\/sq\/njoftim-nga-seanca-e-nentedhjete-e-katert-e-komisionit-shteteror-te-zgjedhjeve-e-mbajtur-me-8-prill-2024\/","og_locale":"sq_AL","og_type":"article","og_title":"Njoftim nga seanca e n\u00ebnt\u00ebdhjet\u00eb e kat\u00ebrt e Komisionit Shtet\u00ebror t\u00eb Zgjedhjeve, e mbajtur m\u00eb 8 prill 2024 - Komisioni Shtet\u00ebror i Zgjedhjeve","og_description":"N\u00eb seanc\u00eb, KSHZ vendosi lidhur me k\u00ebrkesat p\u00ebr mospranim t\u00eb kryerjes s\u00eb detyr\u00ebs kryetar, z\u00ebvend\u00ebskryetar, an\u00ebtar dhe z\u00ebvend\u00ebsan\u00ebtar i komisionit komunal","og_url":"https:\/\/www.sec.mk\/sq\/njoftim-nga-seanca-e-nentedhjete-e-katert-e-komisionit-shteteror-te-zgjedhjeve-e-mbajtur-me-8-prill-2024\/","og_site_name":"Komisioni Shtet\u00ebror i Zgjedhjeve","article_published_time":"2024-04-09T13:51:46+00:00","article_modified_time":"2024-04-09T14:12:06+00:00","og_image":[{"width":600,"height":449,"url":"http:\/\/www.sec.mk\/wp-content\/uploads\/2021\/08\/post-logo-sec-1.jpg","type":"image\/jpeg"}],"author":"katerina","twitter_card":"summary_large_image","twitter_misc":{"Written by":"katerina","Est. reading time":"2 minuta"},"schema":{"@context":"https:\/\/schema.org","@graph":[{"@type":"WebPage","@id":"https:\/\/www.sec.mk\/sq\/njoftim-nga-seanca-e-nentedhjete-e-katert-e-komisionit-shteteror-te-zgjedhjeve-e-mbajtur-me-8-prill-2024\/","url":"https:\/\/www.sec.mk\/sq\/njoftim-nga-seanca-e-nentedhjete-e-katert-e-komisionit-shteteror-te-zgjedhjeve-e-mbajtur-me-8-prill-2024\/","name":"Njoftim nga seanca e n\u00ebnt\u00ebdhjet\u00eb e kat\u00ebrt e Komisionit Shtet\u00ebror t\u00eb Zgjedhjeve, e mbajtur m\u00eb 8 prill 2024 - Komisioni Shtet\u00ebror i Zgjedhjeve","isPartOf":{"@id":"https:\/\/www.sec.mk\/#website"},"primaryImageOfPage":{"@id":"https:\/\/www.sec.mk\/sq\/njoftim-nga-seanca-e-nentedhjete-e-katert-e-komisionit-shteteror-te-zgjedhjeve-e-mbajtur-me-8-prill-2024\/#primaryimage"},"image":{"@id":"https:\/\/www.sec.mk\/sq\/njoftim-nga-seanca-e-nentedhjete-e-katert-e-komisionit-shteteror-te-zgjedhjeve-e-mbajtur-me-8-prill-2024\/#primaryimage"},"thumbnailUrl":"https:\/\/www.sec.mk\/wp-content\/uploads\/2021\/08\/post-logo-sec-1.jpg","datePublished":"2024-04-09T13:51:46+00:00","dateModified":"2024-04-09T14:12:06+00:00","author":{"@id":"https:\/\/www.sec.mk\/#\/schema\/person\/180b99a95caa0823f543ccc771cbb595"},"description":"N\u00eb seanc\u00eb, KSHZ vendosi lidhur me k\u00ebrkesat p\u00ebr mospranim t\u00eb kryerjes s\u00eb detyr\u00ebs kryetar, z\u00ebvend\u00ebskryetar, an\u00ebtar dhe z\u00ebvend\u00ebsan\u00ebtar i komisionit komunal","breadcrumb":{"@id":"https:\/\/www.sec.mk\/sq\/njoftim-nga-seanca-e-nentedhjete-e-katert-e-komisionit-shteteror-te-zgjedhjeve-e-mbajtur-me-8-prill-2024\/#breadcrumb"},"inLanguage":"sq","potentialAction":[{"@type":"ReadAction","target":["https:\/\/www.sec.mk\/sq\/njoftim-nga-seanca-e-nentedhjete-e-katert-e-komisionit-shteteror-te-zgjedhjeve-e-mbajtur-me-8-prill-2024\/"]}]},{"@type":"ImageObject","inLanguage":"sq","@id":"https:\/\/www.sec.mk\/sq\/njoftim-nga-seanca-e-nentedhjete-e-katert-e-komisionit-shteteror-te-zgjedhjeve-e-mbajtur-me-8-prill-2024\/#primaryimage","url":"https:\/\/www.sec.mk\/wp-content\/uploads\/2021\/08\/post-logo-sec-1.jpg","contentUrl":"https:\/\/www.sec.mk\/wp-content\/uploads\/2021\/08\/post-logo-sec-1.jpg","width":600,"height":449,"caption":"\u041b\u043e\u0433\u043e \u0414\u0418\u041a \u043d\u043e\u0432\u043e\u0441\u0442\u0438"},{"@type":"BreadcrumbList","@id":"https:\/\/www.sec.mk\/sq\/njoftim-nga-seanca-e-nentedhjete-e-katert-e-komisionit-shteteror-te-zgjedhjeve-e-mbajtur-me-8-prill-2024\/#breadcrumb","itemListElement":[{"@type":"ListItem","position":1,"name":"Home","item":"https:\/\/www.sec.mk\/sq\/home-alb\/"},{"@type":"ListItem","position":2,"name":"Njoftim nga seanca e n\u00ebnt\u00ebdhjet\u00eb e kat\u00ebrt e Komisionit Shtet\u00ebror t\u00eb Zgjedhjeve, e mbajtur m\u00eb 8 prill 2024"}]},{"@type":"WebSite","@id":"https:\/\/www.sec.mk\/#website","url":"https:\/\/www.sec.mk\/","name":"Komisioni Shtet\u00ebror i Zgjedhjeve","description":"","potentialAction":[{"@type":"SearchAction","target":{"@type":"EntryPoint","urlTemplate":"https:\/\/www.sec.mk\/?s={search_term_string}"},"query-input":{"@type":"PropertyValueSpecification","valueRequired":true,"valueName":"search_term_string"}}],"inLanguage":"sq"},{"@type":"Person","@id":"https:\/\/www.sec.mk\/#\/schema\/person\/180b99a95caa0823f543ccc771cbb595","name":"katerina","image":{"@type":"ImageObject","inLanguage":"sq","@id":"https:\/\/www.sec.mk\/#\/schema\/person\/image\/","url":"https:\/\/secure.gravatar.com\/avatar\/5cfc365f3132e14b477e0c3cf8010efa73d2d91b0ee4adf8fa2429ddecf4a541?s=96&d=mm&r=g","contentUrl":"https:\/\/secure.gravatar.com\/avatar\/5cfc365f3132e14b477e0c3cf8010efa73d2d91b0ee4adf8fa2429ddecf4a541?s=96&d=mm&r=g","caption":"katerina"}}]}},"_links":{"self":[{"href":"https:\/\/www.sec.mk\/sq\/wp-json\/wp\/v2\/posts\/42416","targetHints":{"allow":["GET"]}}],"collection":[{"href":"https:\/\/www.sec.mk\/sq\/wp-json\/wp\/v2\/posts"}],"about":[{"href":"https:\/\/www.sec.mk\/sq\/wp-json\/wp\/v2\/types\/post"}],"author":[{"embeddable":true,"href":"https:\/\/www.sec.mk\/sq\/wp-json\/wp\/v2\/users\/3"}],"replies":[{"embeddable":true,"href":"https:\/\/www.sec.mk\/sq\/wp-json\/wp\/v2\/comments?post=42416"}],"version-history":[{"count":4,"href":"https:\/\/www.sec.mk\/sq\/wp-json\/wp\/v2\/posts\/42416\/revisions"}],"predecessor-version":[{"id":42421,"href":"https:\/\/www.sec.mk\/sq\/wp-json\/wp\/v2\/posts\/42416\/revisions\/42421"}],"wp:featuredmedia":[{"embeddable":true,"href":"https:\/\/www.sec.mk\/sq\/wp-json\/wp\/v2\/media\/29937"}],"wp:attachment":[{"href":"https:\/\/www.sec.mk\/sq\/wp-json\/wp\/v2\/media?parent=42416"}],"wp:term":[{"taxonomy":"category","embeddable":true,"href":"https:\/\/www.sec.mk\/sq\/wp-json\/wp\/v2\/categories?post=42416"},{"taxonomy":"post_tag","embeddable":true,"href":"https:\/\/www.sec.mk\/sq\/wp-json\/wp\/v2\/tags?post=42416"}],"curies":[{"name":"wp","href":"https:\/\/api.w.org\/{rel}","templated":true}]}}