{"id":43066,"date":"2024-04-30T17:48:57","date_gmt":"2024-04-30T15:48:57","guid":{"rendered":"https:\/\/www.sec.mk\/?p=43066"},"modified":"2024-04-30T17:51:45","modified_gmt":"2024-04-30T15:51:45","slug":"kryetari-i-kshz-se-prof-d-r-aleksandar-dashtevski-per-mia-intensivisht-po-pergatitemi-per-zgjedhje-te-dyfishta-me-8-maj-qytetaret-do-te-mund-te-vijne-vetem-nje-here-per-te-votuar","status":"publish","type":"post","link":"https:\/\/www.sec.mk\/sq\/kryetari-i-kshz-se-prof-d-r-aleksandar-dashtevski-per-mia-intensivisht-po-pergatitemi-per-zgjedhje-te-dyfishta-me-8-maj-qytetaret-do-te-mund-te-vijne-vetem-nje-here-per-te-votuar\/","title":{"rendered":"Kryetari i KSHZ-s\u00eb, prof. d-r Aleksandar Dashtevski p\u00ebr MIA: Intensivisht po p\u00ebrgatitemi p\u00ebr zgjedhje t\u00eb dyfishta m\u00eb 8 maj, qytetar\u00ebt do t\u00eb mund t\u00eb vijn\u00eb vet\u00ebm nj\u00eb her\u00eb p\u00ebr t\u00eb votuar"},"content":{"rendered":"\n<p>Kryetari i Komisionit Shtet\u00ebror t\u00eb Zgjedhjeve, prof. d-r Aleksandar Dashtevski n\u00eb intervist\u00eb p\u00ebr MIA thot\u00eb q\u00eb n\u00eb m\u00ebnyr\u00eb intensive po punohet p\u00ebr p\u00ebrgatitjet p\u00ebr rrethin e dyt\u00eb t\u00eb zgjedhjeve presidenciale dhe zgjedhjet parlamentare m\u00eb 8 maj. Dashtevski e sqaron procedur\u00ebn p\u00ebr votim n\u00eb zgjedhjet duke e pasur parasysh se p\u00ebr zgjedhjet e dyfishta, votuesit do t\u00eb mund t\u00eb dalin vet\u00ebm nj\u00eb her\u00eb p\u00ebr t\u00eb votuar. Gjithashtu, ai u b\u00ebn thirrje votuesve ta shfryt\u00ebzojn\u00eb t\u00eb drejt\u00ebn e tyre t\u00eb vot\u00ebs n\u00eb m\u00ebnyr\u00eb t\u00eb denj\u00eb dhe pa presione m\u00eb 8 maj si dhe t\u00eb kemi zgjedhje t\u00eb drejta, demokratike dhe t\u00eb lira.<\/p>\n\n\n\n<p>&#8211; Duke e pasur parasysh se b\u00ebhet fjal\u00eb p\u00ebr rrethin e dyt\u00eb dhe disa pun\u00eb tashm\u00eb jan\u00eb kryer p\u00ebr rrethin e dyt\u00eb, pun\u00eb p\u00ebrgatitore po zhvillohen edhe m\u00eb mir\u00eb, madje \u00ebsht\u00eb punuar edhe gjat\u00eb fundjavave. T\u00eb premten e p\u00ebrcaktuam si do t\u00eb duket flet\u00ebvotimi q\u00eb do t\u00eb p\u00ebrdoret p\u00ebr rrethin e dyt\u00eb t\u00eb zgjedhjeve presidenciale, nd\u00ebrsa flet\u00ebvotimet tjera p\u00ebr zgjedhjet paralamentare jan\u00eb n\u00eb proces t\u00eb shtypit, procesverbalet dhe materialet tjera konfidenciale jan\u00eb kah fundi, ashtu q\u00eb tanim\u00eb jemi n\u00eb shkall\u00eb t\u00eb mir\u00eb t\u00eb p\u00ebrgatitjes, tha Dashtevski.<\/p>\n\n\n\n<p>Jan\u00eb kthyer t\u00eb gjitha pajisjet p\u00ebr identifikim biometrik, nd\u00ebrsa pastaj futen t\u00eb dh\u00ebnat p\u00ebr rrethin e dyt\u00eb t\u00eb zgjedhjeve, shtoi kryetari i KSHZ-s\u00eb, duke theksuar q\u00eb personat e angazhuar p\u00ebr zgjedhjet kan\u00eb punuar n\u00eb m\u00ebnyr\u00eb t\u00eb palodhshme edhe gjat\u00eb fundjavave q\u00eb t\u00eb mund gjith\u00e7ka t\u00eb jet\u00eb e mbaruar me koh\u00eb. Dashtevski e theksoi edhe vler\u00ebsimin pozitiv q\u00eb KSHZ e fitoi nga OSBE\/ODIHR.<\/p>\n\n\n\n<p>&#8211; Pra, shum\u00eb pun\u00eb, megjithat\u00eb shpresoj q\u00eb, pasi n\u00eb rrethin e par\u00eb gjith\u00e7ka p\u00ebrfundoi mir\u00eb, ja un\u00eb gjat\u00eb k\u00ebsaj do kisha th\u00ebn\u00eb \u2013 patjet\u00ebr duhet cekur q\u00eb nj\u00eb nga pikat e rralla t\u00eb ndritshme n\u00ebse jo edhe e vetmja n\u00eb raportin e OSBE\/ODIHR-s\u00eb \u00ebsht\u00eb l\u00ebvdata p\u00ebr KSHZ-n\u00eb, q\u00eb mir\u00eb e ka kryer pun\u00ebn e vet, q\u00eb nuk ishte rasti me organet tjera shtet\u00ebrore. Don\u00eb t\u00eb thot\u00eb, kur t\u00eb vendosen individ\u00ebt e duhur n\u00eb vendet e duhura, puna mund t\u00eb kryhet mir\u00eb dhe kjo duhet t\u00eb jet\u00eb praktik\u00eb te ne, t\u00eb mos jet\u00eb p\u00ebrjashtim, deklaroi ai.<\/p>\n\n\n\n<p><strong>Video intervist\u00ebn mund ta shihni n\u00eb linkun m\u00eb posht\u00eb: <\/strong><a href=\"https:\/\/www.youtube.com\/watch?v=asRp2R_MvnI&amp;t=61s&amp;ab_channel=MIAMediaInformationAgencyVIDEO\">https:\/\/www.youtube.com\/watch?v=asRp2R_MvnI&amp;t=61s&amp;ab_channel=MIAMediaInformationAgencyVIDEO<\/a><\/p>\n\n\n\n<figure class=\"wp-block-gallery has-nested-images columns-default is-cropped wp-block-gallery-1 is-layout-flex wp-block-gallery-is-layout-flex\">\n<figure class=\"wp-block-image size-large\"><a href=\"https:\/\/www.sec.mk\/wp-content\/uploads\/2024\/04\/20240430_173943.jpg\"><img decoding=\"async\" width=\"730\" height=\"411\" data-id=\"43068\" src=\"https:\/\/www.sec.mk\/wp-content\/uploads\/2024\/04\/20240430_173943.jpg\" alt=\"\" class=\"wp-image-43068\" srcset=\"https:\/\/www.sec.mk\/wp-content\/uploads\/2024\/04\/20240430_173943.jpg 730w, https:\/\/www.sec.mk\/wp-content\/uploads\/2024\/04\/20240430_173943-300x169.jpg 300w, https:\/\/www.sec.mk\/wp-content\/uploads\/2024\/04\/20240430_173943-705x397.jpg 705w\" sizes=\"(max-width: 730px) 100vw, 730px\" \/><\/a><\/figure>\n\n\n\n<figure class=\"wp-block-image size-gallery\"><a href=\"https:\/\/www.sec.mk\/wp-content\/uploads\/2024\/04\/20240430_174044.jpg\"><img decoding=\"async\" width=\"845\" height=\"607\" data-id=\"43070\" src=\"https:\/\/www.sec.mk\/wp-content\/uploads\/2024\/04\/20240430_174044-845x607.jpg\" alt=\"\" class=\"wp-image-43070\"\/><\/a><\/figure>\n<\/figure>\n\n\n\n<p>.<\/p>\n\n\n\n<p class=\"has-text-align-center\"><strong>KOMISIONI SHTET\u00cbROR I ZGJEDHJEVE<\/strong><\/p>\n","protected":false},"excerpt":{"rendered":"<p>Kryetari i Komisionit Shtet\u00ebror t\u00eb Zgjedhjeve, prof. d-r Aleksandar Dashtevski n\u00eb intervist\u00eb p\u00ebr MIA thot\u00eb q\u00eb n\u00eb m\u00ebnyr\u00eb intensive po punohet p\u00ebr p\u00ebrgatitjet p\u00ebr rrethin e dyt\u00eb t\u00eb zgjedhjeve presidenciale [&hellip;]<\/p>\n","protected":false},"author":3,"featured_media":43069,"comment_status":"closed","ping_status":"closed","sticky":false,"template":"","format":"standard","meta":{"footnotes":""},"categories":[23,21],"tags":[],"class_list":["post-43066","post","type-post","status-publish","format-standard","has-post-thumbnail","hentry","category-njoftime","category-risi"],"yoast_head":"<!-- This site is optimized with the Yoast SEO plugin v26.2 - https:\/\/yoast.com\/wordpress\/plugins\/seo\/ -->\n<title>Kryetari i KSHZ-s\u00eb, prof. d-r Aleksandar Dashtevski p\u00ebr MIA: Intensivisht po p\u00ebrgatitemi p\u00ebr zgjedhje t\u00eb dyfishta m\u00eb 8 maj, qytetar\u00ebt do t\u00eb mund t\u00eb vijn\u00eb vet\u00ebm nj\u00eb her\u00eb p\u00ebr t\u00eb votuar - Komisioni Shtet\u00ebror i Zgjedhjeve<\/title>\n<meta name=\"description\" content=\"Kryetari i Komisionit Shtet\u00ebror t\u00eb Zgjedhjeve, prof. d-r Aleksandar Dashtevski n\u00eb intervist\u00eb p\u00ebr MIA thot\u00eb q\u00eb n\u00eb m\u00ebnyr\u00eb intensive po punohet p\u00ebr\" \/>\n<meta name=\"robots\" content=\"index, follow, max-snippet:-1, max-image-preview:large, max-video-preview:-1\" \/>\n<link rel=\"canonical\" href=\"https:\/\/www.sec.mk\/sq\/kryetari-i-kshz-se-prof-d-r-aleksandar-dashtevski-per-mia-intensivisht-po-pergatitemi-per-zgjedhje-te-dyfishta-me-8-maj-qytetaret-do-te-mund-te-vijne-vetem-nje-here-per-te-votuar\/\" \/>\n<meta property=\"og:locale\" content=\"sq_AL\" \/>\n<meta property=\"og:type\" content=\"article\" \/>\n<meta property=\"og:title\" content=\"Kryetari i KSHZ-s\u00eb, prof. d-r Aleksandar Dashtevski p\u00ebr MIA: Intensivisht po p\u00ebrgatitemi p\u00ebr zgjedhje t\u00eb dyfishta m\u00eb 8 maj, qytetar\u00ebt do t\u00eb mund t\u00eb vijn\u00eb vet\u00ebm nj\u00eb her\u00eb p\u00ebr t\u00eb votuar - Komisioni Shtet\u00ebror i Zgjedhjeve\" \/>\n<meta property=\"og:description\" content=\"Kryetari i Komisionit Shtet\u00ebror t\u00eb Zgjedhjeve, prof. d-r Aleksandar Dashtevski n\u00eb intervist\u00eb p\u00ebr MIA thot\u00eb q\u00eb n\u00eb m\u00ebnyr\u00eb intensive po punohet p\u00ebr\" \/>\n<meta property=\"og:url\" content=\"https:\/\/www.sec.mk\/sq\/kryetari-i-kshz-se-prof-d-r-aleksandar-dashtevski-per-mia-intensivisht-po-pergatitemi-per-zgjedhje-te-dyfishta-me-8-maj-qytetaret-do-te-mund-te-vijne-vetem-nje-here-per-te-votuar\/\" \/>\n<meta property=\"og:site_name\" content=\"Komisioni Shtet\u00ebror i Zgjedhjeve\" \/>\n<meta property=\"article:published_time\" content=\"2024-04-30T15:48:57+00:00\" \/>\n<meta property=\"article:modified_time\" content=\"2024-04-30T15:51:45+00:00\" \/>\n<meta property=\"og:image\" content=\"http:\/\/www.sec.mk\/wp-content\/uploads\/2024\/04\/20240430_173943.jpg\" \/>\n\t<meta property=\"og:image:width\" content=\"730\" \/>\n\t<meta property=\"og:image:height\" content=\"411\" \/>\n\t<meta property=\"og:image:type\" content=\"image\/jpeg\" \/>\n<meta name=\"author\" content=\"katerina\" \/>\n<meta name=\"twitter:card\" content=\"summary_large_image\" \/>\n<meta name=\"twitter:label1\" content=\"Written by\" \/>\n\t<meta name=\"twitter:data1\" content=\"katerina\" \/>\n\t<meta name=\"twitter:label2\" content=\"Est. reading time\" \/>\n\t<meta name=\"twitter:data2\" content=\"3 minuta\" \/>\n<script type=\"application\/ld+json\" class=\"yoast-schema-graph\">{\"@context\":\"https:\/\/schema.org\",\"@graph\":[{\"@type\":\"WebPage\",\"@id\":\"https:\/\/www.sec.mk\/sq\/kryetari-i-kshz-se-prof-d-r-aleksandar-dashtevski-per-mia-intensivisht-po-pergatitemi-per-zgjedhje-te-dyfishta-me-8-maj-qytetaret-do-te-mund-te-vijne-vetem-nje-here-per-te-votuar\/\",\"url\":\"https:\/\/www.sec.mk\/sq\/kryetari-i-kshz-se-prof-d-r-aleksandar-dashtevski-per-mia-intensivisht-po-pergatitemi-per-zgjedhje-te-dyfishta-me-8-maj-qytetaret-do-te-mund-te-vijne-vetem-nje-here-per-te-votuar\/\",\"name\":\"Kryetari i KSHZ-s\u00eb, prof. d-r Aleksandar Dashtevski p\u00ebr MIA: Intensivisht po p\u00ebrgatitemi p\u00ebr zgjedhje t\u00eb dyfishta m\u00eb 8 maj, qytetar\u00ebt do t\u00eb mund t\u00eb vijn\u00eb vet\u00ebm nj\u00eb her\u00eb p\u00ebr t\u00eb votuar - Komisioni Shtet\u00ebror i Zgjedhjeve\",\"isPartOf\":{\"@id\":\"https:\/\/www.sec.mk\/#website\"},\"primaryImageOfPage\":{\"@id\":\"https:\/\/www.sec.mk\/sq\/kryetari-i-kshz-se-prof-d-r-aleksandar-dashtevski-per-mia-intensivisht-po-pergatitemi-per-zgjedhje-te-dyfishta-me-8-maj-qytetaret-do-te-mund-te-vijne-vetem-nje-here-per-te-votuar\/#primaryimage\"},\"image\":{\"@id\":\"https:\/\/www.sec.mk\/sq\/kryetari-i-kshz-se-prof-d-r-aleksandar-dashtevski-per-mia-intensivisht-po-pergatitemi-per-zgjedhje-te-dyfishta-me-8-maj-qytetaret-do-te-mund-te-vijne-vetem-nje-here-per-te-votuar\/#primaryimage\"},\"thumbnailUrl\":\"https:\/\/www.sec.mk\/wp-content\/uploads\/2024\/04\/20240430_173943.jpg\",\"datePublished\":\"2024-04-30T15:48:57+00:00\",\"dateModified\":\"2024-04-30T15:51:45+00:00\",\"author\":{\"@id\":\"https:\/\/www.sec.mk\/#\/schema\/person\/180b99a95caa0823f543ccc771cbb595\"},\"description\":\"Kryetari i Komisionit Shtet\u00ebror t\u00eb Zgjedhjeve, prof. d-r Aleksandar Dashtevski n\u00eb intervist\u00eb p\u00ebr MIA thot\u00eb q\u00eb n\u00eb m\u00ebnyr\u00eb intensive po punohet p\u00ebr\",\"breadcrumb\":{\"@id\":\"https:\/\/www.sec.mk\/sq\/kryetari-i-kshz-se-prof-d-r-aleksandar-dashtevski-per-mia-intensivisht-po-pergatitemi-per-zgjedhje-te-dyfishta-me-8-maj-qytetaret-do-te-mund-te-vijne-vetem-nje-here-per-te-votuar\/#breadcrumb\"},\"inLanguage\":\"sq\",\"potentialAction\":[{\"@type\":\"ReadAction\",\"target\":[\"https:\/\/www.sec.mk\/sq\/kryetari-i-kshz-se-prof-d-r-aleksandar-dashtevski-per-mia-intensivisht-po-pergatitemi-per-zgjedhje-te-dyfishta-me-8-maj-qytetaret-do-te-mund-te-vijne-vetem-nje-here-per-te-votuar\/\"]}]},{\"@type\":\"ImageObject\",\"inLanguage\":\"sq\",\"@id\":\"https:\/\/www.sec.mk\/sq\/kryetari-i-kshz-se-prof-d-r-aleksandar-dashtevski-per-mia-intensivisht-po-pergatitemi-per-zgjedhje-te-dyfishta-me-8-maj-qytetaret-do-te-mund-te-vijne-vetem-nje-here-per-te-votuar\/#primaryimage\",\"url\":\"https:\/\/www.sec.mk\/wp-content\/uploads\/2024\/04\/20240430_173943.jpg\",\"contentUrl\":\"https:\/\/www.sec.mk\/wp-content\/uploads\/2024\/04\/20240430_173943.jpg\",\"width\":730,\"height\":411},{\"@type\":\"BreadcrumbList\",\"@id\":\"https:\/\/www.sec.mk\/sq\/kryetari-i-kshz-se-prof-d-r-aleksandar-dashtevski-per-mia-intensivisht-po-pergatitemi-per-zgjedhje-te-dyfishta-me-8-maj-qytetaret-do-te-mund-te-vijne-vetem-nje-here-per-te-votuar\/#breadcrumb\",\"itemListElement\":[{\"@type\":\"ListItem\",\"position\":1,\"name\":\"Home\",\"item\":\"https:\/\/www.sec.mk\/sq\/home-alb\/\"},{\"@type\":\"ListItem\",\"position\":2,\"name\":\"Kryetari i KSHZ-s\u00eb, prof. d-r Aleksandar Dashtevski p\u00ebr MIA: Intensivisht po p\u00ebrgatitemi p\u00ebr zgjedhje t\u00eb dyfishta m\u00eb 8 maj, qytetar\u00ebt do t\u00eb mund t\u00eb vijn\u00eb vet\u00ebm nj\u00eb her\u00eb p\u00ebr t\u00eb votuar\"}]},{\"@type\":\"WebSite\",\"@id\":\"https:\/\/www.sec.mk\/#website\",\"url\":\"https:\/\/www.sec.mk\/\",\"name\":\"Komisioni Shtet\u00ebror i Zgjedhjeve\",\"description\":\"\",\"potentialAction\":[{\"@type\":\"SearchAction\",\"target\":{\"@type\":\"EntryPoint\",\"urlTemplate\":\"https:\/\/www.sec.mk\/?s={search_term_string}\"},\"query-input\":{\"@type\":\"PropertyValueSpecification\",\"valueRequired\":true,\"valueName\":\"search_term_string\"}}],\"inLanguage\":\"sq\"},{\"@type\":\"Person\",\"@id\":\"https:\/\/www.sec.mk\/#\/schema\/person\/180b99a95caa0823f543ccc771cbb595\",\"name\":\"katerina\",\"image\":{\"@type\":\"ImageObject\",\"inLanguage\":\"sq\",\"@id\":\"https:\/\/www.sec.mk\/#\/schema\/person\/image\/\",\"url\":\"https:\/\/secure.gravatar.com\/avatar\/5cfc365f3132e14b477e0c3cf8010efa73d2d91b0ee4adf8fa2429ddecf4a541?s=96&d=mm&r=g\",\"contentUrl\":\"https:\/\/secure.gravatar.com\/avatar\/5cfc365f3132e14b477e0c3cf8010efa73d2d91b0ee4adf8fa2429ddecf4a541?s=96&d=mm&r=g\",\"caption\":\"katerina\"}}]}<\/script>\n<!-- \/ Yoast SEO plugin. -->","yoast_head_json":{"title":"Kryetari i KSHZ-s\u00eb, prof. d-r Aleksandar Dashtevski p\u00ebr MIA: Intensivisht po p\u00ebrgatitemi p\u00ebr zgjedhje t\u00eb dyfishta m\u00eb 8 maj, qytetar\u00ebt do t\u00eb mund t\u00eb vijn\u00eb vet\u00ebm nj\u00eb her\u00eb p\u00ebr t\u00eb votuar - Komisioni Shtet\u00ebror i Zgjedhjeve","description":"Kryetari i Komisionit Shtet\u00ebror t\u00eb Zgjedhjeve, prof. d-r Aleksandar Dashtevski n\u00eb intervist\u00eb p\u00ebr MIA thot\u00eb q\u00eb n\u00eb m\u00ebnyr\u00eb intensive po punohet p\u00ebr","robots":{"index":"index","follow":"follow","max-snippet":"max-snippet:-1","max-image-preview":"max-image-preview:large","max-video-preview":"max-video-preview:-1"},"canonical":"https:\/\/www.sec.mk\/sq\/kryetari-i-kshz-se-prof-d-r-aleksandar-dashtevski-per-mia-intensivisht-po-pergatitemi-per-zgjedhje-te-dyfishta-me-8-maj-qytetaret-do-te-mund-te-vijne-vetem-nje-here-per-te-votuar\/","og_locale":"sq_AL","og_type":"article","og_title":"Kryetari i KSHZ-s\u00eb, prof. d-r Aleksandar Dashtevski p\u00ebr MIA: Intensivisht po p\u00ebrgatitemi p\u00ebr zgjedhje t\u00eb dyfishta m\u00eb 8 maj, qytetar\u00ebt do t\u00eb mund t\u00eb vijn\u00eb vet\u00ebm nj\u00eb her\u00eb p\u00ebr t\u00eb votuar - Komisioni Shtet\u00ebror i Zgjedhjeve","og_description":"Kryetari i Komisionit Shtet\u00ebror t\u00eb Zgjedhjeve, prof. d-r Aleksandar Dashtevski n\u00eb intervist\u00eb p\u00ebr MIA thot\u00eb q\u00eb n\u00eb m\u00ebnyr\u00eb intensive po punohet p\u00ebr","og_url":"https:\/\/www.sec.mk\/sq\/kryetari-i-kshz-se-prof-d-r-aleksandar-dashtevski-per-mia-intensivisht-po-pergatitemi-per-zgjedhje-te-dyfishta-me-8-maj-qytetaret-do-te-mund-te-vijne-vetem-nje-here-per-te-votuar\/","og_site_name":"Komisioni Shtet\u00ebror i Zgjedhjeve","article_published_time":"2024-04-30T15:48:57+00:00","article_modified_time":"2024-04-30T15:51:45+00:00","og_image":[{"width":730,"height":411,"url":"http:\/\/www.sec.mk\/wp-content\/uploads\/2024\/04\/20240430_173943.jpg","type":"image\/jpeg"}],"author":"katerina","twitter_card":"summary_large_image","twitter_misc":{"Written by":"katerina","Est. reading time":"3 minuta"},"schema":{"@context":"https:\/\/schema.org","@graph":[{"@type":"WebPage","@id":"https:\/\/www.sec.mk\/sq\/kryetari-i-kshz-se-prof-d-r-aleksandar-dashtevski-per-mia-intensivisht-po-pergatitemi-per-zgjedhje-te-dyfishta-me-8-maj-qytetaret-do-te-mund-te-vijne-vetem-nje-here-per-te-votuar\/","url":"https:\/\/www.sec.mk\/sq\/kryetari-i-kshz-se-prof-d-r-aleksandar-dashtevski-per-mia-intensivisht-po-pergatitemi-per-zgjedhje-te-dyfishta-me-8-maj-qytetaret-do-te-mund-te-vijne-vetem-nje-here-per-te-votuar\/","name":"Kryetari i KSHZ-s\u00eb, prof. d-r Aleksandar Dashtevski p\u00ebr MIA: Intensivisht po p\u00ebrgatitemi p\u00ebr zgjedhje t\u00eb dyfishta m\u00eb 8 maj, qytetar\u00ebt do t\u00eb mund t\u00eb vijn\u00eb vet\u00ebm nj\u00eb her\u00eb p\u00ebr t\u00eb votuar - Komisioni Shtet\u00ebror i Zgjedhjeve","isPartOf":{"@id":"https:\/\/www.sec.mk\/#website"},"primaryImageOfPage":{"@id":"https:\/\/www.sec.mk\/sq\/kryetari-i-kshz-se-prof-d-r-aleksandar-dashtevski-per-mia-intensivisht-po-pergatitemi-per-zgjedhje-te-dyfishta-me-8-maj-qytetaret-do-te-mund-te-vijne-vetem-nje-here-per-te-votuar\/#primaryimage"},"image":{"@id":"https:\/\/www.sec.mk\/sq\/kryetari-i-kshz-se-prof-d-r-aleksandar-dashtevski-per-mia-intensivisht-po-pergatitemi-per-zgjedhje-te-dyfishta-me-8-maj-qytetaret-do-te-mund-te-vijne-vetem-nje-here-per-te-votuar\/#primaryimage"},"thumbnailUrl":"https:\/\/www.sec.mk\/wp-content\/uploads\/2024\/04\/20240430_173943.jpg","datePublished":"2024-04-30T15:48:57+00:00","dateModified":"2024-04-30T15:51:45+00:00","author":{"@id":"https:\/\/www.sec.mk\/#\/schema\/person\/180b99a95caa0823f543ccc771cbb595"},"description":"Kryetari i Komisionit Shtet\u00ebror t\u00eb Zgjedhjeve, prof. d-r Aleksandar Dashtevski n\u00eb intervist\u00eb p\u00ebr MIA thot\u00eb q\u00eb n\u00eb m\u00ebnyr\u00eb intensive po punohet p\u00ebr","breadcrumb":{"@id":"https:\/\/www.sec.mk\/sq\/kryetari-i-kshz-se-prof-d-r-aleksandar-dashtevski-per-mia-intensivisht-po-pergatitemi-per-zgjedhje-te-dyfishta-me-8-maj-qytetaret-do-te-mund-te-vijne-vetem-nje-here-per-te-votuar\/#breadcrumb"},"inLanguage":"sq","potentialAction":[{"@type":"ReadAction","target":["https:\/\/www.sec.mk\/sq\/kryetari-i-kshz-se-prof-d-r-aleksandar-dashtevski-per-mia-intensivisht-po-pergatitemi-per-zgjedhje-te-dyfishta-me-8-maj-qytetaret-do-te-mund-te-vijne-vetem-nje-here-per-te-votuar\/"]}]},{"@type":"ImageObject","inLanguage":"sq","@id":"https:\/\/www.sec.mk\/sq\/kryetari-i-kshz-se-prof-d-r-aleksandar-dashtevski-per-mia-intensivisht-po-pergatitemi-per-zgjedhje-te-dyfishta-me-8-maj-qytetaret-do-te-mund-te-vijne-vetem-nje-here-per-te-votuar\/#primaryimage","url":"https:\/\/www.sec.mk\/wp-content\/uploads\/2024\/04\/20240430_173943.jpg","contentUrl":"https:\/\/www.sec.mk\/wp-content\/uploads\/2024\/04\/20240430_173943.jpg","width":730,"height":411},{"@type":"BreadcrumbList","@id":"https:\/\/www.sec.mk\/sq\/kryetari-i-kshz-se-prof-d-r-aleksandar-dashtevski-per-mia-intensivisht-po-pergatitemi-per-zgjedhje-te-dyfishta-me-8-maj-qytetaret-do-te-mund-te-vijne-vetem-nje-here-per-te-votuar\/#breadcrumb","itemListElement":[{"@type":"ListItem","position":1,"name":"Home","item":"https:\/\/www.sec.mk\/sq\/home-alb\/"},{"@type":"ListItem","position":2,"name":"Kryetari i KSHZ-s\u00eb, prof. d-r Aleksandar Dashtevski p\u00ebr MIA: Intensivisht po p\u00ebrgatitemi p\u00ebr zgjedhje t\u00eb dyfishta m\u00eb 8 maj, qytetar\u00ebt do t\u00eb mund t\u00eb vijn\u00eb vet\u00ebm nj\u00eb her\u00eb p\u00ebr t\u00eb votuar"}]},{"@type":"WebSite","@id":"https:\/\/www.sec.mk\/#website","url":"https:\/\/www.sec.mk\/","name":"Komisioni Shtet\u00ebror i Zgjedhjeve","description":"","potentialAction":[{"@type":"SearchAction","target":{"@type":"EntryPoint","urlTemplate":"https:\/\/www.sec.mk\/?s={search_term_string}"},"query-input":{"@type":"PropertyValueSpecification","valueRequired":true,"valueName":"search_term_string"}}],"inLanguage":"sq"},{"@type":"Person","@id":"https:\/\/www.sec.mk\/#\/schema\/person\/180b99a95caa0823f543ccc771cbb595","name":"katerina","image":{"@type":"ImageObject","inLanguage":"sq","@id":"https:\/\/www.sec.mk\/#\/schema\/person\/image\/","url":"https:\/\/secure.gravatar.com\/avatar\/5cfc365f3132e14b477e0c3cf8010efa73d2d91b0ee4adf8fa2429ddecf4a541?s=96&d=mm&r=g","contentUrl":"https:\/\/secure.gravatar.com\/avatar\/5cfc365f3132e14b477e0c3cf8010efa73d2d91b0ee4adf8fa2429ddecf4a541?s=96&d=mm&r=g","caption":"katerina"}}]}},"_links":{"self":[{"href":"https:\/\/www.sec.mk\/sq\/wp-json\/wp\/v2\/posts\/43066","targetHints":{"allow":["GET"]}}],"collection":[{"href":"https:\/\/www.sec.mk\/sq\/wp-json\/wp\/v2\/posts"}],"about":[{"href":"https:\/\/www.sec.mk\/sq\/wp-json\/wp\/v2\/types\/post"}],"author":[{"embeddable":true,"href":"https:\/\/www.sec.mk\/sq\/wp-json\/wp\/v2\/users\/3"}],"replies":[{"embeddable":true,"href":"https:\/\/www.sec.mk\/sq\/wp-json\/wp\/v2\/comments?post=43066"}],"version-history":[{"count":4,"href":"https:\/\/www.sec.mk\/sq\/wp-json\/wp\/v2\/posts\/43066\/revisions"}],"predecessor-version":[{"id":43076,"href":"https:\/\/www.sec.mk\/sq\/wp-json\/wp\/v2\/posts\/43066\/revisions\/43076"}],"wp:featuredmedia":[{"embeddable":true,"href":"https:\/\/www.sec.mk\/sq\/wp-json\/wp\/v2\/media\/43069"}],"wp:attachment":[{"href":"https:\/\/www.sec.mk\/sq\/wp-json\/wp\/v2\/media?parent=43066"}],"wp:term":[{"taxonomy":"category","embeddable":true,"href":"https:\/\/www.sec.mk\/sq\/wp-json\/wp\/v2\/categories?post=43066"},{"taxonomy":"post_tag","embeddable":true,"href":"https:\/\/www.sec.mk\/sq\/wp-json\/wp\/v2\/tags?post=43066"}],"curies":[{"name":"wp","href":"https:\/\/api.w.org\/{rel}","templated":true}]}}