{"id":44136,"date":"2025-02-06T16:11:04","date_gmt":"2025-02-06T15:11:04","guid":{"rendered":"https:\/\/www.sec.mk\/?p=44136"},"modified":"2025-02-06T16:17:00","modified_gmt":"2025-02-06T15:17:00","slug":"dita-globale-e-zgjedhjeve-2","status":"publish","type":"post","link":"https:\/\/www.sec.mk\/sq\/dita-globale-e-zgjedhjeve-2\/","title":{"rendered":"Dita globale e zgjedhjeve"},"content":{"rendered":"\n<p>Komisioni Shtet\u00ebror i Zgjedhjeve (KSHZ) i bashkohet festimit t\u00eb Dit\u00ebs Globale t\u00eb Zgjedhjeve, e cila tradicionalisht festohet \u00e7do t\u00eb enjte t\u00eb par\u00eb t\u00eb shkurtit. Kjo dit\u00eb i kushtohet n\u00ebnvizimit t\u00eb r\u00ebnd\u00ebsis\u00eb s\u00eb proceseve zgjedhore si themeli i demokracis\u00eb dhe promovimit t\u00eb standardeve zgjedhore n\u00eb mbar\u00eb bot\u00ebn.<\/p>\n\n\n\n<p>Zgjedhjet jan\u00eb themeli i demokracis\u00eb dhe t\u00eb gjitha organet zgjedhore theksojn\u00eb n\u00eb m\u00ebnyr\u00eb t\u00eb duhur r\u00ebnd\u00ebsin\u00eb e k\u00ebsaj dite, duke theksuar r\u00ebnd\u00ebsin\u00eb e proceseve zgjedhore transparente, t\u00eb drejta dhe t\u00eb besueshme.<\/p>\n\n\n\n<p>Si autoriteti m\u00eb i lart\u00eb p\u00ebr organizimin dhe zhvillimin e zgjedhjeve n\u00eb Republik\u00ebn e Maqedonis\u00eb s\u00eb Veriut, KSHZ-ja n\u00eb vazhdim\u00ebsi kontribuon n\u00eb imazhin dhe reputacionin pozitiv t\u00eb vendit, duke forcuar proceset demokratike duke i zhvilluar zgjedhjet n\u00eb p\u00ebrputhje me legjislacionin vendas dhe standardet m\u00eb t\u00eb larta nd\u00ebrkomb\u00ebtare.<\/p>\n\n\n\n<p>Ky vit \u00ebsht\u00eb vit zgjedhor dhe KSHZ-ja tashm\u00eb \u00ebsht\u00eb duke i b\u00ebr\u00eb t\u00eb gjitha p\u00ebrgatitjet e nevojshme p\u00ebr realizimin e zgjedhjeve t\u00eb ardhshme lokale. N\u00eb k\u00ebt\u00eb proces, Komisioni bashk\u00ebpunon me aktor\u00eb t\u00eb ndrysh\u00ebm, p\u00ebrfshir\u00eb institucionet shtet\u00ebrore, partit\u00eb politike, organizatat e shoq\u00ebris\u00eb civile, mediat dhe partner\u00ebt nd\u00ebrkomb\u00ebtar\u00eb, p\u00ebr t\u00eb siguruar nj\u00eb proces zgjedhor gjith\u00ebp\u00ebrfshir\u00ebs dhe t\u00eb besuesh\u00ebm.<\/p>\n\n\n\n<p>Me k\u00ebt\u00eb rast, KSHZ-ja shpreh mir\u00ebnjohjen p\u00ebr t\u00eb gjith\u00eb bashk\u00ebpun\u00ebtor\u00ebt t\u00eb cil\u00ebt me p\u00ebrkushtimin e tyre kontribuojn\u00eb n\u00eb organizimin e suksessh\u00ebm t\u00eb zgjedhjeve. Besojm\u00eb se bashk\u00ebpunimi i m\u00ebtejsh\u00ebm korrekt dhe profesional do t\u00eb vazhdoj\u00eb edhe n\u00eb t\u00eb ardhmen.<\/p>\n\n\n\n<p class=\"has-text-align-center\"><strong>KOMISIONI SHTET\u00cbROR I ZGJEDHJEVE<\/strong><\/p>\n","protected":false},"excerpt":{"rendered":"<p>Komisioni Shtet\u00ebror i Zgjedhjeve (KSHZ) i bashkohet festimit t\u00eb Dit\u00ebs Globale t\u00eb Zgjedhjeve, e cila tradicionalisht festohet \u00e7do t\u00eb enjte t\u00eb par\u00eb t\u00eb shkurtit. Kjo dit\u00eb i kushtohet n\u00ebnvizimit t\u00eb [&hellip;]<\/p>\n","protected":false},"author":3,"featured_media":29937,"comment_status":"closed","ping_status":"closed","sticky":false,"template":"","format":"standard","meta":{"footnotes":""},"categories":[23,21],"tags":[],"class_list":["post-44136","post","type-post","status-publish","format-standard","has-post-thumbnail","hentry","category-njoftime","category-risi"],"yoast_head":"<!-- This site is optimized with the Yoast SEO plugin v26.2 - https:\/\/yoast.com\/wordpress\/plugins\/seo\/ -->\n<title>Dita globale e zgjedhjeve - Komisioni Shtet\u00ebror i Zgjedhjeve<\/title>\n<meta name=\"description\" content=\"Komisioni Shtet\u00ebror i Zgjedhjeve (KSHZ) i bashkohet festimit t\u00eb Dit\u00ebs Globale t\u00eb Zgjedhjeve, e cila tradicionalisht festohet \u00e7do t\u00eb enjte t\u00eb par\u00eb t\u00eb\" \/>\n<meta name=\"robots\" content=\"index, follow, max-snippet:-1, max-image-preview:large, max-video-preview:-1\" \/>\n<link rel=\"canonical\" href=\"https:\/\/www.sec.mk\/sq\/dita-globale-e-zgjedhjeve-2\/\" \/>\n<meta property=\"og:locale\" content=\"sq_AL\" \/>\n<meta property=\"og:type\" content=\"article\" \/>\n<meta property=\"og:title\" content=\"Dita globale e zgjedhjeve - Komisioni Shtet\u00ebror i Zgjedhjeve\" \/>\n<meta property=\"og:description\" content=\"Komisioni Shtet\u00ebror i Zgjedhjeve (KSHZ) i bashkohet festimit t\u00eb Dit\u00ebs Globale t\u00eb Zgjedhjeve, e cila tradicionalisht festohet \u00e7do t\u00eb enjte t\u00eb par\u00eb t\u00eb\" \/>\n<meta property=\"og:url\" content=\"https:\/\/www.sec.mk\/sq\/dita-globale-e-zgjedhjeve-2\/\" \/>\n<meta property=\"og:site_name\" content=\"Komisioni Shtet\u00ebror i Zgjedhjeve\" \/>\n<meta property=\"article:published_time\" content=\"2025-02-06T15:11:04+00:00\" \/>\n<meta property=\"article:modified_time\" content=\"2025-02-06T15:17:00+00:00\" \/>\n<meta property=\"og:image\" content=\"http:\/\/www.sec.mk\/wp-content\/uploads\/2021\/08\/post-logo-sec-1.jpg\" \/>\n\t<meta property=\"og:image:width\" content=\"600\" \/>\n\t<meta property=\"og:image:height\" content=\"449\" \/>\n\t<meta property=\"og:image:type\" content=\"image\/jpeg\" \/>\n<meta name=\"author\" content=\"katerina\" \/>\n<meta name=\"twitter:card\" content=\"summary_large_image\" \/>\n<meta name=\"twitter:label1\" content=\"Written by\" \/>\n\t<meta name=\"twitter:data1\" content=\"katerina\" \/>\n\t<meta name=\"twitter:label2\" content=\"Est. reading time\" \/>\n\t<meta name=\"twitter:data2\" content=\"2 minuta\" \/>\n<script type=\"application\/ld+json\" class=\"yoast-schema-graph\">{\"@context\":\"https:\/\/schema.org\",\"@graph\":[{\"@type\":\"WebPage\",\"@id\":\"https:\/\/www.sec.mk\/sq\/dita-globale-e-zgjedhjeve-2\/\",\"url\":\"https:\/\/www.sec.mk\/sq\/dita-globale-e-zgjedhjeve-2\/\",\"name\":\"Dita globale e zgjedhjeve - Komisioni Shtet\u00ebror i Zgjedhjeve\",\"isPartOf\":{\"@id\":\"https:\/\/www.sec.mk\/#website\"},\"primaryImageOfPage\":{\"@id\":\"https:\/\/www.sec.mk\/sq\/dita-globale-e-zgjedhjeve-2\/#primaryimage\"},\"image\":{\"@id\":\"https:\/\/www.sec.mk\/sq\/dita-globale-e-zgjedhjeve-2\/#primaryimage\"},\"thumbnailUrl\":\"https:\/\/www.sec.mk\/wp-content\/uploads\/2021\/08\/post-logo-sec-1.jpg\",\"datePublished\":\"2025-02-06T15:11:04+00:00\",\"dateModified\":\"2025-02-06T15:17:00+00:00\",\"author\":{\"@id\":\"https:\/\/www.sec.mk\/#\/schema\/person\/180b99a95caa0823f543ccc771cbb595\"},\"description\":\"Komisioni Shtet\u00ebror i Zgjedhjeve (KSHZ) i bashkohet festimit t\u00eb Dit\u00ebs Globale t\u00eb Zgjedhjeve, e cila tradicionalisht festohet \u00e7do t\u00eb enjte t\u00eb par\u00eb t\u00eb\",\"breadcrumb\":{\"@id\":\"https:\/\/www.sec.mk\/sq\/dita-globale-e-zgjedhjeve-2\/#breadcrumb\"},\"inLanguage\":\"sq\",\"potentialAction\":[{\"@type\":\"ReadAction\",\"target\":[\"https:\/\/www.sec.mk\/sq\/dita-globale-e-zgjedhjeve-2\/\"]}]},{\"@type\":\"ImageObject\",\"inLanguage\":\"sq\",\"@id\":\"https:\/\/www.sec.mk\/sq\/dita-globale-e-zgjedhjeve-2\/#primaryimage\",\"url\":\"https:\/\/www.sec.mk\/wp-content\/uploads\/2021\/08\/post-logo-sec-1.jpg\",\"contentUrl\":\"https:\/\/www.sec.mk\/wp-content\/uploads\/2021\/08\/post-logo-sec-1.jpg\",\"width\":600,\"height\":449,\"caption\":\"\u041b\u043e\u0433\u043e \u0414\u0418\u041a \u043d\u043e\u0432\u043e\u0441\u0442\u0438\"},{\"@type\":\"BreadcrumbList\",\"@id\":\"https:\/\/www.sec.mk\/sq\/dita-globale-e-zgjedhjeve-2\/#breadcrumb\",\"itemListElement\":[{\"@type\":\"ListItem\",\"position\":1,\"name\":\"Home\",\"item\":\"https:\/\/www.sec.mk\/sq\/home-alb\/\"},{\"@type\":\"ListItem\",\"position\":2,\"name\":\"Dita globale e zgjedhjeve\"}]},{\"@type\":\"WebSite\",\"@id\":\"https:\/\/www.sec.mk\/#website\",\"url\":\"https:\/\/www.sec.mk\/\",\"name\":\"Komisioni Shtet\u00ebror i Zgjedhjeve\",\"description\":\"\",\"potentialAction\":[{\"@type\":\"SearchAction\",\"target\":{\"@type\":\"EntryPoint\",\"urlTemplate\":\"https:\/\/www.sec.mk\/?s={search_term_string}\"},\"query-input\":{\"@type\":\"PropertyValueSpecification\",\"valueRequired\":true,\"valueName\":\"search_term_string\"}}],\"inLanguage\":\"sq\"},{\"@type\":\"Person\",\"@id\":\"https:\/\/www.sec.mk\/#\/schema\/person\/180b99a95caa0823f543ccc771cbb595\",\"name\":\"katerina\",\"image\":{\"@type\":\"ImageObject\",\"inLanguage\":\"sq\",\"@id\":\"https:\/\/www.sec.mk\/#\/schema\/person\/image\/\",\"url\":\"https:\/\/secure.gravatar.com\/avatar\/5cfc365f3132e14b477e0c3cf8010efa73d2d91b0ee4adf8fa2429ddecf4a541?s=96&d=mm&r=g\",\"contentUrl\":\"https:\/\/secure.gravatar.com\/avatar\/5cfc365f3132e14b477e0c3cf8010efa73d2d91b0ee4adf8fa2429ddecf4a541?s=96&d=mm&r=g\",\"caption\":\"katerina\"}}]}<\/script>\n<!-- \/ Yoast SEO plugin. -->","yoast_head_json":{"title":"Dita globale e zgjedhjeve - Komisioni Shtet\u00ebror i Zgjedhjeve","description":"Komisioni Shtet\u00ebror i Zgjedhjeve (KSHZ) i bashkohet festimit t\u00eb Dit\u00ebs Globale t\u00eb Zgjedhjeve, e cila tradicionalisht festohet \u00e7do t\u00eb enjte t\u00eb par\u00eb t\u00eb","robots":{"index":"index","follow":"follow","max-snippet":"max-snippet:-1","max-image-preview":"max-image-preview:large","max-video-preview":"max-video-preview:-1"},"canonical":"https:\/\/www.sec.mk\/sq\/dita-globale-e-zgjedhjeve-2\/","og_locale":"sq_AL","og_type":"article","og_title":"Dita globale e zgjedhjeve - Komisioni Shtet\u00ebror i Zgjedhjeve","og_description":"Komisioni Shtet\u00ebror i Zgjedhjeve (KSHZ) i bashkohet festimit t\u00eb Dit\u00ebs Globale t\u00eb Zgjedhjeve, e cila tradicionalisht festohet \u00e7do t\u00eb enjte t\u00eb par\u00eb t\u00eb","og_url":"https:\/\/www.sec.mk\/sq\/dita-globale-e-zgjedhjeve-2\/","og_site_name":"Komisioni Shtet\u00ebror i Zgjedhjeve","article_published_time":"2025-02-06T15:11:04+00:00","article_modified_time":"2025-02-06T15:17:00+00:00","og_image":[{"width":600,"height":449,"url":"http:\/\/www.sec.mk\/wp-content\/uploads\/2021\/08\/post-logo-sec-1.jpg","type":"image\/jpeg"}],"author":"katerina","twitter_card":"summary_large_image","twitter_misc":{"Written by":"katerina","Est. reading time":"2 minuta"},"schema":{"@context":"https:\/\/schema.org","@graph":[{"@type":"WebPage","@id":"https:\/\/www.sec.mk\/sq\/dita-globale-e-zgjedhjeve-2\/","url":"https:\/\/www.sec.mk\/sq\/dita-globale-e-zgjedhjeve-2\/","name":"Dita globale e zgjedhjeve - Komisioni Shtet\u00ebror i Zgjedhjeve","isPartOf":{"@id":"https:\/\/www.sec.mk\/#website"},"primaryImageOfPage":{"@id":"https:\/\/www.sec.mk\/sq\/dita-globale-e-zgjedhjeve-2\/#primaryimage"},"image":{"@id":"https:\/\/www.sec.mk\/sq\/dita-globale-e-zgjedhjeve-2\/#primaryimage"},"thumbnailUrl":"https:\/\/www.sec.mk\/wp-content\/uploads\/2021\/08\/post-logo-sec-1.jpg","datePublished":"2025-02-06T15:11:04+00:00","dateModified":"2025-02-06T15:17:00+00:00","author":{"@id":"https:\/\/www.sec.mk\/#\/schema\/person\/180b99a95caa0823f543ccc771cbb595"},"description":"Komisioni Shtet\u00ebror i Zgjedhjeve (KSHZ) i bashkohet festimit t\u00eb Dit\u00ebs Globale t\u00eb Zgjedhjeve, e cila tradicionalisht festohet \u00e7do t\u00eb enjte t\u00eb par\u00eb t\u00eb","breadcrumb":{"@id":"https:\/\/www.sec.mk\/sq\/dita-globale-e-zgjedhjeve-2\/#breadcrumb"},"inLanguage":"sq","potentialAction":[{"@type":"ReadAction","target":["https:\/\/www.sec.mk\/sq\/dita-globale-e-zgjedhjeve-2\/"]}]},{"@type":"ImageObject","inLanguage":"sq","@id":"https:\/\/www.sec.mk\/sq\/dita-globale-e-zgjedhjeve-2\/#primaryimage","url":"https:\/\/www.sec.mk\/wp-content\/uploads\/2021\/08\/post-logo-sec-1.jpg","contentUrl":"https:\/\/www.sec.mk\/wp-content\/uploads\/2021\/08\/post-logo-sec-1.jpg","width":600,"height":449,"caption":"\u041b\u043e\u0433\u043e \u0414\u0418\u041a \u043d\u043e\u0432\u043e\u0441\u0442\u0438"},{"@type":"BreadcrumbList","@id":"https:\/\/www.sec.mk\/sq\/dita-globale-e-zgjedhjeve-2\/#breadcrumb","itemListElement":[{"@type":"ListItem","position":1,"name":"Home","item":"https:\/\/www.sec.mk\/sq\/home-alb\/"},{"@type":"ListItem","position":2,"name":"Dita globale e zgjedhjeve"}]},{"@type":"WebSite","@id":"https:\/\/www.sec.mk\/#website","url":"https:\/\/www.sec.mk\/","name":"Komisioni Shtet\u00ebror i Zgjedhjeve","description":"","potentialAction":[{"@type":"SearchAction","target":{"@type":"EntryPoint","urlTemplate":"https:\/\/www.sec.mk\/?s={search_term_string}"},"query-input":{"@type":"PropertyValueSpecification","valueRequired":true,"valueName":"search_term_string"}}],"inLanguage":"sq"},{"@type":"Person","@id":"https:\/\/www.sec.mk\/#\/schema\/person\/180b99a95caa0823f543ccc771cbb595","name":"katerina","image":{"@type":"ImageObject","inLanguage":"sq","@id":"https:\/\/www.sec.mk\/#\/schema\/person\/image\/","url":"https:\/\/secure.gravatar.com\/avatar\/5cfc365f3132e14b477e0c3cf8010efa73d2d91b0ee4adf8fa2429ddecf4a541?s=96&d=mm&r=g","contentUrl":"https:\/\/secure.gravatar.com\/avatar\/5cfc365f3132e14b477e0c3cf8010efa73d2d91b0ee4adf8fa2429ddecf4a541?s=96&d=mm&r=g","caption":"katerina"}}]}},"_links":{"self":[{"href":"https:\/\/www.sec.mk\/sq\/wp-json\/wp\/v2\/posts\/44136","targetHints":{"allow":["GET"]}}],"collection":[{"href":"https:\/\/www.sec.mk\/sq\/wp-json\/wp\/v2\/posts"}],"about":[{"href":"https:\/\/www.sec.mk\/sq\/wp-json\/wp\/v2\/types\/post"}],"author":[{"embeddable":true,"href":"https:\/\/www.sec.mk\/sq\/wp-json\/wp\/v2\/users\/3"}],"replies":[{"embeddable":true,"href":"https:\/\/www.sec.mk\/sq\/wp-json\/wp\/v2\/comments?post=44136"}],"version-history":[{"count":5,"href":"https:\/\/www.sec.mk\/sq\/wp-json\/wp\/v2\/posts\/44136\/revisions"}],"predecessor-version":[{"id":44142,"href":"https:\/\/www.sec.mk\/sq\/wp-json\/wp\/v2\/posts\/44136\/revisions\/44142"}],"wp:featuredmedia":[{"embeddable":true,"href":"https:\/\/www.sec.mk\/sq\/wp-json\/wp\/v2\/media\/29937"}],"wp:attachment":[{"href":"https:\/\/www.sec.mk\/sq\/wp-json\/wp\/v2\/media?parent=44136"}],"wp:term":[{"taxonomy":"category","embeddable":true,"href":"https:\/\/www.sec.mk\/sq\/wp-json\/wp\/v2\/categories?post=44136"},{"taxonomy":"post_tag","embeddable":true,"href":"https:\/\/www.sec.mk\/sq\/wp-json\/wp\/v2\/tags?post=44136"}],"curies":[{"name":"wp","href":"https:\/\/api.w.org\/{rel}","templated":true}]}}