{"id":44996,"date":"2025-09-04T11:58:44","date_gmt":"2025-09-04T09:58:44","guid":{"rendered":"https:\/\/www.sec.mk\/?p=44996"},"modified":"2025-09-04T12:03:27","modified_gmt":"2025-09-04T10:03:27","slug":"njoftimi-per-publikun","status":"publish","type":"post","link":"https:\/\/www.sec.mk\/sq\/njoftimi-per-publikun\/","title":{"rendered":"Njoftimi p\u00ebr publikun"},"content":{"rendered":"\n<p>Sot, an\u00ebtar\u00ebt e Komisionit Shtet\u00ebror t\u00eb Zgjedhjeve mbajt\u00ebn takim pune me p\u00ebrfaq\u00ebsuesit e Bashk\u00ebsis\u00eb s\u00eb Nj\u00ebsive t\u00eb Vet\u00ebqeverisjes Lokale (BNJVL) me q\u00ebllim t\u00eb koordinimit dhe harmonizimit t\u00eb nd\u00ebrsjell\u00eb t\u00eb aktiviteteve me q\u00ebllim t\u00eb realizimit me sukses t\u00eb t\u00eb gjitha veprimeve t\u00eb domosdoshme dhe krijimin e kushteve p\u00ebr zbatimin e papenguar t\u00eb zgjedhjeve.<\/p>\n\n\n\n<p>Duke pasur parasysh se b\u00ebhet fjal\u00eb p\u00ebr organizimin e zgjedhjeve lokale ku komunat kan\u00eb kompetenca dhe detyrime t\u00eb caktuara ligjore, n\u00eb takim u ra dakord dhe u p\u00ebrcaktuan detyrimet n\u00eb lidhje me mb\u00ebshtetjen logjistike dhe teknike n\u00eb zbatimin e aktiviteteve t\u00eb caktuara.<\/p>\n\n\n\n<p>T\u00eb dyja pal\u00ebt e theksuan angazhimin e tyre p\u00ebr p\u00ebrmbushjen e detyrimeve ligjore me q\u00ebllim q\u00eb t\u00eb mund\u00ebsohet procesi zgjedhor i drejt\u00eb, transparent dhe demokratik. Theks i ve\u00e7ant\u00eb ishte v\u00ebn\u00eb n\u00eb r\u00ebnd\u00ebsin\u00eb e bashk\u00ebpunimit dhe koordinimit t\u00eb nd\u00ebrsjell\u00eb midis Komisionit Shtet\u00ebror t\u00eb Zgjedhjeve dhe komunave, si parakusht p\u00ebr organizimin dhe zbatimin me sukses t\u00eb zgjedhjeve.<\/p>\n\n\n\n<p>Komisioni Shtet\u00ebror i Zgjedhjeve dhe p\u00ebrfaq\u00ebsuesit e BNJVL-s\u00eb theksuan se me angazhim dhe p\u00ebrgjegj\u00ebsi t\u00eb p\u00ebrbashk\u00ebt, mbeten plot\u00ebsisht t\u00eb p\u00ebrkushtuar p\u00ebr t\u00eb siguruar proces zgjedhor q\u00eb do t\u00eb pasqyroj\u00eb vullnetin e qytetar\u00ebve, pasi zbatimi cil\u00ebsor i zgjedhjeve \u00ebsht\u00eb me r\u00ebnd\u00ebsi thelb\u00ebsore p\u00ebr nd\u00ebrtimin e besimit midis qytetar\u00ebve dhe p\u00ebr avancimin e proceseve demokratike n\u00eb shtet.<\/p>\n\n\n\n<p class=\"has-text-align-center\"><strong>KOMISIONI SHTET\u00cbROR I ZGJEDHJEVE<\/strong><\/p>\n","protected":false},"excerpt":{"rendered":"<p>Sot, an\u00ebtar\u00ebt e Komisionit Shtet\u00ebror t\u00eb Zgjedhjeve mbajt\u00ebn takim pune me p\u00ebrfaq\u00ebsuesit e Bashk\u00ebsis\u00eb s\u00eb Nj\u00ebsive t\u00eb Vet\u00ebqeverisjes Lokale (BNJVL) me q\u00ebllim t\u00eb koordinimit dhe harmonizimit t\u00eb nd\u00ebrsjell\u00eb t\u00eb aktiviteteve [&hellip;]<\/p>\n","protected":false},"author":3,"featured_media":29937,"comment_status":"closed","ping_status":"closed","sticky":false,"template":"","format":"standard","meta":{"footnotes":""},"categories":[23,21],"tags":[],"class_list":["post-44996","post","type-post","status-publish","format-standard","has-post-thumbnail","hentry","category-njoftime","category-risi"],"yoast_head":"<!-- This site is optimized with the Yoast SEO plugin v26.2 - https:\/\/yoast.com\/wordpress\/plugins\/seo\/ -->\n<title>Njoftimi p\u00ebr publikun - Komisioni Shtet\u00ebror i Zgjedhjeve<\/title>\n<meta name=\"description\" content=\"Sot, an\u00ebtar\u00ebt e Komisionit Shtet\u00ebror t\u00eb Zgjedhjeve mbajt\u00ebn takim pune me p\u00ebrfaq\u00ebsuesit e Bashk\u00ebsis\u00eb s\u00eb Nj\u00ebsive t\u00eb Vet\u00ebqeverisjes Lokale (BNJVL) me q\u00ebllim\" \/>\n<meta name=\"robots\" content=\"index, follow, max-snippet:-1, max-image-preview:large, max-video-preview:-1\" \/>\n<link rel=\"canonical\" href=\"https:\/\/www.sec.mk\/sq\/njoftimi-per-publikun\/\" \/>\n<meta property=\"og:locale\" content=\"sq_AL\" \/>\n<meta property=\"og:type\" content=\"article\" \/>\n<meta property=\"og:title\" content=\"Njoftimi p\u00ebr publikun - Komisioni Shtet\u00ebror i Zgjedhjeve\" \/>\n<meta property=\"og:description\" content=\"Sot, an\u00ebtar\u00ebt e Komisionit Shtet\u00ebror t\u00eb Zgjedhjeve mbajt\u00ebn takim pune me p\u00ebrfaq\u00ebsuesit e Bashk\u00ebsis\u00eb s\u00eb Nj\u00ebsive t\u00eb Vet\u00ebqeverisjes Lokale (BNJVL) me q\u00ebllim\" \/>\n<meta property=\"og:url\" content=\"https:\/\/www.sec.mk\/sq\/njoftimi-per-publikun\/\" \/>\n<meta property=\"og:site_name\" content=\"Komisioni Shtet\u00ebror i Zgjedhjeve\" \/>\n<meta property=\"article:published_time\" content=\"2025-09-04T09:58:44+00:00\" \/>\n<meta property=\"article:modified_time\" content=\"2025-09-04T10:03:27+00:00\" \/>\n<meta property=\"og:image\" content=\"http:\/\/www.sec.mk\/wp-content\/uploads\/2021\/08\/post-logo-sec-1.jpg\" \/>\n\t<meta property=\"og:image:width\" content=\"600\" \/>\n\t<meta property=\"og:image:height\" content=\"449\" \/>\n\t<meta property=\"og:image:type\" content=\"image\/jpeg\" \/>\n<meta name=\"author\" content=\"katerina\" \/>\n<meta name=\"twitter:card\" content=\"summary_large_image\" \/>\n<meta name=\"twitter:label1\" content=\"Written by\" \/>\n\t<meta name=\"twitter:data1\" content=\"katerina\" \/>\n\t<meta name=\"twitter:label2\" content=\"Est. reading time\" \/>\n\t<meta name=\"twitter:data2\" content=\"2 minuta\" \/>\n<script type=\"application\/ld+json\" class=\"yoast-schema-graph\">{\"@context\":\"https:\/\/schema.org\",\"@graph\":[{\"@type\":\"WebPage\",\"@id\":\"https:\/\/www.sec.mk\/sq\/njoftimi-per-publikun\/\",\"url\":\"https:\/\/www.sec.mk\/sq\/njoftimi-per-publikun\/\",\"name\":\"Njoftimi p\u00ebr publikun - Komisioni Shtet\u00ebror i Zgjedhjeve\",\"isPartOf\":{\"@id\":\"https:\/\/www.sec.mk\/#website\"},\"primaryImageOfPage\":{\"@id\":\"https:\/\/www.sec.mk\/sq\/njoftimi-per-publikun\/#primaryimage\"},\"image\":{\"@id\":\"https:\/\/www.sec.mk\/sq\/njoftimi-per-publikun\/#primaryimage\"},\"thumbnailUrl\":\"https:\/\/www.sec.mk\/wp-content\/uploads\/2021\/08\/post-logo-sec-1.jpg\",\"datePublished\":\"2025-09-04T09:58:44+00:00\",\"dateModified\":\"2025-09-04T10:03:27+00:00\",\"author\":{\"@id\":\"https:\/\/www.sec.mk\/#\/schema\/person\/180b99a95caa0823f543ccc771cbb595\"},\"description\":\"Sot, an\u00ebtar\u00ebt e Komisionit Shtet\u00ebror t\u00eb Zgjedhjeve mbajt\u00ebn takim pune me p\u00ebrfaq\u00ebsuesit e Bashk\u00ebsis\u00eb s\u00eb Nj\u00ebsive t\u00eb Vet\u00ebqeverisjes Lokale (BNJVL) me q\u00ebllim\",\"breadcrumb\":{\"@id\":\"https:\/\/www.sec.mk\/sq\/njoftimi-per-publikun\/#breadcrumb\"},\"inLanguage\":\"sq\",\"potentialAction\":[{\"@type\":\"ReadAction\",\"target\":[\"https:\/\/www.sec.mk\/sq\/njoftimi-per-publikun\/\"]}]},{\"@type\":\"ImageObject\",\"inLanguage\":\"sq\",\"@id\":\"https:\/\/www.sec.mk\/sq\/njoftimi-per-publikun\/#primaryimage\",\"url\":\"https:\/\/www.sec.mk\/wp-content\/uploads\/2021\/08\/post-logo-sec-1.jpg\",\"contentUrl\":\"https:\/\/www.sec.mk\/wp-content\/uploads\/2021\/08\/post-logo-sec-1.jpg\",\"width\":600,\"height\":449,\"caption\":\"\u041b\u043e\u0433\u043e \u0414\u0418\u041a \u043d\u043e\u0432\u043e\u0441\u0442\u0438\"},{\"@type\":\"BreadcrumbList\",\"@id\":\"https:\/\/www.sec.mk\/sq\/njoftimi-per-publikun\/#breadcrumb\",\"itemListElement\":[{\"@type\":\"ListItem\",\"position\":1,\"name\":\"Home\",\"item\":\"https:\/\/www.sec.mk\/sq\/home-alb\/\"},{\"@type\":\"ListItem\",\"position\":2,\"name\":\"Njoftimi p\u00ebr publikun\"}]},{\"@type\":\"WebSite\",\"@id\":\"https:\/\/www.sec.mk\/#website\",\"url\":\"https:\/\/www.sec.mk\/\",\"name\":\"Komisioni Shtet\u00ebror i Zgjedhjeve\",\"description\":\"\",\"potentialAction\":[{\"@type\":\"SearchAction\",\"target\":{\"@type\":\"EntryPoint\",\"urlTemplate\":\"https:\/\/www.sec.mk\/?s={search_term_string}\"},\"query-input\":{\"@type\":\"PropertyValueSpecification\",\"valueRequired\":true,\"valueName\":\"search_term_string\"}}],\"inLanguage\":\"sq\"},{\"@type\":\"Person\",\"@id\":\"https:\/\/www.sec.mk\/#\/schema\/person\/180b99a95caa0823f543ccc771cbb595\",\"name\":\"katerina\",\"image\":{\"@type\":\"ImageObject\",\"inLanguage\":\"sq\",\"@id\":\"https:\/\/www.sec.mk\/#\/schema\/person\/image\/\",\"url\":\"https:\/\/secure.gravatar.com\/avatar\/5cfc365f3132e14b477e0c3cf8010efa73d2d91b0ee4adf8fa2429ddecf4a541?s=96&d=mm&r=g\",\"contentUrl\":\"https:\/\/secure.gravatar.com\/avatar\/5cfc365f3132e14b477e0c3cf8010efa73d2d91b0ee4adf8fa2429ddecf4a541?s=96&d=mm&r=g\",\"caption\":\"katerina\"}}]}<\/script>\n<!-- \/ Yoast SEO plugin. -->","yoast_head_json":{"title":"Njoftimi p\u00ebr publikun - Komisioni Shtet\u00ebror i Zgjedhjeve","description":"Sot, an\u00ebtar\u00ebt e Komisionit Shtet\u00ebror t\u00eb Zgjedhjeve mbajt\u00ebn takim pune me p\u00ebrfaq\u00ebsuesit e Bashk\u00ebsis\u00eb s\u00eb Nj\u00ebsive t\u00eb Vet\u00ebqeverisjes Lokale (BNJVL) me q\u00ebllim","robots":{"index":"index","follow":"follow","max-snippet":"max-snippet:-1","max-image-preview":"max-image-preview:large","max-video-preview":"max-video-preview:-1"},"canonical":"https:\/\/www.sec.mk\/sq\/njoftimi-per-publikun\/","og_locale":"sq_AL","og_type":"article","og_title":"Njoftimi p\u00ebr publikun - Komisioni Shtet\u00ebror i Zgjedhjeve","og_description":"Sot, an\u00ebtar\u00ebt e Komisionit Shtet\u00ebror t\u00eb Zgjedhjeve mbajt\u00ebn takim pune me p\u00ebrfaq\u00ebsuesit e Bashk\u00ebsis\u00eb s\u00eb Nj\u00ebsive t\u00eb Vet\u00ebqeverisjes Lokale (BNJVL) me q\u00ebllim","og_url":"https:\/\/www.sec.mk\/sq\/njoftimi-per-publikun\/","og_site_name":"Komisioni Shtet\u00ebror i Zgjedhjeve","article_published_time":"2025-09-04T09:58:44+00:00","article_modified_time":"2025-09-04T10:03:27+00:00","og_image":[{"width":600,"height":449,"url":"http:\/\/www.sec.mk\/wp-content\/uploads\/2021\/08\/post-logo-sec-1.jpg","type":"image\/jpeg"}],"author":"katerina","twitter_card":"summary_large_image","twitter_misc":{"Written by":"katerina","Est. reading time":"2 minuta"},"schema":{"@context":"https:\/\/schema.org","@graph":[{"@type":"WebPage","@id":"https:\/\/www.sec.mk\/sq\/njoftimi-per-publikun\/","url":"https:\/\/www.sec.mk\/sq\/njoftimi-per-publikun\/","name":"Njoftimi p\u00ebr publikun - Komisioni Shtet\u00ebror i Zgjedhjeve","isPartOf":{"@id":"https:\/\/www.sec.mk\/#website"},"primaryImageOfPage":{"@id":"https:\/\/www.sec.mk\/sq\/njoftimi-per-publikun\/#primaryimage"},"image":{"@id":"https:\/\/www.sec.mk\/sq\/njoftimi-per-publikun\/#primaryimage"},"thumbnailUrl":"https:\/\/www.sec.mk\/wp-content\/uploads\/2021\/08\/post-logo-sec-1.jpg","datePublished":"2025-09-04T09:58:44+00:00","dateModified":"2025-09-04T10:03:27+00:00","author":{"@id":"https:\/\/www.sec.mk\/#\/schema\/person\/180b99a95caa0823f543ccc771cbb595"},"description":"Sot, an\u00ebtar\u00ebt e Komisionit Shtet\u00ebror t\u00eb Zgjedhjeve mbajt\u00ebn takim pune me p\u00ebrfaq\u00ebsuesit e Bashk\u00ebsis\u00eb s\u00eb Nj\u00ebsive t\u00eb Vet\u00ebqeverisjes Lokale (BNJVL) me q\u00ebllim","breadcrumb":{"@id":"https:\/\/www.sec.mk\/sq\/njoftimi-per-publikun\/#breadcrumb"},"inLanguage":"sq","potentialAction":[{"@type":"ReadAction","target":["https:\/\/www.sec.mk\/sq\/njoftimi-per-publikun\/"]}]},{"@type":"ImageObject","inLanguage":"sq","@id":"https:\/\/www.sec.mk\/sq\/njoftimi-per-publikun\/#primaryimage","url":"https:\/\/www.sec.mk\/wp-content\/uploads\/2021\/08\/post-logo-sec-1.jpg","contentUrl":"https:\/\/www.sec.mk\/wp-content\/uploads\/2021\/08\/post-logo-sec-1.jpg","width":600,"height":449,"caption":"\u041b\u043e\u0433\u043e \u0414\u0418\u041a \u043d\u043e\u0432\u043e\u0441\u0442\u0438"},{"@type":"BreadcrumbList","@id":"https:\/\/www.sec.mk\/sq\/njoftimi-per-publikun\/#breadcrumb","itemListElement":[{"@type":"ListItem","position":1,"name":"Home","item":"https:\/\/www.sec.mk\/sq\/home-alb\/"},{"@type":"ListItem","position":2,"name":"Njoftimi p\u00ebr publikun"}]},{"@type":"WebSite","@id":"https:\/\/www.sec.mk\/#website","url":"https:\/\/www.sec.mk\/","name":"Komisioni Shtet\u00ebror i Zgjedhjeve","description":"","potentialAction":[{"@type":"SearchAction","target":{"@type":"EntryPoint","urlTemplate":"https:\/\/www.sec.mk\/?s={search_term_string}"},"query-input":{"@type":"PropertyValueSpecification","valueRequired":true,"valueName":"search_term_string"}}],"inLanguage":"sq"},{"@type":"Person","@id":"https:\/\/www.sec.mk\/#\/schema\/person\/180b99a95caa0823f543ccc771cbb595","name":"katerina","image":{"@type":"ImageObject","inLanguage":"sq","@id":"https:\/\/www.sec.mk\/#\/schema\/person\/image\/","url":"https:\/\/secure.gravatar.com\/avatar\/5cfc365f3132e14b477e0c3cf8010efa73d2d91b0ee4adf8fa2429ddecf4a541?s=96&d=mm&r=g","contentUrl":"https:\/\/secure.gravatar.com\/avatar\/5cfc365f3132e14b477e0c3cf8010efa73d2d91b0ee4adf8fa2429ddecf4a541?s=96&d=mm&r=g","caption":"katerina"}}]}},"_links":{"self":[{"href":"https:\/\/www.sec.mk\/sq\/wp-json\/wp\/v2\/posts\/44996","targetHints":{"allow":["GET"]}}],"collection":[{"href":"https:\/\/www.sec.mk\/sq\/wp-json\/wp\/v2\/posts"}],"about":[{"href":"https:\/\/www.sec.mk\/sq\/wp-json\/wp\/v2\/types\/post"}],"author":[{"embeddable":true,"href":"https:\/\/www.sec.mk\/sq\/wp-json\/wp\/v2\/users\/3"}],"replies":[{"embeddable":true,"href":"https:\/\/www.sec.mk\/sq\/wp-json\/wp\/v2\/comments?post=44996"}],"version-history":[{"count":4,"href":"https:\/\/www.sec.mk\/sq\/wp-json\/wp\/v2\/posts\/44996\/revisions"}],"predecessor-version":[{"id":45001,"href":"https:\/\/www.sec.mk\/sq\/wp-json\/wp\/v2\/posts\/44996\/revisions\/45001"}],"wp:featuredmedia":[{"embeddable":true,"href":"https:\/\/www.sec.mk\/sq\/wp-json\/wp\/v2\/media\/29937"}],"wp:attachment":[{"href":"https:\/\/www.sec.mk\/sq\/wp-json\/wp\/v2\/media?parent=44996"}],"wp:term":[{"taxonomy":"category","embeddable":true,"href":"https:\/\/www.sec.mk\/sq\/wp-json\/wp\/v2\/categories?post=44996"},{"taxonomy":"post_tag","embeddable":true,"href":"https:\/\/www.sec.mk\/sq\/wp-json\/wp\/v2\/tags?post=44996"}],"curies":[{"name":"wp","href":"https:\/\/api.w.org\/{rel}","templated":true}]}}