{"id":45982,"date":"2025-10-18T16:36:35","date_gmt":"2025-10-18T14:36:35","guid":{"rendered":"https:\/\/www.sec.mk\/?p=45982"},"modified":"2025-10-18T16:40:30","modified_gmt":"2025-10-18T14:40:30","slug":"takim-i-komisionit-shteteror-zgjedhor-me-delegacione-nderkombetare-per-vezhgimin-e-zgjedhjeve-lokale-2025","status":"publish","type":"post","link":"https:\/\/www.sec.mk\/sq\/takim-i-komisionit-shteteror-zgjedhor-me-delegacione-nderkombetare-per-vezhgimin-e-zgjedhjeve-lokale-2025\/","title":{"rendered":"Takim i Komisionit Shtet\u00ebror Zgjedhor me delegacione nd\u00ebrkomb\u00ebtare p\u00ebr v\u00ebzhgimin e Zgjedhjeve Lokale 2025"},"content":{"rendered":"\n<p>Sot, me 18 tetor 2025, Komisioni Shtet\u00ebror i Zgjedhjeve zhvilloi takim me p\u00ebrfaq\u00ebsues t\u00eb organizatave nd\u00ebrkomb\u00ebtare dhe komisioneve shtet\u00ebrore zgjedhore q\u00eb do t\u00eb v\u00ebzhgojn\u00eb realizimin e Zgjedhjeve Lokale 2025 n\u00eb Republik\u00ebn e Maqedonis\u00eb s\u00eb Veriut.<\/p>\n\n\n\n<p>KSHZ mir\u00ebpriti v\u00ebzhguesit dhe i informoi p\u00ebr sistemin zgjedhor, modelin e votimit dhe m\u00ebnyr\u00ebn e organizimit t\u00eb procesit zgjedhor n\u00eb vend. Gjat\u00eb takimit u theksua p\u00ebrkushtimi i Komisionit p\u00ebr zhvillimin e zgjedhjeve n\u00eb m\u00ebnyr\u00eb transparente, profesionale dhe gjith\u00ebp\u00ebrfshir\u00ebse.<\/p>\n\n\n\n<p>N\u00eb takim mor\u00ebn pjes\u00eb p\u00ebrfaq\u00ebsues nga institucionet dhe organizatat n\u00eb vijim:<\/p>\n\n\n\n<ul class=\"wp-block-list\">\n<li>Komisioni Qendror Zgjedhor i Ukrain\u00ebs<\/li>\n\n\n\n<li>Zyra p\u00ebr Institucione Demokratike dhe t\u00eb Drejtat e Njeriut e OSBE-s\u00eb (ODIHR)<\/li>\n\n\n\n<li>Fondacioni Nd\u00ebrkomb\u00ebtar p\u00ebr Sisteme Zgjedhore (IFES)<\/li>\n\n\n\n<li>Komisioni Shtet\u00ebror Zgjedhor i Moldavis\u00eb<\/li>\n\n\n\n<li>Qendra e Trajnimeve pran\u00eb Komisionit Qendror Zgjedhor t\u00eb Gjeorgjis\u00eb<\/li>\n\n\n\n<li>Komisioni Shtet\u00ebror Zgjedhor i Kroacis\u00eb<\/li>\n\n\n\n<li>K\u00ebshilli i Lart\u00eb Zgjedhor i Republik\u00ebs s\u00eb Turqis\u00eb<\/li>\n\n\n\n<li>Komisioni Qendror Zgjedhor i Kosov\u00ebs<\/li>\n<\/ul>\n\n\n\n<p>Gjat\u00eb fjal\u00ebs s\u00eb tyre, p\u00ebrfaq\u00ebsuesit e KSHZ-s\u00eb theksuan r\u00ebnd\u00ebsin\u00eb e bashk\u00ebpunimit nd\u00ebrkomb\u00ebtar dhe shk\u00ebmbimit t\u00eb p\u00ebrvojave nd\u00ebrmjet administratave zgjedhore, si nj\u00eb kontribut i r\u00ebnd\u00ebsish\u00ebm p\u00ebr p\u00ebrmir\u00ebsimin e proceseve zgjedhore dhe forcimin e besimit t\u00eb publikut n\u00eb sistemin zgjedhor.<\/p>\n\n\n\n<p>KSHZ shprehu mir\u00ebnjohje p\u00ebr interesin dhe mb\u00ebshtetjen e partner\u00ebve nd\u00ebrkomb\u00ebtar\u00eb dhe rikonfirmoi gatishm\u00ebrin\u00eb p\u00ebr bashk\u00ebpunim t\u00eb plot\u00eb gjat\u00eb gjith\u00eb procesit zgjedhor.<\/p>\n\n\n\n<figure class=\"wp-block-gallery has-nested-images columns-6 is-cropped wp-block-gallery-1 is-layout-flex wp-block-gallery-is-layout-flex\">\n<figure class=\"wp-block-image size-large\"><img decoding=\"async\" width=\"1030\" height=\"686\" data-id=\"46005\" src=\"https:\/\/www.sec.mk\/wp-content\/uploads\/2025\/10\/viber_image_2025-10-18_12-41-45-184-1030x686.jpg\" alt=\"\" class=\"wp-image-46005\" srcset=\"https:\/\/www.sec.mk\/wp-content\/uploads\/2025\/10\/viber_image_2025-10-18_12-41-45-184-1030x686.jpg 1030w, https:\/\/www.sec.mk\/wp-content\/uploads\/2025\/10\/viber_image_2025-10-18_12-41-45-184-300x200.jpg 300w, https:\/\/www.sec.mk\/wp-content\/uploads\/2025\/10\/viber_image_2025-10-18_12-41-45-184-1536x1023.jpg 1536w, https:\/\/www.sec.mk\/wp-content\/uploads\/2025\/10\/viber_image_2025-10-18_12-41-45-184-1500x999.jpg 1500w, https:\/\/www.sec.mk\/wp-content\/uploads\/2025\/10\/viber_image_2025-10-18_12-41-45-184-705x470.jpg 705w, https:\/\/www.sec.mk\/wp-content\/uploads\/2025\/10\/viber_image_2025-10-18_12-41-45-184.jpg 1600w\" sizes=\"(max-width: 1030px) 100vw, 1030px\" \/><\/figure>\n\n\n\n<figure class=\"wp-block-image size-large\"><img decoding=\"async\" width=\"1030\" height=\"686\" data-id=\"46023\" src=\"https:\/\/www.sec.mk\/wp-content\/uploads\/2025\/10\/viber_image_2025-10-18_12-41-47-201-1030x686.jpg\" alt=\"\" class=\"wp-image-46023\" srcset=\"https:\/\/www.sec.mk\/wp-content\/uploads\/2025\/10\/viber_image_2025-10-18_12-41-47-201-1030x686.jpg 1030w, https:\/\/www.sec.mk\/wp-content\/uploads\/2025\/10\/viber_image_2025-10-18_12-41-47-201-300x200.jpg 300w, https:\/\/www.sec.mk\/wp-content\/uploads\/2025\/10\/viber_image_2025-10-18_12-41-47-201-1536x1023.jpg 1536w, https:\/\/www.sec.mk\/wp-content\/uploads\/2025\/10\/viber_image_2025-10-18_12-41-47-201-1500x999.jpg 1500w, https:\/\/www.sec.mk\/wp-content\/uploads\/2025\/10\/viber_image_2025-10-18_12-41-47-201-705x470.jpg 705w, https:\/\/www.sec.mk\/wp-content\/uploads\/2025\/10\/viber_image_2025-10-18_12-41-47-201.jpg 1600w\" sizes=\"(max-width: 1030px) 100vw, 1030px\" \/><\/figure>\n\n\n\n<figure class=\"wp-block-image size-large\"><img decoding=\"async\" width=\"1030\" height=\"686\" data-id=\"46021\" src=\"https:\/\/www.sec.mk\/wp-content\/uploads\/2025\/10\/viber_image_2025-10-18_12-41-47-410-1030x686.jpg\" alt=\"\" class=\"wp-image-46021\" srcset=\"https:\/\/www.sec.mk\/wp-content\/uploads\/2025\/10\/viber_image_2025-10-18_12-41-47-410-1030x686.jpg 1030w, https:\/\/www.sec.mk\/wp-content\/uploads\/2025\/10\/viber_image_2025-10-18_12-41-47-410-300x200.jpg 300w, https:\/\/www.sec.mk\/wp-content\/uploads\/2025\/10\/viber_image_2025-10-18_12-41-47-410-1536x1023.jpg 1536w, https:\/\/www.sec.mk\/wp-content\/uploads\/2025\/10\/viber_image_2025-10-18_12-41-47-410-1500x999.jpg 1500w, https:\/\/www.sec.mk\/wp-content\/uploads\/2025\/10\/viber_image_2025-10-18_12-41-47-410-705x470.jpg 705w, https:\/\/www.sec.mk\/wp-content\/uploads\/2025\/10\/viber_image_2025-10-18_12-41-47-410.jpg 1600w\" sizes=\"(max-width: 1030px) 100vw, 1030px\" \/><\/figure>\n\n\n\n<figure class=\"wp-block-image size-large\"><img decoding=\"async\" width=\"1030\" height=\"686\" data-id=\"46019\" src=\"https:\/\/www.sec.mk\/wp-content\/uploads\/2025\/10\/viber_image_2025-10-18_12-41-46-322-1030x686.jpg\" alt=\"\" class=\"wp-image-46019\" srcset=\"https:\/\/www.sec.mk\/wp-content\/uploads\/2025\/10\/viber_image_2025-10-18_12-41-46-322-1030x686.jpg 1030w, https:\/\/www.sec.mk\/wp-content\/uploads\/2025\/10\/viber_image_2025-10-18_12-41-46-322-300x200.jpg 300w, https:\/\/www.sec.mk\/wp-content\/uploads\/2025\/10\/viber_image_2025-10-18_12-41-46-322-1536x1023.jpg 1536w, https:\/\/www.sec.mk\/wp-content\/uploads\/2025\/10\/viber_image_2025-10-18_12-41-46-322-1500x999.jpg 1500w, https:\/\/www.sec.mk\/wp-content\/uploads\/2025\/10\/viber_image_2025-10-18_12-41-46-322-705x470.jpg 705w, https:\/\/www.sec.mk\/wp-content\/uploads\/2025\/10\/viber_image_2025-10-18_12-41-46-322.jpg 1600w\" sizes=\"(max-width: 1030px) 100vw, 1030px\" \/><\/figure>\n\n\n\n<figure class=\"wp-block-image size-large\"><img decoding=\"async\" width=\"1030\" height=\"686\" data-id=\"46001\" src=\"https:\/\/www.sec.mk\/wp-content\/uploads\/2025\/10\/viber_image_2025-10-18_12-41-44-721-1030x686.jpg\" alt=\"\" class=\"wp-image-46001\" srcset=\"https:\/\/www.sec.mk\/wp-content\/uploads\/2025\/10\/viber_image_2025-10-18_12-41-44-721-1030x686.jpg 1030w, https:\/\/www.sec.mk\/wp-content\/uploads\/2025\/10\/viber_image_2025-10-18_12-41-44-721-300x200.jpg 300w, https:\/\/www.sec.mk\/wp-content\/uploads\/2025\/10\/viber_image_2025-10-18_12-41-44-721-1536x1023.jpg 1536w, https:\/\/www.sec.mk\/wp-content\/uploads\/2025\/10\/viber_image_2025-10-18_12-41-44-721-1500x999.jpg 1500w, https:\/\/www.sec.mk\/wp-content\/uploads\/2025\/10\/viber_image_2025-10-18_12-41-44-721-705x470.jpg 705w, https:\/\/www.sec.mk\/wp-content\/uploads\/2025\/10\/viber_image_2025-10-18_12-41-44-721.jpg 1600w\" sizes=\"(max-width: 1030px) 100vw, 1030px\" \/><\/figure>\n\n\n\n<figure class=\"wp-block-image size-large\"><img decoding=\"async\" width=\"1030\" height=\"686\" data-id=\"46017\" src=\"https:\/\/www.sec.mk\/wp-content\/uploads\/2025\/10\/viber_image_2025-10-18_12-41-47-632-1030x686.jpg\" alt=\"\" class=\"wp-image-46017\" srcset=\"https:\/\/www.sec.mk\/wp-content\/uploads\/2025\/10\/viber_image_2025-10-18_12-41-47-632-1030x686.jpg 1030w, https:\/\/www.sec.mk\/wp-content\/uploads\/2025\/10\/viber_image_2025-10-18_12-41-47-632-300x200.jpg 300w, https:\/\/www.sec.mk\/wp-content\/uploads\/2025\/10\/viber_image_2025-10-18_12-41-47-632-1536x1023.jpg 1536w, https:\/\/www.sec.mk\/wp-content\/uploads\/2025\/10\/viber_image_2025-10-18_12-41-47-632-1500x999.jpg 1500w, https:\/\/www.sec.mk\/wp-content\/uploads\/2025\/10\/viber_image_2025-10-18_12-41-47-632-705x470.jpg 705w, https:\/\/www.sec.mk\/wp-content\/uploads\/2025\/10\/viber_image_2025-10-18_12-41-47-632.jpg 1600w\" sizes=\"(max-width: 1030px) 100vw, 1030px\" \/><\/figure>\n\n\n\n<figure class=\"wp-block-image size-large\"><img decoding=\"async\" width=\"1030\" height=\"686\" data-id=\"45998\" src=\"https:\/\/www.sec.mk\/wp-content\/uploads\/2025\/10\/viber_image_2025-10-18_12-41-45-883-1030x686.jpg\" alt=\"\" class=\"wp-image-45998\" srcset=\"https:\/\/www.sec.mk\/wp-content\/uploads\/2025\/10\/viber_image_2025-10-18_12-41-45-883-1030x686.jpg 1030w, https:\/\/www.sec.mk\/wp-content\/uploads\/2025\/10\/viber_image_2025-10-18_12-41-45-883-300x200.jpg 300w, https:\/\/www.sec.mk\/wp-content\/uploads\/2025\/10\/viber_image_2025-10-18_12-41-45-883-705x470.jpg 705w, https:\/\/www.sec.mk\/wp-content\/uploads\/2025\/10\/viber_image_2025-10-18_12-41-45-883.jpg 1439w\" sizes=\"(max-width: 1030px) 100vw, 1030px\" \/><\/figure>\n\n\n\n<figure class=\"wp-block-image size-large\"><img decoding=\"async\" width=\"1030\" height=\"686\" data-id=\"46015\" src=\"https:\/\/www.sec.mk\/wp-content\/uploads\/2025\/10\/viber_image_2025-10-18_12-41-45-421-1030x686.jpg\" alt=\"\" class=\"wp-image-46015\" srcset=\"https:\/\/www.sec.mk\/wp-content\/uploads\/2025\/10\/viber_image_2025-10-18_12-41-45-421-1030x686.jpg 1030w, https:\/\/www.sec.mk\/wp-content\/uploads\/2025\/10\/viber_image_2025-10-18_12-41-45-421-300x200.jpg 300w, https:\/\/www.sec.mk\/wp-content\/uploads\/2025\/10\/viber_image_2025-10-18_12-41-45-421-1536x1023.jpg 1536w, https:\/\/www.sec.mk\/wp-content\/uploads\/2025\/10\/viber_image_2025-10-18_12-41-45-421-1500x999.jpg 1500w, https:\/\/www.sec.mk\/wp-content\/uploads\/2025\/10\/viber_image_2025-10-18_12-41-45-421-705x470.jpg 705w, https:\/\/www.sec.mk\/wp-content\/uploads\/2025\/10\/viber_image_2025-10-18_12-41-45-421.jpg 1600w\" sizes=\"(max-width: 1030px) 100vw, 1030px\" \/><\/figure>\n\n\n\n<figure class=\"wp-block-image size-large\"><img decoding=\"async\" width=\"1030\" height=\"686\" data-id=\"45997\" src=\"https:\/\/www.sec.mk\/wp-content\/uploads\/2025\/10\/viber_image_2025-10-18_12-41-44-229-1030x686.jpg\" alt=\"\" class=\"wp-image-45997\" srcset=\"https:\/\/www.sec.mk\/wp-content\/uploads\/2025\/10\/viber_image_2025-10-18_12-41-44-229-1030x686.jpg 1030w, https:\/\/www.sec.mk\/wp-content\/uploads\/2025\/10\/viber_image_2025-10-18_12-41-44-229-300x200.jpg 300w, https:\/\/www.sec.mk\/wp-content\/uploads\/2025\/10\/viber_image_2025-10-18_12-41-44-229-1536x1023.jpg 1536w, https:\/\/www.sec.mk\/wp-content\/uploads\/2025\/10\/viber_image_2025-10-18_12-41-44-229-1500x999.jpg 1500w, https:\/\/www.sec.mk\/wp-content\/uploads\/2025\/10\/viber_image_2025-10-18_12-41-44-229-705x470.jpg 705w, https:\/\/www.sec.mk\/wp-content\/uploads\/2025\/10\/viber_image_2025-10-18_12-41-44-229.jpg 1600w\" sizes=\"(max-width: 1030px) 100vw, 1030px\" \/><\/figure>\n\n\n\n<figure class=\"wp-block-image size-large\"><img decoding=\"async\" width=\"1030\" height=\"686\" data-id=\"46013\" src=\"https:\/\/www.sec.mk\/wp-content\/uploads\/2025\/10\/viber_image_2025-10-18_12-41-46-116-1030x686.jpg\" alt=\"\" class=\"wp-image-46013\" srcset=\"https:\/\/www.sec.mk\/wp-content\/uploads\/2025\/10\/viber_image_2025-10-18_12-41-46-116-1030x686.jpg 1030w, https:\/\/www.sec.mk\/wp-content\/uploads\/2025\/10\/viber_image_2025-10-18_12-41-46-116-300x200.jpg 300w, https:\/\/www.sec.mk\/wp-content\/uploads\/2025\/10\/viber_image_2025-10-18_12-41-46-116-1536x1023.jpg 1536w, https:\/\/www.sec.mk\/wp-content\/uploads\/2025\/10\/viber_image_2025-10-18_12-41-46-116-1500x999.jpg 1500w, https:\/\/www.sec.mk\/wp-content\/uploads\/2025\/10\/viber_image_2025-10-18_12-41-46-116-705x470.jpg 705w, https:\/\/www.sec.mk\/wp-content\/uploads\/2025\/10\/viber_image_2025-10-18_12-41-46-116.jpg 1600w\" sizes=\"(max-width: 1030px) 100vw, 1030px\" \/><\/figure>\n\n\n\n<figure class=\"wp-block-image size-large\"><img decoding=\"async\" width=\"1030\" height=\"686\" data-id=\"45995\" src=\"https:\/\/www.sec.mk\/wp-content\/uploads\/2025\/10\/viber_image_2025-10-18_12-41-44-015-1030x686.jpg\" alt=\"\" class=\"wp-image-45995\" srcset=\"https:\/\/www.sec.mk\/wp-content\/uploads\/2025\/10\/viber_image_2025-10-18_12-41-44-015-1030x686.jpg 1030w, https:\/\/www.sec.mk\/wp-content\/uploads\/2025\/10\/viber_image_2025-10-18_12-41-44-015-300x200.jpg 300w, https:\/\/www.sec.mk\/wp-content\/uploads\/2025\/10\/viber_image_2025-10-18_12-41-44-015-1536x1023.jpg 1536w, https:\/\/www.sec.mk\/wp-content\/uploads\/2025\/10\/viber_image_2025-10-18_12-41-44-015-1500x999.jpg 1500w, https:\/\/www.sec.mk\/wp-content\/uploads\/2025\/10\/viber_image_2025-10-18_12-41-44-015-705x470.jpg 705w, https:\/\/www.sec.mk\/wp-content\/uploads\/2025\/10\/viber_image_2025-10-18_12-41-44-015.jpg 1600w\" sizes=\"(max-width: 1030px) 100vw, 1030px\" \/><\/figure>\n\n\n\n<figure class=\"wp-block-image size-large\"><img decoding=\"async\" width=\"1030\" height=\"686\" data-id=\"46011\" src=\"https:\/\/www.sec.mk\/wp-content\/uploads\/2025\/10\/viber_image_2025-10-18_12-41-46-767-1030x686.jpg\" alt=\"\" class=\"wp-image-46011\" srcset=\"https:\/\/www.sec.mk\/wp-content\/uploads\/2025\/10\/viber_image_2025-10-18_12-41-46-767-1030x686.jpg 1030w, https:\/\/www.sec.mk\/wp-content\/uploads\/2025\/10\/viber_image_2025-10-18_12-41-46-767-300x200.jpg 300w, https:\/\/www.sec.mk\/wp-content\/uploads\/2025\/10\/viber_image_2025-10-18_12-41-46-767-1536x1023.jpg 1536w, https:\/\/www.sec.mk\/wp-content\/uploads\/2025\/10\/viber_image_2025-10-18_12-41-46-767-1500x999.jpg 1500w, https:\/\/www.sec.mk\/wp-content\/uploads\/2025\/10\/viber_image_2025-10-18_12-41-46-767-705x470.jpg 705w, https:\/\/www.sec.mk\/wp-content\/uploads\/2025\/10\/viber_image_2025-10-18_12-41-46-767.jpg 1600w\" sizes=\"(max-width: 1030px) 100vw, 1030px\" \/><\/figure>\n\n\n\n<figure class=\"wp-block-image size-large\"><img decoding=\"async\" width=\"1030\" height=\"686\" data-id=\"45993\" src=\"https:\/\/www.sec.mk\/wp-content\/uploads\/2025\/10\/viber_image_2025-10-18_12-41-44-953-1030x686.jpg\" alt=\"\" class=\"wp-image-45993\" srcset=\"https:\/\/www.sec.mk\/wp-content\/uploads\/2025\/10\/viber_image_2025-10-18_12-41-44-953-1030x686.jpg 1030w, https:\/\/www.sec.mk\/wp-content\/uploads\/2025\/10\/viber_image_2025-10-18_12-41-44-953-300x200.jpg 300w, https:\/\/www.sec.mk\/wp-content\/uploads\/2025\/10\/viber_image_2025-10-18_12-41-44-953-1536x1023.jpg 1536w, https:\/\/www.sec.mk\/wp-content\/uploads\/2025\/10\/viber_image_2025-10-18_12-41-44-953-1500x999.jpg 1500w, https:\/\/www.sec.mk\/wp-content\/uploads\/2025\/10\/viber_image_2025-10-18_12-41-44-953-705x470.jpg 705w, https:\/\/www.sec.mk\/wp-content\/uploads\/2025\/10\/viber_image_2025-10-18_12-41-44-953.jpg 1600w\" sizes=\"(max-width: 1030px) 100vw, 1030px\" \/><\/figure>\n\n\n\n<figure class=\"wp-block-image size-large\"><img decoding=\"async\" width=\"1030\" height=\"686\" data-id=\"46009\" src=\"https:\/\/www.sec.mk\/wp-content\/uploads\/2025\/10\/viber_image_2025-10-18_12-41-45-651-1030x686.jpg\" alt=\"\" class=\"wp-image-46009\" srcset=\"https:\/\/www.sec.mk\/wp-content\/uploads\/2025\/10\/viber_image_2025-10-18_12-41-45-651-1030x686.jpg 1030w, https:\/\/www.sec.mk\/wp-content\/uploads\/2025\/10\/viber_image_2025-10-18_12-41-45-651-300x200.jpg 300w, https:\/\/www.sec.mk\/wp-content\/uploads\/2025\/10\/viber_image_2025-10-18_12-41-45-651-1536x1023.jpg 1536w, https:\/\/www.sec.mk\/wp-content\/uploads\/2025\/10\/viber_image_2025-10-18_12-41-45-651-1500x999.jpg 1500w, https:\/\/www.sec.mk\/wp-content\/uploads\/2025\/10\/viber_image_2025-10-18_12-41-45-651-705x470.jpg 705w, https:\/\/www.sec.mk\/wp-content\/uploads\/2025\/10\/viber_image_2025-10-18_12-41-45-651.jpg 1600w\" sizes=\"(max-width: 1030px) 100vw, 1030px\" \/><\/figure>\n\n\n\n<figure class=\"wp-block-image size-large\"><img decoding=\"async\" width=\"1030\" height=\"686\" data-id=\"45991\" src=\"https:\/\/www.sec.mk\/wp-content\/uploads\/2025\/10\/viber_image_2025-10-18_12-41-46-545-1030x686.jpg\" alt=\"\" class=\"wp-image-45991\" srcset=\"https:\/\/www.sec.mk\/wp-content\/uploads\/2025\/10\/viber_image_2025-10-18_12-41-46-545-1030x686.jpg 1030w, https:\/\/www.sec.mk\/wp-content\/uploads\/2025\/10\/viber_image_2025-10-18_12-41-46-545-300x200.jpg 300w, https:\/\/www.sec.mk\/wp-content\/uploads\/2025\/10\/viber_image_2025-10-18_12-41-46-545-1536x1023.jpg 1536w, https:\/\/www.sec.mk\/wp-content\/uploads\/2025\/10\/viber_image_2025-10-18_12-41-46-545-1500x999.jpg 1500w, https:\/\/www.sec.mk\/wp-content\/uploads\/2025\/10\/viber_image_2025-10-18_12-41-46-545-705x470.jpg 705w, https:\/\/www.sec.mk\/wp-content\/uploads\/2025\/10\/viber_image_2025-10-18_12-41-46-545.jpg 1600w\" sizes=\"(max-width: 1030px) 100vw, 1030px\" \/><\/figure>\n\n\n\n<figure class=\"wp-block-image size-large\"><img decoding=\"async\" width=\"1030\" height=\"686\" data-id=\"45987\" src=\"https:\/\/www.sec.mk\/wp-content\/uploads\/2025\/10\/viber_image_2025-10-18_12-41-44-472-1030x686.jpg\" alt=\"\" class=\"wp-image-45987\" srcset=\"https:\/\/www.sec.mk\/wp-content\/uploads\/2025\/10\/viber_image_2025-10-18_12-41-44-472-1030x686.jpg 1030w, https:\/\/www.sec.mk\/wp-content\/uploads\/2025\/10\/viber_image_2025-10-18_12-41-44-472-300x200.jpg 300w, https:\/\/www.sec.mk\/wp-content\/uploads\/2025\/10\/viber_image_2025-10-18_12-41-44-472-1536x1023.jpg 1536w, https:\/\/www.sec.mk\/wp-content\/uploads\/2025\/10\/viber_image_2025-10-18_12-41-44-472-1500x999.jpg 1500w, https:\/\/www.sec.mk\/wp-content\/uploads\/2025\/10\/viber_image_2025-10-18_12-41-44-472-705x470.jpg 705w, https:\/\/www.sec.mk\/wp-content\/uploads\/2025\/10\/viber_image_2025-10-18_12-41-44-472.jpg 1600w\" sizes=\"(max-width: 1030px) 100vw, 1030px\" \/><\/figure>\n\n\n\n<figure class=\"wp-block-image size-large\"><img decoding=\"async\" width=\"1030\" height=\"686\" data-id=\"45985\" src=\"https:\/\/www.sec.mk\/wp-content\/uploads\/2025\/10\/viber_image_2025-10-18_12-41-43-480-1030x686.jpg\" alt=\"\" class=\"wp-image-45985\" srcset=\"https:\/\/www.sec.mk\/wp-content\/uploads\/2025\/10\/viber_image_2025-10-18_12-41-43-480-1030x686.jpg 1030w, https:\/\/www.sec.mk\/wp-content\/uploads\/2025\/10\/viber_image_2025-10-18_12-41-43-480-300x200.jpg 300w, https:\/\/www.sec.mk\/wp-content\/uploads\/2025\/10\/viber_image_2025-10-18_12-41-43-480-1536x1023.jpg 1536w, https:\/\/www.sec.mk\/wp-content\/uploads\/2025\/10\/viber_image_2025-10-18_12-41-43-480-1500x999.jpg 1500w, https:\/\/www.sec.mk\/wp-content\/uploads\/2025\/10\/viber_image_2025-10-18_12-41-43-480-705x470.jpg 705w, https:\/\/www.sec.mk\/wp-content\/uploads\/2025\/10\/viber_image_2025-10-18_12-41-43-480.jpg 1600w\" sizes=\"(max-width: 1030px) 100vw, 1030px\" \/><\/figure>\n\n\n\n<figure class=\"wp-block-image size-gallery\"><img decoding=\"async\" width=\"845\" height=\"684\" data-id=\"45986\" src=\"https:\/\/www.sec.mk\/wp-content\/uploads\/2025\/10\/viber_image_2025-10-18_12-41-43-766-845x684.jpg\" alt=\"\" class=\"wp-image-45986\" srcset=\"https:\/\/www.sec.mk\/wp-content\/uploads\/2025\/10\/viber_image_2025-10-18_12-41-43-766-845x684.jpg 845w, https:\/\/www.sec.mk\/wp-content\/uploads\/2025\/10\/viber_image_2025-10-18_12-41-43-766-495x400.jpg 495w\" sizes=\"(max-width: 845px) 100vw, 845px\" \/><\/figure>\n<\/figure>\n\n\n\n<p><\/p>\n\n\n\n<p><\/p>\n\n\n\n<p class=\"has-text-align-center\"><strong>KOMISIONI SHTET\u00cbROR I ZGJEDHJEVE<\/strong><\/p>\n\n\n\n<p><\/p>\n","protected":false},"excerpt":{"rendered":"<p>Sot, me 18 tetor 2025, Komisioni Shtet\u00ebror i Zgjedhjeve zhvilloi takim me p\u00ebrfaq\u00ebsues t\u00eb organizatave nd\u00ebrkomb\u00ebtare dhe komisioneve shtet\u00ebrore zgjedhore q\u00eb do t\u00eb v\u00ebzhgojn\u00eb realizimin e Zgjedhjeve Lokale 2025 n\u00eb [&hellip;]<\/p>\n","protected":false},"author":3,"featured_media":46010,"comment_status":"closed","ping_status":"closed","sticky":false,"template":"","format":"standard","meta":{"footnotes":""},"categories":[23,21],"tags":[],"class_list":["post-45982","post","type-post","status-publish","format-standard","has-post-thumbnail","hentry","category-njoftime","category-risi"],"yoast_head":"<!-- This site is optimized with the Yoast SEO plugin v26.2 - https:\/\/yoast.com\/wordpress\/plugins\/seo\/ -->\n<title>Takim i Komisionit Shtet\u00ebror Zgjedhor me delegacione nd\u00ebrkomb\u00ebtare p\u00ebr v\u00ebzhgimin e Zgjedhjeve Lokale 2025 - Komisioni Shtet\u00ebror i Zgjedhjeve<\/title>\n<meta name=\"description\" content=\"Sot, me 18 tetor 2025, Komisioni Shtet\u00ebror i Zgjedhjeve zhvilloi takim me p\u00ebrfaq\u00ebsues t\u00eb organizatave nd\u00ebrkomb\u00ebtare dhe komisioneve shtet\u00ebrore zgjedhore\" \/>\n<meta name=\"robots\" content=\"index, follow, max-snippet:-1, max-image-preview:large, max-video-preview:-1\" \/>\n<link rel=\"canonical\" href=\"https:\/\/www.sec.mk\/sq\/takim-i-komisionit-shteteror-zgjedhor-me-delegacione-nderkombetare-per-vezhgimin-e-zgjedhjeve-lokale-2025\/\" \/>\n<meta property=\"og:locale\" content=\"sq_AL\" \/>\n<meta property=\"og:type\" content=\"article\" \/>\n<meta property=\"og:title\" content=\"Takim i Komisionit Shtet\u00ebror Zgjedhor me delegacione nd\u00ebrkomb\u00ebtare p\u00ebr v\u00ebzhgimin e Zgjedhjeve Lokale 2025 - Komisioni Shtet\u00ebror i Zgjedhjeve\" \/>\n<meta property=\"og:description\" content=\"Sot, me 18 tetor 2025, Komisioni Shtet\u00ebror i Zgjedhjeve zhvilloi takim me p\u00ebrfaq\u00ebsues t\u00eb organizatave nd\u00ebrkomb\u00ebtare dhe komisioneve shtet\u00ebrore zgjedhore\" \/>\n<meta property=\"og:url\" content=\"https:\/\/www.sec.mk\/sq\/takim-i-komisionit-shteteror-zgjedhor-me-delegacione-nderkombetare-per-vezhgimin-e-zgjedhjeve-lokale-2025\/\" \/>\n<meta property=\"og:site_name\" content=\"Komisioni Shtet\u00ebror i Zgjedhjeve\" \/>\n<meta property=\"article:published_time\" content=\"2025-10-18T14:36:35+00:00\" \/>\n<meta property=\"article:modified_time\" content=\"2025-10-18T14:40:30+00:00\" \/>\n<meta property=\"og:image\" content=\"http:\/\/www.sec.mk\/wp-content\/uploads\/2025\/10\/viber_image_2025-10-18_12-41-45-651.jpg\" \/>\n\t<meta property=\"og:image:width\" content=\"1600\" \/>\n\t<meta property=\"og:image:height\" content=\"1066\" \/>\n\t<meta property=\"og:image:type\" content=\"image\/jpeg\" \/>\n<meta name=\"author\" content=\"katerina\" \/>\n<meta name=\"twitter:card\" content=\"summary_large_image\" \/>\n<meta name=\"twitter:label1\" content=\"Written by\" \/>\n\t<meta name=\"twitter:data1\" content=\"katerina\" \/>\n\t<meta name=\"twitter:label2\" content=\"Est. reading time\" \/>\n\t<meta name=\"twitter:data2\" content=\"5 minuta\" \/>\n<script type=\"application\/ld+json\" class=\"yoast-schema-graph\">{\"@context\":\"https:\/\/schema.org\",\"@graph\":[{\"@type\":\"WebPage\",\"@id\":\"https:\/\/www.sec.mk\/sq\/takim-i-komisionit-shteteror-zgjedhor-me-delegacione-nderkombetare-per-vezhgimin-e-zgjedhjeve-lokale-2025\/\",\"url\":\"https:\/\/www.sec.mk\/sq\/takim-i-komisionit-shteteror-zgjedhor-me-delegacione-nderkombetare-per-vezhgimin-e-zgjedhjeve-lokale-2025\/\",\"name\":\"Takim i Komisionit Shtet\u00ebror Zgjedhor me delegacione nd\u00ebrkomb\u00ebtare p\u00ebr v\u00ebzhgimin e Zgjedhjeve Lokale 2025 - Komisioni Shtet\u00ebror i Zgjedhjeve\",\"isPartOf\":{\"@id\":\"https:\/\/www.sec.mk\/#website\"},\"primaryImageOfPage\":{\"@id\":\"https:\/\/www.sec.mk\/sq\/takim-i-komisionit-shteteror-zgjedhor-me-delegacione-nderkombetare-per-vezhgimin-e-zgjedhjeve-lokale-2025\/#primaryimage\"},\"image\":{\"@id\":\"https:\/\/www.sec.mk\/sq\/takim-i-komisionit-shteteror-zgjedhor-me-delegacione-nderkombetare-per-vezhgimin-e-zgjedhjeve-lokale-2025\/#primaryimage\"},\"thumbnailUrl\":\"https:\/\/www.sec.mk\/wp-content\/uploads\/2025\/10\/viber_image_2025-10-18_12-41-45-651.jpg\",\"datePublished\":\"2025-10-18T14:36:35+00:00\",\"dateModified\":\"2025-10-18T14:40:30+00:00\",\"author\":{\"@id\":\"https:\/\/www.sec.mk\/#\/schema\/person\/180b99a95caa0823f543ccc771cbb595\"},\"description\":\"Sot, me 18 tetor 2025, Komisioni Shtet\u00ebror i Zgjedhjeve zhvilloi takim me p\u00ebrfaq\u00ebsues t\u00eb organizatave nd\u00ebrkomb\u00ebtare dhe komisioneve shtet\u00ebrore zgjedhore\",\"breadcrumb\":{\"@id\":\"https:\/\/www.sec.mk\/sq\/takim-i-komisionit-shteteror-zgjedhor-me-delegacione-nderkombetare-per-vezhgimin-e-zgjedhjeve-lokale-2025\/#breadcrumb\"},\"inLanguage\":\"sq\",\"potentialAction\":[{\"@type\":\"ReadAction\",\"target\":[\"https:\/\/www.sec.mk\/sq\/takim-i-komisionit-shteteror-zgjedhor-me-delegacione-nderkombetare-per-vezhgimin-e-zgjedhjeve-lokale-2025\/\"]}]},{\"@type\":\"ImageObject\",\"inLanguage\":\"sq\",\"@id\":\"https:\/\/www.sec.mk\/sq\/takim-i-komisionit-shteteror-zgjedhor-me-delegacione-nderkombetare-per-vezhgimin-e-zgjedhjeve-lokale-2025\/#primaryimage\",\"url\":\"https:\/\/www.sec.mk\/wp-content\/uploads\/2025\/10\/viber_image_2025-10-18_12-41-45-651.jpg\",\"contentUrl\":\"https:\/\/www.sec.mk\/wp-content\/uploads\/2025\/10\/viber_image_2025-10-18_12-41-45-651.jpg\",\"width\":1600,\"height\":1066},{\"@type\":\"BreadcrumbList\",\"@id\":\"https:\/\/www.sec.mk\/sq\/takim-i-komisionit-shteteror-zgjedhor-me-delegacione-nderkombetare-per-vezhgimin-e-zgjedhjeve-lokale-2025\/#breadcrumb\",\"itemListElement\":[{\"@type\":\"ListItem\",\"position\":1,\"name\":\"Home\",\"item\":\"https:\/\/www.sec.mk\/sq\/home-alb\/\"},{\"@type\":\"ListItem\",\"position\":2,\"name\":\"Takim i Komisionit Shtet\u00ebror Zgjedhor me delegacione nd\u00ebrkomb\u00ebtare p\u00ebr v\u00ebzhgimin e Zgjedhjeve Lokale 2025\"}]},{\"@type\":\"WebSite\",\"@id\":\"https:\/\/www.sec.mk\/#website\",\"url\":\"https:\/\/www.sec.mk\/\",\"name\":\"Komisioni Shtet\u00ebror i Zgjedhjeve\",\"description\":\"\",\"potentialAction\":[{\"@type\":\"SearchAction\",\"target\":{\"@type\":\"EntryPoint\",\"urlTemplate\":\"https:\/\/www.sec.mk\/?s={search_term_string}\"},\"query-input\":{\"@type\":\"PropertyValueSpecification\",\"valueRequired\":true,\"valueName\":\"search_term_string\"}}],\"inLanguage\":\"sq\"},{\"@type\":\"Person\",\"@id\":\"https:\/\/www.sec.mk\/#\/schema\/person\/180b99a95caa0823f543ccc771cbb595\",\"name\":\"katerina\",\"image\":{\"@type\":\"ImageObject\",\"inLanguage\":\"sq\",\"@id\":\"https:\/\/www.sec.mk\/#\/schema\/person\/image\/\",\"url\":\"https:\/\/secure.gravatar.com\/avatar\/5cfc365f3132e14b477e0c3cf8010efa73d2d91b0ee4adf8fa2429ddecf4a541?s=96&d=mm&r=g\",\"contentUrl\":\"https:\/\/secure.gravatar.com\/avatar\/5cfc365f3132e14b477e0c3cf8010efa73d2d91b0ee4adf8fa2429ddecf4a541?s=96&d=mm&r=g\",\"caption\":\"katerina\"}}]}<\/script>\n<!-- \/ Yoast SEO plugin. -->","yoast_head_json":{"title":"Takim i Komisionit Shtet\u00ebror Zgjedhor me delegacione nd\u00ebrkomb\u00ebtare p\u00ebr v\u00ebzhgimin e Zgjedhjeve Lokale 2025 - Komisioni Shtet\u00ebror i Zgjedhjeve","description":"Sot, me 18 tetor 2025, Komisioni Shtet\u00ebror i Zgjedhjeve zhvilloi takim me p\u00ebrfaq\u00ebsues t\u00eb organizatave nd\u00ebrkomb\u00ebtare dhe komisioneve shtet\u00ebrore zgjedhore","robots":{"index":"index","follow":"follow","max-snippet":"max-snippet:-1","max-image-preview":"max-image-preview:large","max-video-preview":"max-video-preview:-1"},"canonical":"https:\/\/www.sec.mk\/sq\/takim-i-komisionit-shteteror-zgjedhor-me-delegacione-nderkombetare-per-vezhgimin-e-zgjedhjeve-lokale-2025\/","og_locale":"sq_AL","og_type":"article","og_title":"Takim i Komisionit Shtet\u00ebror Zgjedhor me delegacione nd\u00ebrkomb\u00ebtare p\u00ebr v\u00ebzhgimin e Zgjedhjeve Lokale 2025 - Komisioni Shtet\u00ebror i Zgjedhjeve","og_description":"Sot, me 18 tetor 2025, Komisioni Shtet\u00ebror i Zgjedhjeve zhvilloi takim me p\u00ebrfaq\u00ebsues t\u00eb organizatave nd\u00ebrkomb\u00ebtare dhe komisioneve shtet\u00ebrore zgjedhore","og_url":"https:\/\/www.sec.mk\/sq\/takim-i-komisionit-shteteror-zgjedhor-me-delegacione-nderkombetare-per-vezhgimin-e-zgjedhjeve-lokale-2025\/","og_site_name":"Komisioni Shtet\u00ebror i Zgjedhjeve","article_published_time":"2025-10-18T14:36:35+00:00","article_modified_time":"2025-10-18T14:40:30+00:00","og_image":[{"width":1600,"height":1066,"url":"http:\/\/www.sec.mk\/wp-content\/uploads\/2025\/10\/viber_image_2025-10-18_12-41-45-651.jpg","type":"image\/jpeg"}],"author":"katerina","twitter_card":"summary_large_image","twitter_misc":{"Written by":"katerina","Est. reading time":"5 minuta"},"schema":{"@context":"https:\/\/schema.org","@graph":[{"@type":"WebPage","@id":"https:\/\/www.sec.mk\/sq\/takim-i-komisionit-shteteror-zgjedhor-me-delegacione-nderkombetare-per-vezhgimin-e-zgjedhjeve-lokale-2025\/","url":"https:\/\/www.sec.mk\/sq\/takim-i-komisionit-shteteror-zgjedhor-me-delegacione-nderkombetare-per-vezhgimin-e-zgjedhjeve-lokale-2025\/","name":"Takim i Komisionit Shtet\u00ebror Zgjedhor me delegacione nd\u00ebrkomb\u00ebtare p\u00ebr v\u00ebzhgimin e Zgjedhjeve Lokale 2025 - Komisioni Shtet\u00ebror i Zgjedhjeve","isPartOf":{"@id":"https:\/\/www.sec.mk\/#website"},"primaryImageOfPage":{"@id":"https:\/\/www.sec.mk\/sq\/takim-i-komisionit-shteteror-zgjedhor-me-delegacione-nderkombetare-per-vezhgimin-e-zgjedhjeve-lokale-2025\/#primaryimage"},"image":{"@id":"https:\/\/www.sec.mk\/sq\/takim-i-komisionit-shteteror-zgjedhor-me-delegacione-nderkombetare-per-vezhgimin-e-zgjedhjeve-lokale-2025\/#primaryimage"},"thumbnailUrl":"https:\/\/www.sec.mk\/wp-content\/uploads\/2025\/10\/viber_image_2025-10-18_12-41-45-651.jpg","datePublished":"2025-10-18T14:36:35+00:00","dateModified":"2025-10-18T14:40:30+00:00","author":{"@id":"https:\/\/www.sec.mk\/#\/schema\/person\/180b99a95caa0823f543ccc771cbb595"},"description":"Sot, me 18 tetor 2025, Komisioni Shtet\u00ebror i Zgjedhjeve zhvilloi takim me p\u00ebrfaq\u00ebsues t\u00eb organizatave nd\u00ebrkomb\u00ebtare dhe komisioneve shtet\u00ebrore zgjedhore","breadcrumb":{"@id":"https:\/\/www.sec.mk\/sq\/takim-i-komisionit-shteteror-zgjedhor-me-delegacione-nderkombetare-per-vezhgimin-e-zgjedhjeve-lokale-2025\/#breadcrumb"},"inLanguage":"sq","potentialAction":[{"@type":"ReadAction","target":["https:\/\/www.sec.mk\/sq\/takim-i-komisionit-shteteror-zgjedhor-me-delegacione-nderkombetare-per-vezhgimin-e-zgjedhjeve-lokale-2025\/"]}]},{"@type":"ImageObject","inLanguage":"sq","@id":"https:\/\/www.sec.mk\/sq\/takim-i-komisionit-shteteror-zgjedhor-me-delegacione-nderkombetare-per-vezhgimin-e-zgjedhjeve-lokale-2025\/#primaryimage","url":"https:\/\/www.sec.mk\/wp-content\/uploads\/2025\/10\/viber_image_2025-10-18_12-41-45-651.jpg","contentUrl":"https:\/\/www.sec.mk\/wp-content\/uploads\/2025\/10\/viber_image_2025-10-18_12-41-45-651.jpg","width":1600,"height":1066},{"@type":"BreadcrumbList","@id":"https:\/\/www.sec.mk\/sq\/takim-i-komisionit-shteteror-zgjedhor-me-delegacione-nderkombetare-per-vezhgimin-e-zgjedhjeve-lokale-2025\/#breadcrumb","itemListElement":[{"@type":"ListItem","position":1,"name":"Home","item":"https:\/\/www.sec.mk\/sq\/home-alb\/"},{"@type":"ListItem","position":2,"name":"Takim i Komisionit Shtet\u00ebror Zgjedhor me delegacione nd\u00ebrkomb\u00ebtare p\u00ebr v\u00ebzhgimin e Zgjedhjeve Lokale 2025"}]},{"@type":"WebSite","@id":"https:\/\/www.sec.mk\/#website","url":"https:\/\/www.sec.mk\/","name":"Komisioni Shtet\u00ebror i Zgjedhjeve","description":"","potentialAction":[{"@type":"SearchAction","target":{"@type":"EntryPoint","urlTemplate":"https:\/\/www.sec.mk\/?s={search_term_string}"},"query-input":{"@type":"PropertyValueSpecification","valueRequired":true,"valueName":"search_term_string"}}],"inLanguage":"sq"},{"@type":"Person","@id":"https:\/\/www.sec.mk\/#\/schema\/person\/180b99a95caa0823f543ccc771cbb595","name":"katerina","image":{"@type":"ImageObject","inLanguage":"sq","@id":"https:\/\/www.sec.mk\/#\/schema\/person\/image\/","url":"https:\/\/secure.gravatar.com\/avatar\/5cfc365f3132e14b477e0c3cf8010efa73d2d91b0ee4adf8fa2429ddecf4a541?s=96&d=mm&r=g","contentUrl":"https:\/\/secure.gravatar.com\/avatar\/5cfc365f3132e14b477e0c3cf8010efa73d2d91b0ee4adf8fa2429ddecf4a541?s=96&d=mm&r=g","caption":"katerina"}}]}},"_links":{"self":[{"href":"https:\/\/www.sec.mk\/sq\/wp-json\/wp\/v2\/posts\/45982","targetHints":{"allow":["GET"]}}],"collection":[{"href":"https:\/\/www.sec.mk\/sq\/wp-json\/wp\/v2\/posts"}],"about":[{"href":"https:\/\/www.sec.mk\/sq\/wp-json\/wp\/v2\/types\/post"}],"author":[{"embeddable":true,"href":"https:\/\/www.sec.mk\/sq\/wp-json\/wp\/v2\/users\/3"}],"replies":[{"embeddable":true,"href":"https:\/\/www.sec.mk\/sq\/wp-json\/wp\/v2\/comments?post=45982"}],"version-history":[{"count":4,"href":"https:\/\/www.sec.mk\/sq\/wp-json\/wp\/v2\/posts\/45982\/revisions"}],"predecessor-version":[{"id":46033,"href":"https:\/\/www.sec.mk\/sq\/wp-json\/wp\/v2\/posts\/45982\/revisions\/46033"}],"wp:featuredmedia":[{"embeddable":true,"href":"https:\/\/www.sec.mk\/sq\/wp-json\/wp\/v2\/media\/46010"}],"wp:attachment":[{"href":"https:\/\/www.sec.mk\/sq\/wp-json\/wp\/v2\/media?parent=45982"}],"wp:term":[{"taxonomy":"category","embeddable":true,"href":"https:\/\/www.sec.mk\/sq\/wp-json\/wp\/v2\/categories?post=45982"},{"taxonomy":"post_tag","embeddable":true,"href":"https:\/\/www.sec.mk\/sq\/wp-json\/wp\/v2\/tags?post=45982"}],"curies":[{"name":"wp","href":"https:\/\/api.w.org\/{rel}","templated":true}]}}