{"id":46043,"date":"2025-10-18T22:40:13","date_gmt":"2025-10-18T20:40:13","guid":{"rendered":"https:\/\/www.sec.mk\/?p=46043"},"modified":"2025-10-18T22:43:31","modified_gmt":"2025-10-18T20:43:31","slug":"njoftimi-per-media-5","status":"publish","type":"post","link":"https:\/\/www.sec.mk\/sq\/njoftimi-per-media-5\/","title":{"rendered":"Njoftimi p\u00ebr media"},"content":{"rendered":"\n<p>Sot, m\u00eb 18 tetor 2025, po zhvillohet procesi i votimit p\u00ebr personat e s\u00ebmur\u00eb dhe t\u00eb paaft\u00eb, personat q\u00eb jan\u00eb duke vuajtur d\u00ebnimin me burg ose ndodhen n\u00eb paraburgim, si dhe p\u00ebr personat q\u00eb jan\u00eb paraqitur p\u00ebr votim dhe jan\u00eb t\u00eb vendosur n\u00eb institucionet e p\u00ebrkujdesjes jasht\u00ebfamiljare.<\/p>\n\n\n\n<p>Nga gjithsej 8.848 persona t\u00eb s\u00ebmur\u00eb ose t\u00eb pafuqish\u00ebm q\u00eb kan\u00eb t\u00eb drejt\u00eb vote n\u00eb k\u00ebto zgjedhje lokale, deri n\u00eb or\u00ebn 20:30 t\u00eb drejt\u00ebn e tyre t\u00eb vot\u00ebs e kan\u00eb realizuar gjithsej 7935 votues.<\/p>\n\n\n\n<p>Nga gjithsej 2.162 persona q\u00eb jan\u00eb duke vuajtur d\u00ebnimin me burg ose ndodhen n\u00eb paraburgim, deri n\u00eb or\u00ebn 18:30 t\u00eb drejt\u00ebn e vot\u00ebs e kan\u00eb ushtruar 1400 votues.<\/p>\n\n\n\n<p>N\u00eb institucionet e p\u00ebrkujdesjes jasht\u00ebfamiljare, nga gjithsej 442 persona t\u00eb vendosur n\u00eb k\u00ebto institucione, deri n\u00eb or\u00ebn 18:30 kan\u00eb votuar 297 votues.<\/p>\n\n\n\n<p>Procesi i votimit p\u00ebr t\u00eb gjitha k\u00ebto kategori votuesish u zhvillua pa pengesa dhe pa asnj\u00eb parregullsi.<\/p>\n\n\n\n<p>KSHZ njofton se rezultatet e votimit t\u00eb personave t\u00eb s\u00ebmur\u00eb dhe t\u00eb pafuqish\u00ebm, t\u00eb t\u00eb burgosurve dhe t\u00eb personave t\u00eb vendosur n\u00eb sht\u00ebpit\u00eb e kujdesit p\u00ebr t\u00eb moshuarit, <strong>nuk publikohen ve\u00e7mas sot<\/strong>.<br>\u00c7do flet\u00ebvotim individual \u00ebsht\u00eb vendosur n\u00eb nj\u00eb zarf t\u00eb ve\u00e7ant\u00eb t\u00eb mbyllur dhe n\u00eb kutit\u00eb e votimit, dhe <strong>ato nuk hapen sot<\/strong>.<\/p>\n\n\n\n<p>Num\u00ebrimi i k\u00ebtyre votave dhe publikimi i rezultateve t\u00eb votimit t\u00eb sot\u00ebm <strong>b\u00ebhet s\u00eb bashku me rezultatet e p\u00ebrgjithshme t\u00eb votimit t\u00eb nes\u00ebrm pas or\u00ebs 19:00<\/strong>, p\u00ebr secilin vendvotim dhe p\u00ebr secil\u00ebn komun\u00eb.<\/p>\n\n\n\n<p class=\"has-text-align-center\"><strong>KOMISIONI SHTET\u00cbROR I ZGJEDHJEVE<\/strong><\/p>\n","protected":false},"excerpt":{"rendered":"<p>Sot, m\u00eb 18 tetor 2025, po zhvillohet procesi i votimit p\u00ebr personat e s\u00ebmur\u00eb dhe t\u00eb paaft\u00eb, personat q\u00eb jan\u00eb duke vuajtur d\u00ebnimin me burg ose ndodhen n\u00eb paraburgim, si [&hellip;]<\/p>\n","protected":false},"author":3,"featured_media":29937,"comment_status":"closed","ping_status":"closed","sticky":false,"template":"","format":"standard","meta":{"footnotes":""},"categories":[23,21],"tags":[],"class_list":["post-46043","post","type-post","status-publish","format-standard","has-post-thumbnail","hentry","category-njoftime","category-risi"],"yoast_head":"<!-- This site is optimized with the Yoast SEO plugin v26.2 - https:\/\/yoast.com\/wordpress\/plugins\/seo\/ -->\n<title>Njoftimi p\u00ebr media - Komisioni Shtet\u00ebror i Zgjedhjeve<\/title>\n<meta name=\"description\" content=\"Sot, m\u00eb 18 tetor 2025, po zhvillohet procesi i votimit p\u00ebr personat e s\u00ebmur\u00eb dhe t\u00eb paaft\u00eb, personat q\u00eb jan\u00eb duke vuajtur d\u00ebnimin me burg ose ndodhen n\u00eb\" \/>\n<meta name=\"robots\" content=\"index, follow, max-snippet:-1, max-image-preview:large, max-video-preview:-1\" \/>\n<link rel=\"canonical\" href=\"https:\/\/www.sec.mk\/sq\/njoftimi-per-media-5\/\" \/>\n<meta property=\"og:locale\" content=\"sq_AL\" \/>\n<meta property=\"og:type\" content=\"article\" \/>\n<meta property=\"og:title\" content=\"Njoftimi p\u00ebr media - Komisioni Shtet\u00ebror i Zgjedhjeve\" \/>\n<meta property=\"og:description\" content=\"Sot, m\u00eb 18 tetor 2025, po zhvillohet procesi i votimit p\u00ebr personat e s\u00ebmur\u00eb dhe t\u00eb paaft\u00eb, personat q\u00eb jan\u00eb duke vuajtur d\u00ebnimin me burg ose ndodhen n\u00eb\" \/>\n<meta property=\"og:url\" content=\"https:\/\/www.sec.mk\/sq\/njoftimi-per-media-5\/\" \/>\n<meta property=\"og:site_name\" content=\"Komisioni Shtet\u00ebror i Zgjedhjeve\" \/>\n<meta property=\"article:published_time\" content=\"2025-10-18T20:40:13+00:00\" \/>\n<meta property=\"article:modified_time\" content=\"2025-10-18T20:43:31+00:00\" \/>\n<meta property=\"og:image\" content=\"http:\/\/www.sec.mk\/wp-content\/uploads\/2021\/08\/post-logo-sec-1.jpg\" \/>\n\t<meta property=\"og:image:width\" content=\"600\" \/>\n\t<meta property=\"og:image:height\" content=\"449\" \/>\n\t<meta property=\"og:image:type\" content=\"image\/jpeg\" \/>\n<meta name=\"author\" content=\"katerina\" \/>\n<meta name=\"twitter:card\" content=\"summary_large_image\" \/>\n<meta name=\"twitter:label1\" content=\"Written by\" \/>\n\t<meta name=\"twitter:data1\" content=\"katerina\" \/>\n\t<meta name=\"twitter:label2\" content=\"Est. reading time\" \/>\n\t<meta name=\"twitter:data2\" content=\"2 minuta\" \/>\n<script type=\"application\/ld+json\" class=\"yoast-schema-graph\">{\"@context\":\"https:\/\/schema.org\",\"@graph\":[{\"@type\":\"WebPage\",\"@id\":\"https:\/\/www.sec.mk\/sq\/njoftimi-per-media-5\/\",\"url\":\"https:\/\/www.sec.mk\/sq\/njoftimi-per-media-5\/\",\"name\":\"Njoftimi p\u00ebr media - Komisioni Shtet\u00ebror i Zgjedhjeve\",\"isPartOf\":{\"@id\":\"https:\/\/www.sec.mk\/#website\"},\"primaryImageOfPage\":{\"@id\":\"https:\/\/www.sec.mk\/sq\/njoftimi-per-media-5\/#primaryimage\"},\"image\":{\"@id\":\"https:\/\/www.sec.mk\/sq\/njoftimi-per-media-5\/#primaryimage\"},\"thumbnailUrl\":\"https:\/\/www.sec.mk\/wp-content\/uploads\/2021\/08\/post-logo-sec-1.jpg\",\"datePublished\":\"2025-10-18T20:40:13+00:00\",\"dateModified\":\"2025-10-18T20:43:31+00:00\",\"author\":{\"@id\":\"https:\/\/www.sec.mk\/#\/schema\/person\/180b99a95caa0823f543ccc771cbb595\"},\"description\":\"Sot, m\u00eb 18 tetor 2025, po zhvillohet procesi i votimit p\u00ebr personat e s\u00ebmur\u00eb dhe t\u00eb paaft\u00eb, personat q\u00eb jan\u00eb duke vuajtur d\u00ebnimin me burg ose ndodhen n\u00eb\",\"breadcrumb\":{\"@id\":\"https:\/\/www.sec.mk\/sq\/njoftimi-per-media-5\/#breadcrumb\"},\"inLanguage\":\"sq\",\"potentialAction\":[{\"@type\":\"ReadAction\",\"target\":[\"https:\/\/www.sec.mk\/sq\/njoftimi-per-media-5\/\"]}]},{\"@type\":\"ImageObject\",\"inLanguage\":\"sq\",\"@id\":\"https:\/\/www.sec.mk\/sq\/njoftimi-per-media-5\/#primaryimage\",\"url\":\"https:\/\/www.sec.mk\/wp-content\/uploads\/2021\/08\/post-logo-sec-1.jpg\",\"contentUrl\":\"https:\/\/www.sec.mk\/wp-content\/uploads\/2021\/08\/post-logo-sec-1.jpg\",\"width\":600,\"height\":449,\"caption\":\"\u041b\u043e\u0433\u043e \u0414\u0418\u041a \u043d\u043e\u0432\u043e\u0441\u0442\u0438\"},{\"@type\":\"BreadcrumbList\",\"@id\":\"https:\/\/www.sec.mk\/sq\/njoftimi-per-media-5\/#breadcrumb\",\"itemListElement\":[{\"@type\":\"ListItem\",\"position\":1,\"name\":\"Home\",\"item\":\"https:\/\/www.sec.mk\/sq\/home-alb\/\"},{\"@type\":\"ListItem\",\"position\":2,\"name\":\"Njoftimi p\u00ebr media\"}]},{\"@type\":\"WebSite\",\"@id\":\"https:\/\/www.sec.mk\/#website\",\"url\":\"https:\/\/www.sec.mk\/\",\"name\":\"Komisioni Shtet\u00ebror i Zgjedhjeve\",\"description\":\"\",\"potentialAction\":[{\"@type\":\"SearchAction\",\"target\":{\"@type\":\"EntryPoint\",\"urlTemplate\":\"https:\/\/www.sec.mk\/?s={search_term_string}\"},\"query-input\":{\"@type\":\"PropertyValueSpecification\",\"valueRequired\":true,\"valueName\":\"search_term_string\"}}],\"inLanguage\":\"sq\"},{\"@type\":\"Person\",\"@id\":\"https:\/\/www.sec.mk\/#\/schema\/person\/180b99a95caa0823f543ccc771cbb595\",\"name\":\"katerina\",\"image\":{\"@type\":\"ImageObject\",\"inLanguage\":\"sq\",\"@id\":\"https:\/\/www.sec.mk\/#\/schema\/person\/image\/\",\"url\":\"https:\/\/secure.gravatar.com\/avatar\/5cfc365f3132e14b477e0c3cf8010efa73d2d91b0ee4adf8fa2429ddecf4a541?s=96&d=mm&r=g\",\"contentUrl\":\"https:\/\/secure.gravatar.com\/avatar\/5cfc365f3132e14b477e0c3cf8010efa73d2d91b0ee4adf8fa2429ddecf4a541?s=96&d=mm&r=g\",\"caption\":\"katerina\"}}]}<\/script>\n<!-- \/ Yoast SEO plugin. -->","yoast_head_json":{"title":"Njoftimi p\u00ebr media - Komisioni Shtet\u00ebror i Zgjedhjeve","description":"Sot, m\u00eb 18 tetor 2025, po zhvillohet procesi i votimit p\u00ebr personat e s\u00ebmur\u00eb dhe t\u00eb paaft\u00eb, personat q\u00eb jan\u00eb duke vuajtur d\u00ebnimin me burg ose ndodhen n\u00eb","robots":{"index":"index","follow":"follow","max-snippet":"max-snippet:-1","max-image-preview":"max-image-preview:large","max-video-preview":"max-video-preview:-1"},"canonical":"https:\/\/www.sec.mk\/sq\/njoftimi-per-media-5\/","og_locale":"sq_AL","og_type":"article","og_title":"Njoftimi p\u00ebr media - Komisioni Shtet\u00ebror i Zgjedhjeve","og_description":"Sot, m\u00eb 18 tetor 2025, po zhvillohet procesi i votimit p\u00ebr personat e s\u00ebmur\u00eb dhe t\u00eb paaft\u00eb, personat q\u00eb jan\u00eb duke vuajtur d\u00ebnimin me burg ose ndodhen n\u00eb","og_url":"https:\/\/www.sec.mk\/sq\/njoftimi-per-media-5\/","og_site_name":"Komisioni Shtet\u00ebror i Zgjedhjeve","article_published_time":"2025-10-18T20:40:13+00:00","article_modified_time":"2025-10-18T20:43:31+00:00","og_image":[{"width":600,"height":449,"url":"http:\/\/www.sec.mk\/wp-content\/uploads\/2021\/08\/post-logo-sec-1.jpg","type":"image\/jpeg"}],"author":"katerina","twitter_card":"summary_large_image","twitter_misc":{"Written by":"katerina","Est. reading time":"2 minuta"},"schema":{"@context":"https:\/\/schema.org","@graph":[{"@type":"WebPage","@id":"https:\/\/www.sec.mk\/sq\/njoftimi-per-media-5\/","url":"https:\/\/www.sec.mk\/sq\/njoftimi-per-media-5\/","name":"Njoftimi p\u00ebr media - Komisioni Shtet\u00ebror i Zgjedhjeve","isPartOf":{"@id":"https:\/\/www.sec.mk\/#website"},"primaryImageOfPage":{"@id":"https:\/\/www.sec.mk\/sq\/njoftimi-per-media-5\/#primaryimage"},"image":{"@id":"https:\/\/www.sec.mk\/sq\/njoftimi-per-media-5\/#primaryimage"},"thumbnailUrl":"https:\/\/www.sec.mk\/wp-content\/uploads\/2021\/08\/post-logo-sec-1.jpg","datePublished":"2025-10-18T20:40:13+00:00","dateModified":"2025-10-18T20:43:31+00:00","author":{"@id":"https:\/\/www.sec.mk\/#\/schema\/person\/180b99a95caa0823f543ccc771cbb595"},"description":"Sot, m\u00eb 18 tetor 2025, po zhvillohet procesi i votimit p\u00ebr personat e s\u00ebmur\u00eb dhe t\u00eb paaft\u00eb, personat q\u00eb jan\u00eb duke vuajtur d\u00ebnimin me burg ose ndodhen n\u00eb","breadcrumb":{"@id":"https:\/\/www.sec.mk\/sq\/njoftimi-per-media-5\/#breadcrumb"},"inLanguage":"sq","potentialAction":[{"@type":"ReadAction","target":["https:\/\/www.sec.mk\/sq\/njoftimi-per-media-5\/"]}]},{"@type":"ImageObject","inLanguage":"sq","@id":"https:\/\/www.sec.mk\/sq\/njoftimi-per-media-5\/#primaryimage","url":"https:\/\/www.sec.mk\/wp-content\/uploads\/2021\/08\/post-logo-sec-1.jpg","contentUrl":"https:\/\/www.sec.mk\/wp-content\/uploads\/2021\/08\/post-logo-sec-1.jpg","width":600,"height":449,"caption":"\u041b\u043e\u0433\u043e \u0414\u0418\u041a \u043d\u043e\u0432\u043e\u0441\u0442\u0438"},{"@type":"BreadcrumbList","@id":"https:\/\/www.sec.mk\/sq\/njoftimi-per-media-5\/#breadcrumb","itemListElement":[{"@type":"ListItem","position":1,"name":"Home","item":"https:\/\/www.sec.mk\/sq\/home-alb\/"},{"@type":"ListItem","position":2,"name":"Njoftimi p\u00ebr media"}]},{"@type":"WebSite","@id":"https:\/\/www.sec.mk\/#website","url":"https:\/\/www.sec.mk\/","name":"Komisioni Shtet\u00ebror i Zgjedhjeve","description":"","potentialAction":[{"@type":"SearchAction","target":{"@type":"EntryPoint","urlTemplate":"https:\/\/www.sec.mk\/?s={search_term_string}"},"query-input":{"@type":"PropertyValueSpecification","valueRequired":true,"valueName":"search_term_string"}}],"inLanguage":"sq"},{"@type":"Person","@id":"https:\/\/www.sec.mk\/#\/schema\/person\/180b99a95caa0823f543ccc771cbb595","name":"katerina","image":{"@type":"ImageObject","inLanguage":"sq","@id":"https:\/\/www.sec.mk\/#\/schema\/person\/image\/","url":"https:\/\/secure.gravatar.com\/avatar\/5cfc365f3132e14b477e0c3cf8010efa73d2d91b0ee4adf8fa2429ddecf4a541?s=96&d=mm&r=g","contentUrl":"https:\/\/secure.gravatar.com\/avatar\/5cfc365f3132e14b477e0c3cf8010efa73d2d91b0ee4adf8fa2429ddecf4a541?s=96&d=mm&r=g","caption":"katerina"}}]}},"_links":{"self":[{"href":"https:\/\/www.sec.mk\/sq\/wp-json\/wp\/v2\/posts\/46043","targetHints":{"allow":["GET"]}}],"collection":[{"href":"https:\/\/www.sec.mk\/sq\/wp-json\/wp\/v2\/posts"}],"about":[{"href":"https:\/\/www.sec.mk\/sq\/wp-json\/wp\/v2\/types\/post"}],"author":[{"embeddable":true,"href":"https:\/\/www.sec.mk\/sq\/wp-json\/wp\/v2\/users\/3"}],"replies":[{"embeddable":true,"href":"https:\/\/www.sec.mk\/sq\/wp-json\/wp\/v2\/comments?post=46043"}],"version-history":[{"count":4,"href":"https:\/\/www.sec.mk\/sq\/wp-json\/wp\/v2\/posts\/46043\/revisions"}],"predecessor-version":[{"id":46048,"href":"https:\/\/www.sec.mk\/sq\/wp-json\/wp\/v2\/posts\/46043\/revisions\/46048"}],"wp:featuredmedia":[{"embeddable":true,"href":"https:\/\/www.sec.mk\/sq\/wp-json\/wp\/v2\/media\/29937"}],"wp:attachment":[{"href":"https:\/\/www.sec.mk\/sq\/wp-json\/wp\/v2\/media?parent=46043"}],"wp:term":[{"taxonomy":"category","embeddable":true,"href":"https:\/\/www.sec.mk\/sq\/wp-json\/wp\/v2\/categories?post=46043"},{"taxonomy":"post_tag","embeddable":true,"href":"https:\/\/www.sec.mk\/sq\/wp-json\/wp\/v2\/tags?post=46043"}],"curies":[{"name":"wp","href":"https:\/\/api.w.org\/{rel}","templated":true}]}}