{"id":5850,"date":"2016-04-22T10:34:07","date_gmt":"2016-04-22T09:34:07","guid":{"rendered":"http:\/\/www.sec.mk\/?p=5850&#038;lang=sq"},"modified":"2016-04-22T10:35:05","modified_gmt":"2016-04-22T09:35:05","slug":"njoftim-per-media","status":"publish","type":"post","link":"https:\/\/www.sec.mk\/sq\/njoftim-per-media\/","title":{"rendered":"Komisioni shtet\u00ebror i zgjedhjeve informon se nga 13 mars 2016 \u2013 e diel n\u00eb ora 24:00, opsioni p\u00ebr paraqitjen\/parashtrimin e sh\u00ebnimeve jokonzistente n\u00eb List\u00ebn zgjedhore n\u00eb veb faqen e Komisionit shtet\u00ebror t\u00eb zgjedhjeve do t\u00eb mbyllet"},"content":{"rendered":"<p>Komisioni shtet\u00ebror i zgjedhjeve informon se nga 13 mars 2016 \u2013 e diel n\u00eb ora 24:00, opsioni p\u00ebr paraqitjen\/parashtrimin e sh\u00ebnimeve jokonzistente n\u00eb List\u00ebn zgjedhore n\u00eb veb faqen e Komisionit shtet\u00ebror t\u00eb zgjedhjeve do t\u00eb mbyllet. Kjo p\u00ebr arsye se p\u00ebr parashtrimet e arritura duhet koh\u00eb q\u00eb Komisioni shtet\u00ebror i zgjedhjeve n\u00eb m\u00ebnyr\u00eb p\u00ebrkat\u00ebse ti p\u00ebrpunoj\u00eb, ti krahasoj\u00eb me t\u00eb dh\u00ebnat nga kontrollet e kryq\u00ebzuara dhe t\u00eb caktoj\u00eb se cilat prej rasteve t\u00eb parashtruara duhen t\u00eb jen\u00eb l\u00ebnd\u00eb e kontrolleve n\u00eb terren.<!--more--><\/p>\n<p>Komisioni shtet\u00ebror i zgjedhjeve e informon opinionin se raportin p\u00ebr rezultatet e dala nga kontrollet e kryq\u00ebzuara, do ta shqyrtoj\u00eb n\u00eb seanc\u00eb\/mbledhje publike m\u00eb 16 mars 2016 \u2013 t\u00eb m\u00ebrkur\u00ebn. Menj\u00ebher\u00eb pastaj do t\u00eb fillojn\u00eb p\u00ebrgaditjet dhe aktivitetet p\u00ebr zbatimin e kontrolleve n\u00eb terren.<br \/>\nT\u00eb gjith\u00eb qytetar\u00ebt q\u00eb nuk kan\u00eb shfryt\u00ebzuar mund\u00ebsin\u00eb e parashtrimit t\u00eb parregullsive t\u00eb t\u00eb dh\u00ebnave n\u00eb List\u00ebn zgjedhore n\u00eb veb faqe, do mund ta b\u00ebjn\u00eb t\u00eb njejt\u00ebn edhe m\u00eb tej n\u00ebp\u00ebrmjet nj\u00ebsive rajonale dhe zyrave t\u00eb Komisionit shtet\u00ebror t\u00eb zgjedhjeve.<br \/>\nKomisioni shtet\u00ebror i zgjedhjeve me t\u00eb gjith\u00eb parashtrimet e arritura n\u00eb m\u00ebnyr\u00eb adekuate do t\u00eb veproj\u00eb, n\u00eb at\u00eb m\u00ebnyr\u00eb q\u00eb pjes\u00eb e lajm\u00ebrimeve t\u00eb qytetar\u00ebve do t\u00eb jen\u00eb l\u00ebnd\u00eb e kontrollit administrativ n\u00ebp\u00ebrmjet evidencave t\u00eb organeve kompetente, kurse parashtrimet e qytetar\u00ebve p\u00ebr gabime n\u00eb evidencat p\u00ebr vendbanimet, pas p\u00ebrcaktimit t\u00eb baz\u00ebs p\u00ebr t\u00eb njejtat, do t\u00eb veprohet pas kontrolleve t\u00eb kryq\u00ebzuara.<br \/>\nNga dita e shpalljes s\u00eb List\u00ebs zgjedhore n\u00eb veb faqe, me t\u00eb dh\u00ebna : emri, mbiemri dhe adresa e votuesit, n\u00eb pajtim me nenin 31 paragrafi 2 pika 28-g, deri m\u00eb sot, mund\u00ebsin\u00eb p\u00ebr parashtrimin e parregullsive t\u00eb t\u00eb dh\u00ebnave e kan\u00eb shfryt\u00ebzuar rreth 5000 qytetar\u00eb.<br \/>\nKomisioni shtet\u00ebror i zgjedhjeve falemnderon qytetar\u00ebt p\u00ebr mb\u00ebshtetjen dhe pjes\u00ebmarrjen aktive n\u00eb p\u00ebrpjekjet p\u00ebr pastrimin e List\u00ebs zgjedhore.<\/p>\n<p>KOMISIONI SHTET\u00cbROR I ZGJEDHJEVE<\/p>\n","protected":false},"excerpt":{"rendered":"<p>Komisioni shtet\u00ebror i zgjedhjeve informon se nga 13 mars 2016 \u2013 e diel n\u00eb ora 24:00, opsioni p\u00ebr paraqitjen\/parashtrimin e sh\u00ebnimeve jokonzistente n\u00eb List\u00ebn zgjedhore n\u00eb veb faqen e Komisionit [&hellip;]<\/p>\n","protected":false},"author":3,"featured_media":5681,"comment_status":"closed","ping_status":"closed","sticky":false,"template":"","format":"standard","meta":{"footnotes":""},"categories":[23,21],"tags":[],"class_list":["post-5850","post","type-post","status-publish","format-standard","has-post-thumbnail","hentry","category-njoftime","category-risi"],"yoast_head":"<!-- This site is optimized with the Yoast SEO plugin v26.2 - https:\/\/yoast.com\/wordpress\/plugins\/seo\/ -->\n<title>Komisioni shtet\u00ebror i zgjedhjeve informon se nga 13 mars 2016 \u2013 e diel n\u00eb ora 24:00, opsioni p\u00ebr paraqitjen\/parashtrimin e sh\u00ebnimeve jokonzistente n\u00eb List\u00ebn zgjedhore n\u00eb veb faqen e Komisionit shtet\u00ebror t\u00eb zgjedhjeve do t\u00eb mbyllet - Komisioni Shtet\u00ebror i Zgjedhjeve<\/title>\n<meta name=\"description\" content=\"Komisioni shtet\u00ebror i zgjedhjeve informon se nga 13 mars 2016 \u2013 e diel n\u00eb ora 24:00, opsioni p\u00ebr paraqitjen\/parashtrimin e sh\u00ebnimeve jokonzistente n\u00eb\" \/>\n<meta name=\"robots\" content=\"index, follow, max-snippet:-1, max-image-preview:large, max-video-preview:-1\" \/>\n<link rel=\"canonical\" href=\"https:\/\/www.sec.mk\/sq\/njoftim-per-media\/\" \/>\n<meta property=\"og:locale\" content=\"sq_AL\" \/>\n<meta property=\"og:type\" content=\"article\" \/>\n<meta property=\"og:title\" content=\"Komisioni shtet\u00ebror i zgjedhjeve informon se nga 13 mars 2016 \u2013 e diel n\u00eb ora 24:00, opsioni p\u00ebr paraqitjen\/parashtrimin e sh\u00ebnimeve jokonzistente n\u00eb List\u00ebn zgjedhore n\u00eb veb faqen e Komisionit shtet\u00ebror t\u00eb zgjedhjeve do t\u00eb mbyllet - Komisioni Shtet\u00ebror i Zgjedhjeve\" \/>\n<meta property=\"og:description\" content=\"Komisioni shtet\u00ebror i zgjedhjeve informon se nga 13 mars 2016 \u2013 e diel n\u00eb ora 24:00, opsioni p\u00ebr paraqitjen\/parashtrimin e sh\u00ebnimeve jokonzistente n\u00eb\" \/>\n<meta property=\"og:url\" content=\"https:\/\/www.sec.mk\/sq\/njoftim-per-media\/\" \/>\n<meta property=\"og:site_name\" content=\"Komisioni Shtet\u00ebror i Zgjedhjeve\" \/>\n<meta property=\"article:published_time\" content=\"2016-04-22T09:34:07+00:00\" \/>\n<meta property=\"article:modified_time\" content=\"2016-04-22T09:35:05+00:00\" \/>\n<meta property=\"og:image\" content=\"https:\/\/www.sec.mk\/wp-content\/uploads\/2016\/03\/izbiracki-spisok.png\" \/>\n\t<meta property=\"og:image:width\" content=\"862\" \/>\n\t<meta property=\"og:image:height\" content=\"547\" \/>\n\t<meta property=\"og:image:type\" content=\"image\/png\" \/>\n<meta name=\"author\" content=\"katerina\" \/>\n<meta name=\"twitter:card\" content=\"summary_large_image\" \/>\n<meta name=\"twitter:label1\" content=\"Written by\" \/>\n\t<meta name=\"twitter:data1\" content=\"katerina\" \/>\n\t<meta name=\"twitter:label2\" content=\"Est. reading time\" \/>\n\t<meta name=\"twitter:data2\" content=\"2 minuta\" \/>\n<script type=\"application\/ld+json\" class=\"yoast-schema-graph\">{\"@context\":\"https:\/\/schema.org\",\"@graph\":[{\"@type\":\"WebPage\",\"@id\":\"https:\/\/www.sec.mk\/sq\/njoftim-per-media\/\",\"url\":\"https:\/\/www.sec.mk\/sq\/njoftim-per-media\/\",\"name\":\"Komisioni shtet\u00ebror i zgjedhjeve informon se nga 13 mars 2016 \u2013 e diel n\u00eb ora 24:00, opsioni p\u00ebr paraqitjen\/parashtrimin e sh\u00ebnimeve jokonzistente n\u00eb List\u00ebn zgjedhore n\u00eb veb faqen e Komisionit shtet\u00ebror t\u00eb zgjedhjeve do t\u00eb mbyllet - Komisioni Shtet\u00ebror i Zgjedhjeve\",\"isPartOf\":{\"@id\":\"https:\/\/www.sec.mk\/#website\"},\"primaryImageOfPage\":{\"@id\":\"https:\/\/www.sec.mk\/sq\/njoftim-per-media\/#primaryimage\"},\"image\":{\"@id\":\"https:\/\/www.sec.mk\/sq\/njoftim-per-media\/#primaryimage\"},\"thumbnailUrl\":\"https:\/\/www.sec.mk\/wp-content\/uploads\/2016\/03\/izbiracki-spisok.png\",\"datePublished\":\"2016-04-22T09:34:07+00:00\",\"dateModified\":\"2016-04-22T09:35:05+00:00\",\"author\":{\"@id\":\"https:\/\/www.sec.mk\/#\/schema\/person\/180b99a95caa0823f543ccc771cbb595\"},\"description\":\"Komisioni shtet\u00ebror i zgjedhjeve informon se nga 13 mars 2016 \u2013 e diel n\u00eb ora 24:00, opsioni p\u00ebr paraqitjen\/parashtrimin e sh\u00ebnimeve jokonzistente n\u00eb\",\"breadcrumb\":{\"@id\":\"https:\/\/www.sec.mk\/sq\/njoftim-per-media\/#breadcrumb\"},\"inLanguage\":\"sq\",\"potentialAction\":[{\"@type\":\"ReadAction\",\"target\":[\"https:\/\/www.sec.mk\/sq\/njoftim-per-media\/\"]}]},{\"@type\":\"ImageObject\",\"inLanguage\":\"sq\",\"@id\":\"https:\/\/www.sec.mk\/sq\/njoftim-per-media\/#primaryimage\",\"url\":\"https:\/\/www.sec.mk\/wp-content\/uploads\/2016\/03\/izbiracki-spisok.png\",\"contentUrl\":\"https:\/\/www.sec.mk\/wp-content\/uploads\/2016\/03\/izbiracki-spisok.png\",\"width\":862,\"height\":547},{\"@type\":\"BreadcrumbList\",\"@id\":\"https:\/\/www.sec.mk\/sq\/njoftim-per-media\/#breadcrumb\",\"itemListElement\":[{\"@type\":\"ListItem\",\"position\":1,\"name\":\"Home\",\"item\":\"https:\/\/www.sec.mk\/sq\/home-alb\/\"},{\"@type\":\"ListItem\",\"position\":2,\"name\":\"Komisioni shtet\u00ebror i zgjedhjeve informon se nga 13 mars 2016 \u2013 e diel n\u00eb ora 24:00, opsioni p\u00ebr paraqitjen\/parashtrimin e sh\u00ebnimeve jokonzistente n\u00eb List\u00ebn zgjedhore n\u00eb veb faqen e Komisionit shtet\u00ebror t\u00eb zgjedhjeve do t\u00eb mbyllet\"}]},{\"@type\":\"WebSite\",\"@id\":\"https:\/\/www.sec.mk\/#website\",\"url\":\"https:\/\/www.sec.mk\/\",\"name\":\"Komisioni Shtet\u00ebror i Zgjedhjeve\",\"description\":\"\",\"potentialAction\":[{\"@type\":\"SearchAction\",\"target\":{\"@type\":\"EntryPoint\",\"urlTemplate\":\"https:\/\/www.sec.mk\/?s={search_term_string}\"},\"query-input\":{\"@type\":\"PropertyValueSpecification\",\"valueRequired\":true,\"valueName\":\"search_term_string\"}}],\"inLanguage\":\"sq\"},{\"@type\":\"Person\",\"@id\":\"https:\/\/www.sec.mk\/#\/schema\/person\/180b99a95caa0823f543ccc771cbb595\",\"name\":\"katerina\",\"image\":{\"@type\":\"ImageObject\",\"inLanguage\":\"sq\",\"@id\":\"https:\/\/www.sec.mk\/#\/schema\/person\/image\/\",\"url\":\"https:\/\/secure.gravatar.com\/avatar\/5cfc365f3132e14b477e0c3cf8010efa73d2d91b0ee4adf8fa2429ddecf4a541?s=96&d=mm&r=g\",\"contentUrl\":\"https:\/\/secure.gravatar.com\/avatar\/5cfc365f3132e14b477e0c3cf8010efa73d2d91b0ee4adf8fa2429ddecf4a541?s=96&d=mm&r=g\",\"caption\":\"katerina\"}}]}<\/script>\n<!-- \/ Yoast SEO plugin. -->","yoast_head_json":{"title":"Komisioni shtet\u00ebror i zgjedhjeve informon se nga 13 mars 2016 \u2013 e diel n\u00eb ora 24:00, opsioni p\u00ebr paraqitjen\/parashtrimin e sh\u00ebnimeve jokonzistente n\u00eb List\u00ebn zgjedhore n\u00eb veb faqen e Komisionit shtet\u00ebror t\u00eb zgjedhjeve do t\u00eb mbyllet - Komisioni Shtet\u00ebror i Zgjedhjeve","description":"Komisioni shtet\u00ebror i zgjedhjeve informon se nga 13 mars 2016 \u2013 e diel n\u00eb ora 24:00, opsioni p\u00ebr paraqitjen\/parashtrimin e sh\u00ebnimeve jokonzistente n\u00eb","robots":{"index":"index","follow":"follow","max-snippet":"max-snippet:-1","max-image-preview":"max-image-preview:large","max-video-preview":"max-video-preview:-1"},"canonical":"https:\/\/www.sec.mk\/sq\/njoftim-per-media\/","og_locale":"sq_AL","og_type":"article","og_title":"Komisioni shtet\u00ebror i zgjedhjeve informon se nga 13 mars 2016 \u2013 e diel n\u00eb ora 24:00, opsioni p\u00ebr paraqitjen\/parashtrimin e sh\u00ebnimeve jokonzistente n\u00eb List\u00ebn zgjedhore n\u00eb veb faqen e Komisionit shtet\u00ebror t\u00eb zgjedhjeve do t\u00eb mbyllet - Komisioni Shtet\u00ebror i Zgjedhjeve","og_description":"Komisioni shtet\u00ebror i zgjedhjeve informon se nga 13 mars 2016 \u2013 e diel n\u00eb ora 24:00, opsioni p\u00ebr paraqitjen\/parashtrimin e sh\u00ebnimeve jokonzistente n\u00eb","og_url":"https:\/\/www.sec.mk\/sq\/njoftim-per-media\/","og_site_name":"Komisioni Shtet\u00ebror i Zgjedhjeve","article_published_time":"2016-04-22T09:34:07+00:00","article_modified_time":"2016-04-22T09:35:05+00:00","og_image":[{"width":862,"height":547,"url":"https:\/\/www.sec.mk\/wp-content\/uploads\/2016\/03\/izbiracki-spisok.png","type":"image\/png"}],"author":"katerina","twitter_card":"summary_large_image","twitter_misc":{"Written by":"katerina","Est. reading time":"2 minuta"},"schema":{"@context":"https:\/\/schema.org","@graph":[{"@type":"WebPage","@id":"https:\/\/www.sec.mk\/sq\/njoftim-per-media\/","url":"https:\/\/www.sec.mk\/sq\/njoftim-per-media\/","name":"Komisioni shtet\u00ebror i zgjedhjeve informon se nga 13 mars 2016 \u2013 e diel n\u00eb ora 24:00, opsioni p\u00ebr paraqitjen\/parashtrimin e sh\u00ebnimeve jokonzistente n\u00eb List\u00ebn zgjedhore n\u00eb veb faqen e Komisionit shtet\u00ebror t\u00eb zgjedhjeve do t\u00eb mbyllet - Komisioni Shtet\u00ebror i Zgjedhjeve","isPartOf":{"@id":"https:\/\/www.sec.mk\/#website"},"primaryImageOfPage":{"@id":"https:\/\/www.sec.mk\/sq\/njoftim-per-media\/#primaryimage"},"image":{"@id":"https:\/\/www.sec.mk\/sq\/njoftim-per-media\/#primaryimage"},"thumbnailUrl":"https:\/\/www.sec.mk\/wp-content\/uploads\/2016\/03\/izbiracki-spisok.png","datePublished":"2016-04-22T09:34:07+00:00","dateModified":"2016-04-22T09:35:05+00:00","author":{"@id":"https:\/\/www.sec.mk\/#\/schema\/person\/180b99a95caa0823f543ccc771cbb595"},"description":"Komisioni shtet\u00ebror i zgjedhjeve informon se nga 13 mars 2016 \u2013 e diel n\u00eb ora 24:00, opsioni p\u00ebr paraqitjen\/parashtrimin e sh\u00ebnimeve jokonzistente n\u00eb","breadcrumb":{"@id":"https:\/\/www.sec.mk\/sq\/njoftim-per-media\/#breadcrumb"},"inLanguage":"sq","potentialAction":[{"@type":"ReadAction","target":["https:\/\/www.sec.mk\/sq\/njoftim-per-media\/"]}]},{"@type":"ImageObject","inLanguage":"sq","@id":"https:\/\/www.sec.mk\/sq\/njoftim-per-media\/#primaryimage","url":"https:\/\/www.sec.mk\/wp-content\/uploads\/2016\/03\/izbiracki-spisok.png","contentUrl":"https:\/\/www.sec.mk\/wp-content\/uploads\/2016\/03\/izbiracki-spisok.png","width":862,"height":547},{"@type":"BreadcrumbList","@id":"https:\/\/www.sec.mk\/sq\/njoftim-per-media\/#breadcrumb","itemListElement":[{"@type":"ListItem","position":1,"name":"Home","item":"https:\/\/www.sec.mk\/sq\/home-alb\/"},{"@type":"ListItem","position":2,"name":"Komisioni shtet\u00ebror i zgjedhjeve informon se nga 13 mars 2016 \u2013 e diel n\u00eb ora 24:00, opsioni p\u00ebr paraqitjen\/parashtrimin e sh\u00ebnimeve jokonzistente n\u00eb List\u00ebn zgjedhore n\u00eb veb faqen e Komisionit shtet\u00ebror t\u00eb zgjedhjeve do t\u00eb mbyllet"}]},{"@type":"WebSite","@id":"https:\/\/www.sec.mk\/#website","url":"https:\/\/www.sec.mk\/","name":"Komisioni Shtet\u00ebror i Zgjedhjeve","description":"","potentialAction":[{"@type":"SearchAction","target":{"@type":"EntryPoint","urlTemplate":"https:\/\/www.sec.mk\/?s={search_term_string}"},"query-input":{"@type":"PropertyValueSpecification","valueRequired":true,"valueName":"search_term_string"}}],"inLanguage":"sq"},{"@type":"Person","@id":"https:\/\/www.sec.mk\/#\/schema\/person\/180b99a95caa0823f543ccc771cbb595","name":"katerina","image":{"@type":"ImageObject","inLanguage":"sq","@id":"https:\/\/www.sec.mk\/#\/schema\/person\/image\/","url":"https:\/\/secure.gravatar.com\/avatar\/5cfc365f3132e14b477e0c3cf8010efa73d2d91b0ee4adf8fa2429ddecf4a541?s=96&d=mm&r=g","contentUrl":"https:\/\/secure.gravatar.com\/avatar\/5cfc365f3132e14b477e0c3cf8010efa73d2d91b0ee4adf8fa2429ddecf4a541?s=96&d=mm&r=g","caption":"katerina"}}]}},"_links":{"self":[{"href":"https:\/\/www.sec.mk\/sq\/wp-json\/wp\/v2\/posts\/5850","targetHints":{"allow":["GET"]}}],"collection":[{"href":"https:\/\/www.sec.mk\/sq\/wp-json\/wp\/v2\/posts"}],"about":[{"href":"https:\/\/www.sec.mk\/sq\/wp-json\/wp\/v2\/types\/post"}],"author":[{"embeddable":true,"href":"https:\/\/www.sec.mk\/sq\/wp-json\/wp\/v2\/users\/3"}],"replies":[{"embeddable":true,"href":"https:\/\/www.sec.mk\/sq\/wp-json\/wp\/v2\/comments?post=5850"}],"version-history":[{"count":0,"href":"https:\/\/www.sec.mk\/sq\/wp-json\/wp\/v2\/posts\/5850\/revisions"}],"wp:featuredmedia":[{"embeddable":true,"href":"https:\/\/www.sec.mk\/sq\/wp-json\/wp\/v2\/media\/5681"}],"wp:attachment":[{"href":"https:\/\/www.sec.mk\/sq\/wp-json\/wp\/v2\/media?parent=5850"}],"wp:term":[{"taxonomy":"category","embeddable":true,"href":"https:\/\/www.sec.mk\/sq\/wp-json\/wp\/v2\/categories?post=5850"},{"taxonomy":"post_tag","embeddable":true,"href":"https:\/\/www.sec.mk\/sq\/wp-json\/wp\/v2\/tags?post=5850"}],"curies":[{"name":"wp","href":"https:\/\/api.w.org\/{rel}","templated":true}]}}